{"id":17653,"date":"2023-10-11T00:12:00","date_gmt":"2023-10-11T00:12:00","guid":{"rendered":"https:\/\/www.iprofesional.com\/economia\/390563-ya-hay-que-ganar-este-dineral-para-no-ser-pobre-en-la-ciudad"},"modified":"2023-10-11T00:12:00","modified_gmt":"2023-10-11T00:12:00","slug":"la-canasta-basica-aumento-14-en-un-mes-cuanta-plata-se-necesita-hoy-para-no-ser-pobre-en-la-ciudad","status":"publish","type":"post","link":"https:\/\/latecordoba.com\/index.php\/2023\/10\/11\/la-canasta-basica-aumento-14-en-un-mes-cuanta-plata-se-necesita-hoy-para-no-ser-pobre-en-la-ciudad\/","title":{"rendered":"La canasta b\u00e1sica aument\u00f3 14% en un mes: cu\u00e1nta plata se necesita hoy para no ser pobre en la Ciudad"},"content":{"rendered":"\n<div class=\"media_block\"><img decoding=\"async\" src=\"http:\/\/latecordoba.com\/wp-content\/uploads\/2023\/10\/la-canasta-basica-aumento-14-en-un-mes-cuanta-plata-se-necesita-hoy-para-no-ser-pobre-en-la-ciudad.jpg\"><\/div>\n<p>A la par de <a href=\"https:\/\/www.iprofesional.com\/economia\/390362-mal-antecedente-esta-fue-la-inflacion-en-caba-en-septiembre\" target=\"_blank\" rel=\"noopener\">la escalada inflacionaria<\/a>, el encarecimiento del costo de vida no se detiene, por lo que <span>en septiembre una familia porte\u00f1a necesit\u00f3 m\u00e1s de <strong>$300.000 <\/strong>para no ser pobre<\/span> y m\u00e1s de $180.000 para no caer en la indigencia, de acuerdo a los datos aportados por la Direcci\u00f3n General de Estad\u00edsticas y Censos de la Ciudad de Buenos Aires.\n<\/p>\n<p>El organismo inform\u00f3 que la <strong>Canasta B\u00e1sica Total <\/strong>(<strong>CBT<\/strong>), que mide la <strong>l\u00ednea de pobreza<\/strong>, de una familia tipo (pareja con dos hijos, ambos econ\u00f3micamente activos, y propietarios de una vivienda) escal\u00f3 de $282.453 a $322.275 en el noveno mes del a\u00f1o, lo que implica un <strong>incremento del 14,1%<\/strong>.\n<\/p>\n<p>La devaluaci\u00f3n y la aceleraci\u00f3n de la inflaci\u00f3n tras las Primarias, Abiertas, Simult\u00e1neas y Obligatorias (PASO) propiciaron una suba de la CBT del 29,1% en los \u00faltimos dos meses (13,14% en agosto y el reciente 14,1% de septiembre).\n<\/p>\n<h2>La Canasta B\u00e1sica Alimentaria, cerca de los $160.000<\/h2>\n<p>Por su parte, la <strong>Canasta B\u00e1sica Alimentaria<\/strong> (<strong>CBA<\/strong>), encargada de fijar la <strong>l\u00ednea de indigencia<\/strong>, para una familia de id\u00e9nticas caracter\u00edsticas, pas\u00f3 de $158.669 a $185.044 en el mes pasado.\n<\/p>\n<p>Este salto signific\u00f3 un aumento del 16,6%, por lo que fue mayor al de la CBT.\n<\/p>\n<p>En el caso de una familia compuesta por dos adultos mayores inactivos y propietarios de una vivienda, en septiembre tuvieron que tener ingresos por $157.756 para no quebrar el umbral de la pobreza y $93.432 para no caer en la indigencia.\n<\/p>\n<p>Mientras que un hogar con un solo individuo propietario econ\u00f3micamente activo, necesit\u00f3 un ingreso de $60.670 para no ser indigente y de $108.890 para no ser pobre. Al sumar un integrante en las mismas condiciones, el monto necesario se eleva a $112.240 y $180.759 respectivamente.\n<\/p>\n<div class=\"imagen\" readability=\"7\"><img decoding=\"async\" loading=\"lazy\" class=\"lazyload\" src=\"http:\/\/latecordoba.com\/wp-content\/uploads\/2023\/10\/la-canasta-basica-aumento-14-en-un-mes-cuanta-plata-se-necesita-hoy-para-no-ser-pobre-en-la-ciudad-1.jpg\" alt=\"Los alimentos tuvieron fuertes subas en las \u00faltimas semanas.\" width=\"880\" height=\"495\"><\/p>\n<p>Los alimentos tuvieron fuertes subas en las \u00faltimas semanas.<\/p>\n<\/div>\n<p>En tanto que un hogar compuesto por una pareja activa, pero no propietaria, tuvo que tener en septiembre ingresos por al menos $112.24 para no caer en la indigencia y de $220.429 para no ser considerado pobre.\n<\/p>\n<p>Las cifras del ente porte\u00f1o reflejaron que en relaci\u00f3n al a\u00f1o pasado, la l\u00ednea de indigencia para una familia tipo tuvo un incremento del 163,5% ($185.044 versus $70.234 de septiembre 2022) y la l\u00ednea de pobreza se encareci\u00f3 un 150,1% ($128.838 a $ 322.275). Ambos casos representan un aumento superior a la inflaci\u00f3n promedio interanual que alcanz\u00f3 el 140,9%.\n<\/p>\n<h2>Precios: \u00bfde cu\u00e1nto fue la inflaci\u00f3n en septiembre?<\/h2>\n<p>La <strong><a href=\"https:\/\/www.iprofesional.com\/economia\/389653-que-inflacion-espera-la-poblacion-para-los-proximos-doce-meses\" target=\"_blank\" rel=\"noopener\">inflaci\u00f3n<\/a> de septiembre<\/strong> exhibi\u00f3 nuevamente un registro elevado y super\u00f3 por segundo mes consecutivo los dos d\u00edgitos, alcanzando un incremento mensual del <strong>11%<\/strong> y trepando al <strong>142,1% interanual<\/strong>, de acuerdo al relevamiento de precios minoristas elaborado por C&amp;T.\n<\/p>\n<p>El dato implica una merma con respecto a la medici\u00f3n de la consultora de agosto, que se hab\u00eda ubicado en el 11,5%, y del indicador oficial del Instituto Nacional de Estad\u00edstica y Censos (INDEC), que escal\u00f3 hasta el 12,4%. Al mismo tiempo, super\u00f3 largamente el 6,3% de septiembre de 2022, llevando la variaci\u00f3n interanual al 142,1%, la mayor desde agosto de 1991.\n<\/p>\n<p>En el an\u00e1lisis de C&amp;T se explic\u00f3 que &#8220;<span>la fuerte variaci\u00f3n mensual estuvo muy influida por el arrastre que dej\u00f3 el aumento de precios generalizado que tuvo lugar en la segunda quincena de agosto, luego del salto de los tipos de cambio post-elecciones<\/span>&#8220;.\n<\/p>\n<p>Asimismo, indicaron que &#8220;en el comportamiento semanal se detect\u00f3 una moderaci\u00f3n a lo largo del mes, reflejando que hubo un reacomodamiento puntual a la modificaci\u00f3n de los tipos de cambio&#8221;, por lo que consideraron que &#8220;esto favorece que octubre arranque con un menor nivel de inflaci\u00f3n&#8221;.\n<\/p>\n<h2>Precios: los principales aumentos de septiembre<\/h2>\n<p>El indicador privado revel\u00f3 que &#8220;el mayor incremento se dio en <strong>indumentaria<\/strong>, un comportamiento estacional habitual debido al cambio de temporada&#8221;, mientras que reflej\u00f3 que &#8220;le sigui\u00f3 <a href=\"https:\/\/www.iprofesional.com\/economia\/389623-acelera-la-inflacion-en-alimentos-pone-en-riesgo-plan-de-massa\" target=\"_blank\" rel=\"noopener\"><strong>alimentos y bebidas<\/strong>, que aument\u00f3 13%<\/a>&#8220;. Con respecto a este rubro, el informe aport\u00f3 que &#8220;<span>hubo una sensible moderaci\u00f3n a lo largo del mes, principalmente por bajas en las verduras y, en menor medida, en algunas carnes<\/span>&#8220;, aclarando que &#8220;as\u00ed y todo, los incrementos mensuales siguieron siendo muy elevados por el arrastre del mes previo (por caso, 17% en carnes y 10% en panificados)&#8221;.\n<\/p>\n<p>Con respecto a los otros sectores, el estudio detall\u00f3 que &#8220;<strong>educaci\u00f3n <\/strong>creci\u00f3 algo menos fundamentalmente por los aumentos en colegios, aunque los \u00fatiles treparon 18%&#8221;, en tanto que &#8220;en <strong>transporte y comunicaciones<\/strong> se destacaron los mayores precios de los autos y sus seguros correspondientes&#8221;, recordando que &#8220;en transporte el alza estuvo contenida por el congelamiento de tarifas de colectivos que dispuso Massa como parte de las medidas de las \u00faltimas semanas&#8221;.\n<\/p>\n<div class=\"imagen\" readability=\"8\"><img decoding=\"async\" loading=\"lazy\" class=\"lazyload\" src=\"http:\/\/latecordoba.com\/wp-content\/uploads\/2023\/10\/la-canasta-basica-aumento-14-en-un-mes-cuanta-plata-se-necesita-hoy-para-no-ser-pobre-en-la-ciudad-2.jpg\" alt=\"Septiembre, un mes con fuertes aumentos de precios.\" width=\"880\" height=\"495\"><\/p>\n<p>Septiembre, un mes con fuertes aumentos de precios.<\/p>\n<\/div>\n<p>Por otro lado, desde la consultora precisaron que &#8220;<strong>Salud <\/strong>se movi\u00f3 al ritmo de las prepagas y los medicamentos, con un incremento total de casi 9%&#8221;, mientras que &#8220;en vivienda, a la sostenida suba de los alquileres, se sumaron el ajuste salarial para los encargados de edificio y el bono complementario autorizado&#8221;.\n<\/p>\n<p>El INDEC dar\u00e1 a conocer el IPC de septiembre el pr\u00f3ximo 12 de octubre, en lo que ser\u00e1 el \u00faltimo dato de inflaci\u00f3n antes de las elecciones generales del 22 del mismo mes.<\/p>\n","protected":false},"excerpt":{"rendered":"\n<div class=\"media_block\"><img decoding=\"async\" src=\"http:\/\/latecordoba.com\/wp-content\/uploads\/2023\/10\/la-canasta-basica-aumento-14-en-un-mes-cuanta-plata-se-necesita-hoy-para-no-ser-pobre-en-la-ciudad.jpg\"><\/div>\n<p> En medio de una nueva corrida del d\u00f3lar, se dieron a conocer alarmantes datos oficiales sobre el nivel de ingreso necesario para no ser pobre <iframe width=\"0\" height=\"0\" border=\"0\"> <script> (function(i,s,o,g,r,a,m){i['GoogleAnalyticsObject']=r;i[r]=i[r]||function(){ (i[r].q=i[r].q||[]).push(arguments)},i[r].l=1*new Date();a=s.createElement(o), m=s.getElementsByTagName(o)[0];a.async=1;a.src=g;m.parentNode.insertBefore(a,m) })(window,document,'script','https:\/\/www.google-analytics.com\/analytics.js','ga'); ga('create', 'GTM-5LW5KQD', 'auto'); ga('require', 'displayfeatures'); ga('set', 'campaignSource', 'RSS Client for iProfesional'); ga('set', 'campaignMedium', 'RSS Client for iProfesional'); ga('set', {\"dataSource\": \"rss.atom.iprofesional.com\"}); ga('set', {\"referrer\": \"rss.atom.iprofesional.com\"}); ga('set', 'title', 'RSS Client for iProfesional'); ga('send', 'pageview'); <\/script> <!-- Begin comScore Tag --> <script> var _comscore = _comscore || []; _comscore.push({ c1: \"2\", c2: \"16597048\" }); (function() { var s = document.createElement(\"script\"), el = document.getElementsByTagName(\"script\")[0]; s.async = true; s.src = \"https:\/\/sb.scorecardresearch.com\/cs\/16597048\/beacon.js\"; el.parentNode.insertBefore(s, el); })(); <\/script> <noscript> <img decoding=\"async\" src=\"http:\/\/latecordoba.com\/wp-content\/uploads\/2023\/10\/la-canasta-basica-aumento-14-en-un-mes-cuanta-plata-se-necesita-hoy-para-no-ser-pobre-en-la-ciudad.gif\"> <\/noscript> <!-- End comScore Tag --> <\/iframe> <iframe border=\"0px\" style=\"display: none\" width=0 height=0 src=\"https:\/\/www.iprofesional.com\/ga4.html?gtag_id=G-N13KWJP8BK&amp;title=La canasta b\u00e1sica aument\u00f3 14% en un mes: cu\u00e1nta plata se necesita hoy para no ser pobre en la Ciudad&amp;location=https:\/\/www.iprofesional.com\/economia\/390563-ya-hay-que-ganar-este-dineral-para-no-ser-pobre-en-la-ciudad&amp;referrer=rss.atom.iprofesional.com&amp;ci=RSS Client for iProfesional&amp;cs=RSS Client for iProfesional&amp;cm=RSS&amp;cn=RSS Client for iProfesional&amp;cc=RSS Client for iProfesional\"><\/iframe>  <\/p>\n","protected":false},"author":1,"featured_media":17654,"comment_status":"closed","ping_status":"closed","sticky":false,"template":"","format":"standard","meta":[],"categories":[18],"tags":[],"_links":{"self":[{"href":"https:\/\/latecordoba.com\/index.php\/wp-json\/wp\/v2\/posts\/17653"}],"collection":[{"href":"https:\/\/latecordoba.com\/index.php\/wp-json\/wp\/v2\/posts"}],"about":[{"href":"https:\/\/latecordoba.com\/index.php\/wp-json\/wp\/v2\/types\/post"}],"author":[{"embeddable":true,"href":"https:\/\/latecordoba.com\/index.php\/wp-json\/wp\/v2\/users\/1"}],"replies":[{"embeddable":true,"href":"https:\/\/latecordoba.com\/index.php\/wp-json\/wp\/v2\/comments?post=17653"}],"version-history":[{"count":0,"href":"https:\/\/latecordoba.com\/index.php\/wp-json\/wp\/v2\/posts\/17653\/revisions"}],"wp:featuredmedia":[{"embeddable":true,"href":"https:\/\/latecordoba.com\/index.php\/wp-json\/wp\/v2\/media\/17654"}],"wp:attachment":[{"href":"https:\/\/latecordoba.com\/index.php\/wp-json\/wp\/v2\/media?parent=17653"}],"wp:term":[{"taxonomy":"category","embeddable":true,"href":"https:\/\/latecordoba.com\/index.php\/wp-json\/wp\/v2\/categories?post=17653"},{"taxonomy":"post_tag","embeddable":true,"href":"https:\/\/latecordoba.com\/index.php\/wp-json\/wp\/v2\/tags?post=17653"}],"curies":[{"name":"wp","href":"https:\/\/api.w.org\/{rel}","templated":true}]}}