{"id":1756,"date":"2023-02-13T22:52:35","date_gmt":"2023-02-13T22:52:35","guid":{"rendered":"https:\/\/ar.marca.com\/claro\/futbol\/primera-division\/2023\/02\/13\/63eabae846163fe2ba8b456d.html"},"modified":"2023-02-13T22:52:35","modified_gmt":"2023-02-13T22:52:35","slug":"barracas-central-igualo-con-union-que-llega-sin-triunfos-al-clasico-del-domingo-ante-colon","status":"publish","type":"post","link":"https:\/\/latecordoba.com\/index.php\/2023\/02\/13\/barracas-central-igualo-con-union-que-llega-sin-triunfos-al-clasico-del-domingo-ante-colon\/","title":{"rendered":"Barracas Central igual\u00f3 con Uni\u00f3n, que llega sin triunfos al cl\u00e1sico del domingo ante Col\u00f3n"},"content":{"rendered":"\n<div class=\"media_block\"><a href=\"https:\/\/e00-ar-marca.uecdn.es\/claro\/assets\/multimedia\/imagenes\/2023\/02\/13\/16763282116267.jpg\"><img decoding=\"async\" src=\"http:\/\/latecordoba.com\/wp-content\/uploads\/2023\/03\/barracas-central-igualo-con-union-que-llega-sin-triunfos-al-clasico-del-domingo-ante-colon.jpg\" class=\"media_thumbnail\"><\/a><\/div>\n<div class=\"wp-block-clarosports-sponsored-headband clarosports-front-sponsored-headband has-white-color has-text-color has-background has-medium-font-size\"><span>Notas de hoy<\/span><\/div>\n<hr class=\"wp-block-separator aligncenter has-text-color has-alpha-channel-opacity has-background is-style-dots\">\n<h2 class=\"has-text-color has-large-font-size\">F\u00fatbol <\/h2>\n<hr class=\"wp-block-separator aligncenter has-text-color has-alpha-channel-opacity has-background is-style-dots\">\n<h2 class=\"has-text-color has-large-font-size\">Liga MX<\/h2>\n<hr class=\"wp-block-separator aligncenter has-text-color has-alpha-channel-opacity has-background is-style-dots\">\n<h2 class=\"has-text-color\">Trending<\/h2>\n","protected":false},"excerpt":{"rendered":"\n<div class=\"media_block\"><a href=\"https:\/\/e00-ar-marca.uecdn.es\/claro\/assets\/multimedia\/imagenes\/2023\/02\/13\/16763282116267.jpg\"><img decoding=\"async\" src=\"http:\/\/latecordoba.com\/wp-content\/uploads\/2023\/03\/barracas-central-igualo-con-union-que-llega-sin-triunfos-al-clasico-del-domingo-ante-colon.jpg\" class=\"media_thumbnail\"><\/a><\/div>\n<p>&nbsp;<a href=\"https:\/\/ar.marca.com\/claro\/futbol\/primera-division\/2023\/02\/13\/63eabae846163fe2ba8b456d.html\"> Leer <\/a><img decoding=\"async\" src=\"http:\/\/latecordoba.com\/wp-content\/uploads\/2023\/03\/barracas-central-igualo-con-union-que-llega-sin-triunfos-al-clasico-del-domingo-ante-colon.gif\" alt=\"\"\/> <\/p>\n","protected":false},"author":1,"featured_media":1757,"comment_status":"closed","ping_status":"closed","sticky":false,"template":"","format":"standard","meta":[],"categories":[17],"tags":[],"_links":{"self":[{"href":"https:\/\/latecordoba.com\/index.php\/wp-json\/wp\/v2\/posts\/1756"}],"collection":[{"href":"https:\/\/latecordoba.com\/index.php\/wp-json\/wp\/v2\/posts"}],"about":[{"href":"https:\/\/latecordoba.com\/index.php\/wp-json\/wp\/v2\/types\/post"}],"author":[{"embeddable":true,"href":"https:\/\/latecordoba.com\/index.php\/wp-json\/wp\/v2\/users\/1"}],"replies":[{"embeddable":true,"href":"https:\/\/latecordoba.com\/index.php\/wp-json\/wp\/v2\/comments?post=1756"}],"version-history":[{"count":0,"href":"https:\/\/latecordoba.com\/index.php\/wp-json\/wp\/v2\/posts\/1756\/revisions"}],"wp:featuredmedia":[{"embeddable":true,"href":"https:\/\/latecordoba.com\/index.php\/wp-json\/wp\/v2\/media\/1757"}],"wp:attachment":[{"href":"https:\/\/latecordoba.com\/index.php\/wp-json\/wp\/v2\/media?parent=1756"}],"wp:term":[{"taxonomy":"category","embeddable":true,"href":"https:\/\/latecordoba.com\/index.php\/wp-json\/wp\/v2\/categories?post=1756"},{"taxonomy":"post_tag","embeddable":true,"href":"https:\/\/latecordoba.com\/index.php\/wp-json\/wp\/v2\/tags?post=1756"}],"curies":[{"name":"wp","href":"https:\/\/api.w.org\/{rel}","templated":true}]}}