{"id":1746,"date":"2023-02-28T09:08:27","date_gmt":"2023-02-28T09:08:27","guid":{"rendered":"https:\/\/www.puntal.com.ar\/gran-hermano\/gladys-fue-eliminada-y-el-liderazgo-queda-valentina-y-rodolfo-n185616"},"modified":"2023-02-28T09:08:27","modified_gmt":"2023-02-28T09:08:27","slug":"gladys-fue-eliminada-y-el-liderazgo-queda-entre-valentina-y-rodolfo","status":"publish","type":"post","link":"https:\/\/latecordoba.com\/index.php\/2023\/02\/28\/gladys-fue-eliminada-y-el-liderazgo-queda-entre-valentina-y-rodolfo\/","title":{"rendered":"Gladys fue eliminada y el liderazgo queda entre Valentina y Rodolfo"},"content":{"rendered":"\n<div><img decoding=\"async\" src=\"http:\/\/latecordoba.com\/wp-content\/uploads\/2023\/03\/gladys-fue-eliminada-y-el-liderazgo-queda-entre-valentina-y-rodolfo.jpg\" class=\"ff-og-image-inserted\"><\/div>\n<div class=\"cuerpo\" data-twitter-link readability=\"48\">\n<p> Al comienzo de la gala de eliminaci\u00f3n de esta noche, la votaci\u00f3n era entre Valentina, la hermana de Marcos; Gladys, la mam\u00e1 de La Tora; y Rodo, el pap\u00e1 de Nacho. Los d\u00edas previos se hab\u00edan marchado Fabi\u00e1n, el sobrino de Romina; Flor, la hermana de Camila Lattanzio; y la propia Camilia, familiar de Julieta. <\/p>\n<p>De ese modo, el conductor del programa, Santiago del Moro, procedi\u00f3 a realizar su habitual costumbre: primero dio a conocer al participante que menos votos negativos recibi\u00f3.<\/p>\n<p>Esa misma fue Valentina, que, desde el comienzo del ciclo, ya supo que continuar\u00eda en la casa. Luego, con el paso del tiempo, el presentador anunci\u00f3 que Rodo fue el segundo que menos votos obtuvo, por lo que Gladys debi\u00f3 irse.<\/p>\n<p>La madre de La Tora, que hab\u00eda discutido en las \u00faltimas horas con su hija, ya que esta no estaba de acuerdo con su participaci\u00f3n en ciertos temas que se planteaban en la casa, se despidi\u00f3 de los presentes que se mostraron emocionados. <\/p>\n<div contenteditable=\"false\" class=\"embed_cont type_freetext\" rel=\"freetext\" id=\"embed7734_wrap\" data-provider=\"YouTube\" readability=\"34\">\n<p> Gladys, la mam\u00e1 de la Tora Lucila, fue eliminada de Gran Hermano 2022<span onclick=\"parent.parent.TinyMCETdcuerpo.preview_embed('embed7734')\" class=\"embed_colapse less\" id=\"embed7734_colapse\"><\/span><span onclick=\"parent.parent.TinyMCETdcuerpo.delete_embed('embed7734')\" class=\"embed_delete less\" id=\"embed7734_delete\"><\/span><\/p>\n<div id=\"embed7734_content\" class=\"embed_content\">\n<p> <iframe loading=\"lazy\" width=\"200\" height=\"113\" src=\"https:\/\/www.youtube.com\/embed\/7w1k9YV4NzM?feature=oembed\" frameborder=\"0\" allow=\"accelerometer; autoplay; clipboard-write; encrypted-media; gyroscope; picture-in-picture; web-share\" allowfullscreen title=\"Gladys, la mam\u00e1 de la Tora Lucila, fue eliminada de Gran Hermano 2022\">[embedded content]<\/iframe><\/p>\n<\/p><\/div>\n<\/p><\/div>\n<p><strong>Cu\u00e1ndo se conocer\u00e1 al l\u00edder de la semana <\/strong><\/p>\n<p>Este martes se conocer\u00e1 al l\u00edder de la semana de Gran Hermano 2022. Ser\u00e1 luego que se conozca el resultado de la votaci\u00f3n entre Rodo y Valentina. El ganador le dar\u00e1 la inmunidad a su familiar y la posibilidad de salvar a uno de los participantes que est\u00e9n en la placa.<\/p>\n<\/div>\n","protected":false},"excerpt":{"rendered":"<p>\nQuedaron dos seres queridos de los participantes tras la partida de la mam\u00e1 de &#8220;La Tora&#8221; por decisi\u00f3n de la gente.  <\/p>\n","protected":false},"author":1,"featured_media":1747,"comment_status":"closed","ping_status":"closed","sticky":false,"template":"","format":"standard","meta":[],"categories":[14],"tags":[],"_links":{"self":[{"href":"https:\/\/latecordoba.com\/index.php\/wp-json\/wp\/v2\/posts\/1746"}],"collection":[{"href":"https:\/\/latecordoba.com\/index.php\/wp-json\/wp\/v2\/posts"}],"about":[{"href":"https:\/\/latecordoba.com\/index.php\/wp-json\/wp\/v2\/types\/post"}],"author":[{"embeddable":true,"href":"https:\/\/latecordoba.com\/index.php\/wp-json\/wp\/v2\/users\/1"}],"replies":[{"embeddable":true,"href":"https:\/\/latecordoba.com\/index.php\/wp-json\/wp\/v2\/comments?post=1746"}],"version-history":[{"count":0,"href":"https:\/\/latecordoba.com\/index.php\/wp-json\/wp\/v2\/posts\/1746\/revisions"}],"wp:featuredmedia":[{"embeddable":true,"href":"https:\/\/latecordoba.com\/index.php\/wp-json\/wp\/v2\/media\/1747"}],"wp:attachment":[{"href":"https:\/\/latecordoba.com\/index.php\/wp-json\/wp\/v2\/media?parent=1746"}],"wp:term":[{"taxonomy":"category","embeddable":true,"href":"https:\/\/latecordoba.com\/index.php\/wp-json\/wp\/v2\/categories?post=1746"},{"taxonomy":"post_tag","embeddable":true,"href":"https:\/\/latecordoba.com\/index.php\/wp-json\/wp\/v2\/tags?post=1746"}],"curies":[{"name":"wp","href":"https:\/\/api.w.org\/{rel}","templated":true}]}}