{"id":1744,"date":"2023-02-28T09:18:08","date_gmt":"2023-02-28T09:18:08","guid":{"rendered":"https:\/\/www.puntal.com.ar\/arnaldo-andre\/la-crisis-la-tele-la-ficcion-empezo-cuando-quisieron-dejar-lado-el-romanticismo-n185618"},"modified":"2023-02-28T09:18:08","modified_gmt":"2023-02-28T09:18:08","slug":"la-crisis-de-la-tele-con-la-ficcion-empezo-cuando-quisieron-dejar-de-lado-el-romanticismo","status":"publish","type":"post","link":"https:\/\/latecordoba.com\/index.php\/2023\/02\/28\/la-crisis-de-la-tele-con-la-ficcion-empezo-cuando-quisieron-dejar-de-lado-el-romanticismo\/","title":{"rendered":"&#8220;La crisis de la tele con la ficci\u00f3n empez\u00f3 cuando quisieron dejar de lado el romanticismo&#8221;"},"content":{"rendered":"\n<div><img decoding=\"async\" src=\"http:\/\/latecordoba.com\/wp-content\/uploads\/2023\/03\/la-crisis-de-la-tele-con-la-ficcion-empezo-cuando-quisieron-dejar-de-lado-el-romanticismo.jpg\" class=\"ff-og-image-inserted\"><\/div>\n<div class=\"cuerpo\" data-twitter-link readability=\"37\">\n<p> En di\u00e1logo con Pablo Montagna para su programa Pasa Montagna (Radio Rivadavia), profundiz\u00f3:<strong> \u201cPoco a poco, las ficciones dejaron de tener \u00e9xito. Nadie se atrevi\u00f3 a volver al romanticismo, donde existe el suspenso, la venganza y donde el p\u00fablico quedaba intrigada para empezar a ver de nuevo\u201d.<\/strong><\/p>\n<p>Por otra parte, asegur\u00f3 que:<strong> \u201cLas plataformas digitales son la tele que hoy no tenemos\u201d.<\/strong><\/p>\n<div contenteditable=\"false\" class=\"embed_cont type_freetext\" rel=\"freetext\" id=\"embed9664_wrap\" data-provider=\"YouTube\" readability=\"32\">\n<p> Amo y Se\u00f1or Final telenovela<span onclick=\"parent.parent.TinyMCETdcuerpo.preview_embed('embed9664')\" class=\"embed_colapse less\" id=\"embed9664_colapse\"><\/span><span onclick=\"parent.parent.TinyMCETdcuerpo.delete_embed('embed9664')\" class=\"embed_delete less\" id=\"embed9664_delete\"><\/span><\/p>\n<div id=\"embed9664_content\" class=\"embed_content\">\n<p> <iframe loading=\"lazy\" width=\"200\" height=\"150\" src=\"https:\/\/www.youtube.com\/embed\/5lxIe4L4wK0?feature=oembed\" frameborder=\"0\" allow=\"accelerometer; autoplay; clipboard-write; encrypted-media; gyroscope; picture-in-picture; web-share\" allowfullscreen title=\"Amo y Se\u00f1or Final telenovela\">[embedded content]<\/iframe><\/p>\n<\/p><\/div>\n<\/p><\/div>\n<p>Actualmente, <strong>Andr\u00e9 se encuentra protagonizando la obra teatral El Enganche<\/strong>, en la que \u201cestamos terminando la temporada de verano y despu\u00e9s arrancamos con la gira nacional\u201d. Con respecto a los viajes por el interior, confes\u00f3 que \u201cme encanta recorrer el pa\u00eds. No conozco a la Argentina por turismo, pero conozco muchos lugares gracias a giras que son como unas vacaciones pagas\u201d.<\/p>\n<p>Al recordar su llegada a la Argentina, Andr\u00e9 (naci\u00f3 en Paraguay) confes\u00f3 que<strong> \u201cla Argentina est\u00e1 casi incorporada a mis genes. A los 17 a\u00f1os me vine a estudiar teatro ac\u00e1 y no me fui m\u00e1s\u201d.<\/strong><\/p>\n<p>Por \u00faltimo, <strong>record\u00f3 que la \u00faltima ficci\u00f3n que hizo fue Los \u00danicos y revel\u00f3: \u201cTengo Netflix. Estoy viendo Caleidoscopio y ahora estoy con el documental sobre la desaparici\u00f3n de Madeleine McCann, que sus \u00faltimos cap\u00edtulos hace que valga la pena\u201d.<\/strong><\/p>\n<\/p><\/div>\n","protected":false},"excerpt":{"rendered":"<p>\nEl actor se refiri\u00f3 a la crisis que atraviesan las ficciones locales, mientras que tambi\u00e9n dio detalles sobre El Enganche, la obra que est\u00e1 protagonizando en teatro.  <\/p>\n","protected":false},"author":1,"featured_media":1745,"comment_status":"closed","ping_status":"closed","sticky":false,"template":"","format":"standard","meta":[],"categories":[14],"tags":[],"_links":{"self":[{"href":"https:\/\/latecordoba.com\/index.php\/wp-json\/wp\/v2\/posts\/1744"}],"collection":[{"href":"https:\/\/latecordoba.com\/index.php\/wp-json\/wp\/v2\/posts"}],"about":[{"href":"https:\/\/latecordoba.com\/index.php\/wp-json\/wp\/v2\/types\/post"}],"author":[{"embeddable":true,"href":"https:\/\/latecordoba.com\/index.php\/wp-json\/wp\/v2\/users\/1"}],"replies":[{"embeddable":true,"href":"https:\/\/latecordoba.com\/index.php\/wp-json\/wp\/v2\/comments?post=1744"}],"version-history":[{"count":0,"href":"https:\/\/latecordoba.com\/index.php\/wp-json\/wp\/v2\/posts\/1744\/revisions"}],"wp:featuredmedia":[{"embeddable":true,"href":"https:\/\/latecordoba.com\/index.php\/wp-json\/wp\/v2\/media\/1745"}],"wp:attachment":[{"href":"https:\/\/latecordoba.com\/index.php\/wp-json\/wp\/v2\/media?parent=1744"}],"wp:term":[{"taxonomy":"category","embeddable":true,"href":"https:\/\/latecordoba.com\/index.php\/wp-json\/wp\/v2\/categories?post=1744"},{"taxonomy":"post_tag","embeddable":true,"href":"https:\/\/latecordoba.com\/index.php\/wp-json\/wp\/v2\/tags?post=1744"}],"curies":[{"name":"wp","href":"https:\/\/api.w.org\/{rel}","templated":true}]}}