{"id":1727,"date":"2023-02-27T15:50:00","date_gmt":"2023-02-27T15:50:00","guid":{"rendered":"https:\/\/www.iprofesional.com\/tecnologia\/377971-piden-por-un-laboratorio-postergado-por-trabas-a-importaciones"},"modified":"2023-02-27T15:50:00","modified_gmt":"2023-02-27T15:50:00","slug":"reclaman-por-un-laboratorio-espacial-iniciado-con-fondos-del-estado-pero-bloqueado-por-trabas-a-las-importaciones","status":"publish","type":"post","link":"https:\/\/latecordoba.com\/index.php\/2023\/02\/27\/reclaman-por-un-laboratorio-espacial-iniciado-con-fondos-del-estado-pero-bloqueado-por-trabas-a-las-importaciones\/","title":{"rendered":"Reclaman por un laboratorio espacial iniciado con fondos del Estado, pero bloqueado por trabas a las importaciones"},"content":{"rendered":"\n<div class=\"media_block\"><img decoding=\"async\" src=\"http:\/\/latecordoba.com\/wp-content\/uploads\/2023\/02\/reclaman-por-un-laboratorio-espacial-iniciado-con-fondos-del-estado-pero-bloqueado-por-trabas-a-las-importaciones.jpg\"><\/div>\n<div id>\n<p> Se trata de un proyecto que se puso en marcha a partir de un aporte no reembolsable por 36 millones de pesos otorgado por el Ministerio de la Producci\u00f3n <\/p>\n<p>Por <strong>iProfesional<\/strong><\/p>\n<p><strong>27\/02\/2023<\/strong> &#8211; 12,50hs<\/p>\n<div class=\"image-container img-wide padding-b\"> <picture><source media=\"(min-width:650px)\" srcset=\"http:\/\/latecordoba.com\/wp-content\/uploads\/2023\/02\/reclaman-por-un-laboratorio-espacial-iniciado-con-fondos-del-estado-pero-bloqueado-por-trabas-a-las-importaciones.webp\" class=\"lazyload\"><source media=\"(min-width:465px)\" srcset=\"http:\/\/latecordoba.com\/wp-content\/uploads\/2023\/02\/reclaman-por-un-laboratorio-espacial-iniciado-con-fondos-del-estado-pero-bloqueado-por-trabas-a-las-importaciones.webp\" class=\"lazyload\"><img decoding=\"async\" loading=\"lazy\" src=\"http:\/\/latecordoba.com\/wp-content\/uploads\/2023\/02\/reclaman-por-un-laboratorio-espacial-iniciado-con-fondos-del-estado-pero-bloqueado-por-trabas-a-las-importaciones.webp\" class=\"lazyload\" alt=\"Reclaman por un laboratorio espacial iniciado con fondos del Estado, pero bloqueado por trabas a las importaciones\" width=\"160\" height=\"714px\"> <\/picture> <\/div>\n<\/p><\/div>\n<div readability=\"113.4527938343\">\n<p>El <strong>Consejo Profesional de Ingenier\u00eda de Telecomunicaciones, Electr\u00f3nica y Computaci\u00f3n<\/strong> (COPITEC) se sum\u00f3 al reclamo que otras c\u00e1maras y organizaciones del sector de las telecomunicaciones y tecnolog\u00eda, como tambi\u00e9n de entidades industriales para que se destraben los obst\u00e1culos que desde los organismos del Gobierno Nacional imponen para importar <a href=\"https:\/\/www.iprofesional.com\/tecnologia\/358717-satelites-como-es-el-proyecto-argentino-leo\" target=\"_blank\" rel=\"noopener\">componentes y materiales necesarios<\/a> para desarrollar la econom\u00eda del conocimiento, una de las m\u00e1s importantes a la hora de generar divisas para el pa\u00eds.\n<\/p>\n<p>En un comunicado enviado a iProfesional, el consejo se\u00f1al\u00f3 que &#8220;las trabas que, desde organismos como la <strong>AFIP<\/strong>, se imponen para evitar disponibilizar d\u00f3lares viene generando, desde 2022, retrasos en el desarrollo y construcci\u00f3n del Lab Sat IoT&#8221;, el laboratorio espacial que lidera el COPITEC junto a la Fundetec y la Universidad de Palermo (UP).\n<\/p>\n<p>Se trata de un proyecto que se puso en marcha a partir de un aporte no reembolsable (ANR) por <strong>36 millones de pesos <\/strong>otorgado por el Ministerio de la Producci\u00f3n de la Naci\u00f3n a fines de 2021.\n<\/p>\n<p>&#8220;<span>Ese dinero que otorg\u00f3 el Estado es del que dispone esta iniciativa para importar los componentes que no se consiguen en el pa\u00eds<\/span>. Pese a ello, la AFIP se opone a habilitar la disponibilidad de divisas por considerar que no se cuenta con la justificaci\u00f3n necesaria para determinar de d\u00f3nde provienen los fondos \u00a1que el mismo Estado otorg\u00f3 a trav\u00e9s de sus programas!&#8221;, advirti\u00f3 el consejo.\n<\/p>\n<p>En otras palabras, el Gobierno nacional que &#8220;asegura promover la ciencia y la tecnolog\u00eda e impulsar la econom\u00eda del conocimiento que, entre otras, incluye a la actividad espacial como una de ellas, se resiste a entregar los d\u00f3lares que se necesitan para continuar desarrollando el <strong>Lab Sat IoT<\/strong>&#8220;, acus\u00f3 el consejo.\n<\/p>\n<p>El laboratorio &#8220;permitir\u00e1 realizar <strong>simulaciones en campo -espacial- <\/strong>de parte de instituciones acad\u00e9micas y cient\u00edficas, parte fundamental de la econom\u00eda del conocimiento&#8221;, describi\u00f3 el COPITEC.\n<\/p>\n<div class=\"imagen\" readability=\"7\"><img decoding=\"async\" loading=\"lazy\" class=\"lazyload\" src=\"http:\/\/latecordoba.com\/wp-content\/uploads\/2023\/02\/reclaman-por-un-laboratorio-espacial-iniciado-con-fondos-del-estado-pero-bloqueado-por-trabas-a-las-importaciones-1.jpg\" alt=\"El laboratorio ser\u00e1 lanzado por Space X.\" width=\"880\" height=\"495\"><\/p>\n<p>El laboratorio ser\u00e1 lanzado por Space X.<\/p>\n<\/div>\n<h2>Sin fecha para el lanzamiento<\/h2>\n<p>La puesta en marcha el 17 de octubre del <strong>Sistema de Importaciones de la Rep\u00fablica Argentina y de Pagos de Servicios al Exterior <\/strong>(SIRASE) &#8220;se ha convertido en un obst\u00e1culo para cualquier desarrollo productivo e industrial de la Argentina&#8221;, afirm\u00f3 el consejo.\n<\/p>\n<p>Para este primer trimestre del 2023, el <a href=\"https:\/\/www.iprofesional.com\/tecnologia\/234727-seguridad-cursos-videovigilancia-Empresas-de-seguridad-lanzan-cursos-para-certificar-la-videovigilancia\" target=\"_blank\" rel=\"noopener\">COPITEC<\/a> ten\u00eda previsto iniciar los primeros ensayos en la sala limpia, con miras a definir la fecha de <strong>lanzamiento del Lab Sat IoT <\/strong>para el segundo semestre del a\u00f1o.\n<\/p>\n<p>De hecho, en 2022 se firmaron los contratos con la empresa estadounidense <strong>SpaceX <\/strong>para avanzar con este proyecto. &#8220;La imposibilidad de contar con los d\u00f3lares que se necesitan para importar componentes retrasar\u00e1 el calendario de desarrollo y lanzamiento del Lab Sat IoT trazado a principios de 2022&#8221;, afirm\u00f3 el consejo.\n<\/p>\n<p>Este reclamo para destrabar los obst\u00e1culos que surgen desde la AFIP &#8220;no deja de lado que somos conscientes de las <strong>dificultades macroecon\u00f3micas <\/strong>que atraviesa la Argentina&#8221;, aclar\u00f3 el COPIEC.\n<\/p>\n<p>&#8220;Pero si este gobierno se plante\u00f3 encontrar salidas a las dificultades a trav\u00e9s de la ciencia, de la tecnolog\u00eda y de la <strong>econom\u00eda del conocimiento<\/strong>, estos sectores tienen que estar entre las prioridades de los distintos organismos a la hora de liberar los recursos necesarios para desarrollar actividades innovadoras, que generen nuevas formas de abordar los problemas nuestro pa\u00eds&#8221;, advirti\u00f3 la entidad.\n<\/p>\n<p>El COPITEC pidi\u00f3 al Gobierno, y &#8220;en particular&#8221; a la <strong>Secretar\u00eda de Comercio <\/strong>y a la AFIP, que se tomen las medidas necesarias para &#8220;destrabar esta burocracia, que se prioricen los d\u00f3lares para las actividades de desarrollo de conocimiento y productivas&#8221;.\n<\/p>\n<div class=\"imagen\"><img decoding=\"async\" loading=\"lazy\" class=\"lazyload\" src=\"http:\/\/latecordoba.com\/wp-content\/uploads\/2023\/02\/reclaman-por-un-laboratorio-espacial-iniciado-con-fondos-del-estado-pero-bloqueado-por-trabas-a-las-importaciones-2.jpg\" alt=\"Sede central de la AFIP.\" width=\"880\" height=\"495\"><\/p>\n<p>Sede central de la AFIP.<\/p>\n<\/div>\n<div class=\"tepuedeinteresar\">\n<p>Te puede interesar<\/p>\n<\/p><\/div>\n<p>&#8220;El pa\u00eds necesita nuevos caminos para salir de su profunda crisis y en un mundo en el que se prioriza el conocimiento urge que la dirigencia pol\u00edtica en su conjunto se comprometa y <strong>sea coherentes con los juramentos <\/strong>que realizan a la hora de asumir sus cargos&#8221;, concluy\u00f3 el COPITEC.<\/p>\n<\/p><\/div>\n","protected":false},"excerpt":{"rendered":"\n<div class=\"media_block\"><img decoding=\"async\" src=\"http:\/\/latecordoba.com\/wp-content\/uploads\/2023\/02\/reclaman-por-un-laboratorio-espacial-iniciado-con-fondos-del-estado-pero-bloqueado-por-trabas-a-las-importaciones.jpg\"><\/div>\n<p> Se trata de un proyecto que se puso en marcha a partir de un aporte no reembolsable por 36 millones de pesos otorgado por el Ministerio de la Producci\u00f3n <iframe width=\"0\" height=\"0\" border=\"0\"> <script> (function(i,s,o,g,r,a,m){i['GoogleAnalyticsObject']=r;i[r]=i[r]||function(){ (i[r].q=i[r].q||[]).push(arguments)},i[r].l=1*new Date();a=s.createElement(o), m=s.getElementsByTagName(o)[0];a.async=1;a.src=g;m.parentNode.insertBefore(a,m) })(window,document,'script','https:\/\/www.google-analytics.com\/analytics.js','ga'); ga('create', 'GTM-5LW5KQD', 'auto'); ga('require', 'displayfeatures'); ga('set', 'campaignSource', 'RSS Client for iProfesional'); ga('set', 'campaignMedium', 'RSS Client for iProfesional'); ga('set', {\"dataSource\": \"rss.atom.iprofesional.com\"}); ga('set', {\"referrer\": \"rss.atom.iprofesional.com\"}); ga('set', 'title', 'RSS Client for iProfesional'); ga('send', 'pageview'); <\/script> <!-- Begin comScore Tag --> <script>\nvar _comscore = _comscore || [];\n_comscore.push({ c1: \"2\", c2: \"37240992\" });\n(function() {\nvar s = document.createElement(\"script\"), el = document.getElementsByTagName(\"script\")[0]; s.async = true;\ns.src = \"https:\/\/sb.scorecardresearch.com\/cs\/37240992\/beacon.js\";\nel.parentNode.insertBefore(s, el);\n})(); <\/script> <noscript> <img decoding=\"async\" src=\"http:\/\/latecordoba.com\/wp-content\/uploads\/2023\/02\/reclaman-por-un-laboratorio-espacial-iniciado-con-fondos-del-estado-pero-bloqueado-por-trabas-a-las-importaciones.gif\"> <\/noscript> <!-- End comScore Tag --> <\/iframe>  <\/p>\n","protected":false},"author":1,"featured_media":1728,"comment_status":"open","ping_status":"closed","sticky":false,"template":"","format":"standard","meta":[],"categories":[13],"tags":[],"_links":{"self":[{"href":"https:\/\/latecordoba.com\/index.php\/wp-json\/wp\/v2\/posts\/1727"}],"collection":[{"href":"https:\/\/latecordoba.com\/index.php\/wp-json\/wp\/v2\/posts"}],"about":[{"href":"https:\/\/latecordoba.com\/index.php\/wp-json\/wp\/v2\/types\/post"}],"author":[{"embeddable":true,"href":"https:\/\/latecordoba.com\/index.php\/wp-json\/wp\/v2\/users\/1"}],"replies":[{"embeddable":true,"href":"https:\/\/latecordoba.com\/index.php\/wp-json\/wp\/v2\/comments?post=1727"}],"version-history":[{"count":0,"href":"https:\/\/latecordoba.com\/index.php\/wp-json\/wp\/v2\/posts\/1727\/revisions"}],"wp:featuredmedia":[{"embeddable":true,"href":"https:\/\/latecordoba.com\/index.php\/wp-json\/wp\/v2\/media\/1728"}],"wp:attachment":[{"href":"https:\/\/latecordoba.com\/index.php\/wp-json\/wp\/v2\/media?parent=1727"}],"wp:term":[{"taxonomy":"category","embeddable":true,"href":"https:\/\/latecordoba.com\/index.php\/wp-json\/wp\/v2\/categories?post=1727"},{"taxonomy":"post_tag","embeddable":true,"href":"https:\/\/latecordoba.com\/index.php\/wp-json\/wp\/v2\/tags?post=1727"}],"curies":[{"name":"wp","href":"https:\/\/api.w.org\/{rel}","templated":true}]}}