{"id":1719,"date":"2023-02-27T09:50:00","date_gmt":"2023-02-27T09:50:00","guid":{"rendered":"https:\/\/www.iprofesional.com\/economia\/377908-la-inflacion-se-acelera-las-empresas-abandonan-precios-justos"},"modified":"2023-02-27T09:50:00","modified_gmt":"2023-02-27T09:50:00","slug":"la-inflacion-se-acelera-y-cruje-precios-cuidados-empresas-ya-quieren-renegociar-el-plan-oficial","status":"publish","type":"post","link":"https:\/\/latecordoba.com\/index.php\/2023\/02\/27\/la-inflacion-se-acelera-y-cruje-precios-cuidados-empresas-ya-quieren-renegociar-el-plan-oficial\/","title":{"rendered":"La inflaci\u00f3n se acelera y cruje Precios Cuidados: empresas ya quieren renegociar el plan oficial"},"content":{"rendered":"\n<div class=\"media_block\"><img decoding=\"async\" src=\"http:\/\/latecordoba.com\/wp-content\/uploads\/2023\/02\/la-inflacion-se-acelera-y-cruje-precios-cuidados-empresas-ya-quieren-renegociar-el-plan-oficial.jpg\"><\/div>\n<div id>\n<p> Los fabricantes se comprometieron a aumentos m\u00e1ximos del 3,2% mensual, pero la inflaci\u00f3n ya duplica esa pauta. \u00bfQu\u00e9 pasar\u00e1 con el programa? <\/p>\n<p>Por <strong>Claudio Zlotnik<\/strong><\/p>\n<p><strong>27\/02\/2023<\/strong> &#8211; 06,50hs<\/p>\n<div class=\"image-container img-wide padding-b\"> <picture><source media=\"(min-width:650px)\" srcset=\"http:\/\/latecordoba.com\/wp-content\/uploads\/2023\/02\/la-inflacion-se-acelera-y-cruje-precios-cuidados-empresas-ya-quieren-renegociar-el-plan-oficial.webp\" class=\"lazyload\"><source media=\"(min-width:465px)\" srcset=\"http:\/\/latecordoba.com\/wp-content\/uploads\/2023\/02\/la-inflacion-se-acelera-y-cruje-precios-cuidados-empresas-ya-quieren-renegociar-el-plan-oficial.webp\" class=\"lazyload\"><img decoding=\"async\" loading=\"lazy\" src=\"http:\/\/latecordoba.com\/wp-content\/uploads\/2023\/02\/la-inflacion-se-acelera-y-cruje-precios-cuidados-empresas-ya-quieren-renegociar-el-plan-oficial.webp\" class=\"lazyload\" alt=\"La inflaci\u00f3n se acelera y cruje Precios Cuidados: empresas ya quieren renegociar el plan oficial\" width=\"160\" height=\"714px\"> <\/picture> <\/div>\n<\/p><\/div>\n<div readability=\"122.38935622318\">\n<p>A pocas semanas del <a href=\"https:\/\/www.iprofesional.com\/economia\/376933-precios-justos-que-nuevos-productos-incluira-el-programa\" target=\"_blank\" rel=\"noopener\">relanzamiento de &#8220;Precios Justos&#8221;<\/a>, algunas de las empresas l\u00edderes que firmaron el acuerdo eval\u00faan pedirle a Sergio Massa una <strong>renegociaci\u00f3n<\/strong>. Esas compa\u00f1\u00edas de primera l\u00ednea -todas del sector del consumo masivo (alimentos, bebidas, productos de higiene personal y de limpieza)- <span>aseguran que se quedaron cortas con el aumento mensual firmado en la secretar\u00eda de Comercio, del 3,2%<\/span>.\n<\/p>\n<p>&#8220;Ese 3,2% aprieta. Nuestros costos se fueron por encima de ese incremento&#8221;, asegura una fuente, de una de las empresas firmantes. El tema ya fue evaluado extraoficialmente entre las compa\u00f1\u00edas que adhirieron a &#8220;Precios Justos&#8221;, el principal programa de control de precios que tiene el Gobierno.\n<\/p>\n<p>Ese programa oficial incluye una canasta de unos 1.900 productos esenciales con precios congelados por los pr\u00f3ximos 90 d\u00edas, y el <strong>l\u00edmite de 3,2% de aumento para otros 30.000 art\u00edculos<\/strong> de primera necesidad que se venden en los supermercados.\n<\/p>\n<p>El cuestionamiento de los empresarios se vincula con la <strong>aceleraci\u00f3n inflacionaria<\/strong> de las \u00faltimas semanas, justo despu\u00e9s de la r\u00fabrica del \u00faltimo acuerdo. Para los ejecutivos, es muy complicado asegurar la provisi\u00f3n de los productos con una pauta de aumento mensual del 3,2%, que ahora se queda a mitad de camino de la inflaci\u00f3n general.\n<\/p>\n<p><span>En las pr\u00f3ximas semanas, los empresarios van a unificar sus posiciones. La clave es ver si hay rubros que pueden sostener el acuerdo y otros que est\u00e1n muy &#8220;jugados&#8221;.<\/span>\n<\/p>\n<p>Al respecto, el ejecutivo de una de las compa\u00f1\u00edas dijo a iProfesional que hay problemas con el sector bebidas (vinos, por ejemplo) y con el precio de la harina y los subproductos.\n<\/p>\n<div class=\"imagen\" readability=\"7\"><img decoding=\"async\" loading=\"lazy\" class=\"lazyload\" src=\"http:\/\/latecordoba.com\/wp-content\/uploads\/2023\/02\/la-inflacion-se-acelera-y-cruje-precios-cuidados-empresas-ya-quieren-renegociar-el-plan-oficial-1.jpg\" alt=\"Precios Justos establece aumentos por debajo de la inflaci\u00f3n y crece la tensi\u00f3n con las empresas.\" width=\"880\" height=\"495\"><\/p>\n<p>Precios Justos establece aumentos por debajo de la inflaci\u00f3n y crece la tensi\u00f3n con las empresas.<\/p>\n<\/div>\n<h2>Alerta por el consumo y la inflaci\u00f3n<\/h2>\n<p>En dos empresas de primera l\u00ednea que accedieron al di\u00e1logo con iProfesional coincidieron que <a href=\"https:\/\/www.iprofesional.com\/economia\/377744-consumo-mal-inicio-de-ano-con-caida-en-las-ventas-de-alimentos\" target=\"_blank\" rel=\"noopener\"><strong>la primera mitad de febrero fue &#8220;pobre&#8221;<\/strong> en materia de <strong>ventas minoristas<\/strong><\/a>. Una tendencia que se empez\u00f3 a vislumbrar en diciembre, continu\u00f3 en enero y que ahora se estar\u00eda agravando.\n<\/p>\n<p>Esa trayectoria va en l\u00ednea con las mediciones del INDEC: la actividad econ\u00f3mica ya lleva cuatro meses consecutivos de retroceso y acumula una ca\u00edda de 2,8% entre agosto y diciembre pasados (\u00faltimo dato disponible).\n<\/p>\n<p><span><a href=\"https:\/\/www.iprofesional.com\/economia\/377610-inflacion-preocupantes-numeros-en-la-primera-quincena-de-febrero\" target=\"_blank\" rel=\"noopener\">La aceleraci\u00f3n inflacionaria<\/a> est\u00e1 golpeando al bolsillo de los consumidores<\/span>. Seg\u00fan el \u00faltimo reporte de la consultora Eco Go, para este mes se espera una inflaci\u00f3n del 6,3%, por encima del 6,0% de enero y del 5,1% del \u00faltimo mes del a\u00f1o.\n<\/p>\n<p>La peor parte -otra vez- se la lleva el rubro de los <strong>alimentos<\/strong>. Para Eco Go, la inflaci\u00f3n en ese sector se acercar\u00eda al <strong>7,8%<\/strong>, un n\u00famero que va en l\u00ednea con el peor momento de la crisis del a\u00f1o pasado, cuando en julio renunci\u00f3 Mart\u00edn Guzm\u00e1n y se desat\u00f3 una tormenta econ\u00f3mica y financiera.\n<\/p>\n<p>En enero, de acuerdo al INDEC, la inflaci\u00f3n de los alimentos hab\u00eda sido del 6,8%, contra 6,0% del IPC.\n<\/p>\n<p>Esta trayectoria complica el panorama pol\u00edtico del Gobierno y de Sergio Massa, en particular. El ministro se hab\u00eda comprometido a llevar la inflaci\u00f3n mensual a menos del 4% para abril. Est\u00e1 claro que esa promesa ser\u00e1 imposible de cumplir.\n<\/p>\n<div class=\"imagen\" readability=\"7\"><img decoding=\"async\" loading=\"lazy\" class=\"lazyload\" src=\"http:\/\/latecordoba.com\/wp-content\/uploads\/2023\/02\/la-inflacion-se-acelera-y-cruje-precios-cuidados-empresas-ya-quieren-renegociar-el-plan-oficial-2.jpg\" alt=\"La nueva aceleraci\u00f3n de los precios complica al programa de Sergio Massa.\" width=\"880\" height=\"495\"><\/p>\n<p>La nueva aceleraci\u00f3n de los precios complica al programa de Sergio Massa.<\/p>\n<\/div>\n<p>Pero lo peor es que lo que m\u00e1s viene en aumento son los alimentos. Y no solamente las carnes. De ah\u00ed la advertencia de las empresas del sector.\n<\/p>\n<h2>Precios: las razones del desv\u00edo<\/h2>\n<p>Desde el sector empresario tienen sus propios argumentos sobre el <strong>salto inflacionario <\/strong>de las \u00faltimas semanas:\n<\/p>\n<ul>\n<li>Aseguran que desde la industria no pueden sostener aumentos de 3,2% mensuales cuando el <strong>tipo de cambio oficial<\/strong> sube alrededor de 5,6%. El <strong>d\u00f3lar<\/strong>, aducen, es un formador de costos ineludible.<\/li>\n<li><strong>Paritarias.<\/strong> Seg\u00fan el economista Ricardo Delgado, presidente de la consultora Analytica, los trabajadores formales recibieron recomposiciones promedio del 7% mensual en la \u00faltima parte del a\u00f1o pasado, y eso se est\u00e1 trasladando a los precios finales en la actualidad.<\/li>\n<li><strong>Escasez de d\u00f3lares.<\/strong> Aun cuando el Gobierno se comprometi\u00f3 a abrirles la canilla de las importaciones a las empresas alimenticias, los ejecutivos se comportan como si, en cualquier momento esa posibilidad se fuera a cerrar. Sin d\u00f3lares asegurados en el BCRA, los ejecutivos de empresas razonan que esa incertidumbre tiene un costo, que debe cargarse a los precios. Se trata de una pr\u00e1ctica que fue com\u00fan a lo largo del a\u00f1o pasado, pero que hab\u00eda menguado tras la llegada de Massa al ministerio de Econom\u00eda.<\/li>\n<li><a href=\"https:\/\/www.iprofesional.com\/finanzas\/377532-decisivo-para-el-dolar-nuevo-plan-de-massa-para-bajar-la-brecha\" target=\"_blank\" rel=\"noopener\"><strong>La brecha cambiaria<\/strong><\/a>, que no baja del 90% a 100% tambi\u00e9n mantiene la presi\u00f3n sobre los precios. &#8220;Es un fuego permanente&#8221;, grafica Delgado.<\/li>\n<li><strong>Sequ\u00eda.<\/strong> As\u00ed como favoreci\u00f3 al precio de la carne en los \u00faltimos meses, ahora el escenario se dio vuelta. A su vez, la ca\u00edda en la producci\u00f3n de frutas y verduras presiona sobre los valores en estos rubros, con alzas muy importantes que van m\u00e1s all\u00e1 de la t\u00edpica estacionalidad.<\/li>\n<li><strong>Alza en combustibles.<\/strong> Si bien es del 4% mensual, por debajo del IPC, est\u00e1 claro que tambi\u00e9n tiene un impacto generalizado, que hace muy dif\u00edcil enfriar el proceso inflacionario y los ejecutivos toman nota de esa realidad.<\/li>\n<\/ul>\n<div class=\"imagen\" readability=\"8\"><img decoding=\"async\" loading=\"lazy\" class=\"lazyload\" src=\"http:\/\/latecordoba.com\/wp-content\/uploads\/2023\/02\/la-inflacion-se-acelera-y-cruje-precios-cuidados-empresas-ya-quieren-renegociar-el-plan-oficial-3.jpg\" alt=\"Empresarios alertan que el d\u00f3lar oficial tambi\u00e9n sube m\u00e1s r\u00e1pidamente que la pauta de Precios Cuidados.\" width=\"880\" height=\"495\"><\/p>\n<p>Empresarios alertan que el d\u00f3lar oficial tambi\u00e9n sube m\u00e1s r\u00e1pidamente que la pauta de Precios Cuidados.<\/p>\n<\/div>\n<h2>La actividad econ\u00f3mica se enfr\u00eda<\/h2>\n<p>La l\u00f3gica p\u00e9rdida de poder adquisitivo por la alta inflaci\u00f3n est\u00e1 impactando sobre la actividad econ\u00f3mica. Es lo que ya viene reportando el INDEC.\n<\/p>\n<div class=\"tepuedeinteresar\">\n<p>Te puede interesar<\/p>\n<\/p><\/div>\n<p><span>La preocupaci\u00f3n oficial y en las empresas es que esa tendencia negativa tambi\u00e9n se profundice. <\/span>Algo que se empezar\u00e1 a develar en las pr\u00f3ximas semanas, cuando la campa\u00f1a electoral entre en calor.<\/p>\n<\/p><\/div>\n","protected":false},"excerpt":{"rendered":"\n<div class=\"media_block\"><img decoding=\"async\" src=\"http:\/\/latecordoba.com\/wp-content\/uploads\/2023\/02\/la-inflacion-se-acelera-y-cruje-precios-cuidados-empresas-ya-quieren-renegociar-el-plan-oficial.jpg\"><\/div>\n<p> Los fabricantes se comprometieron a aumentos m\u00e1ximos del 3,2% mensual, pero la inflaci\u00f3n ya duplica esa pauta. \u00bfQu\u00e9 pasar\u00e1 con el programa <iframe width=\"0\" height=\"0\" border=\"0\"> <script> (function(i,s,o,g,r,a,m){i['GoogleAnalyticsObject']=r;i[r]=i[r]||function(){ (i[r].q=i[r].q||[]).push(arguments)},i[r].l=1*new Date();a=s.createElement(o), m=s.getElementsByTagName(o)[0];a.async=1;a.src=g;m.parentNode.insertBefore(a,m) })(window,document,'script','https:\/\/www.google-analytics.com\/analytics.js','ga'); ga('create', 'GTM-5LW5KQD', 'auto'); ga('require', 'displayfeatures'); ga('set', 'campaignSource', 'RSS Client for iProfesional'); ga('set', 'campaignMedium', 'RSS Client for iProfesional'); ga('set', {\"dataSource\": \"rss.atom.iprofesional.com\"}); ga('set', {\"referrer\": \"rss.atom.iprofesional.com\"}); ga('set', 'title', 'RSS Client for iProfesional'); ga('send', 'pageview'); <\/script> <!-- Begin comScore Tag --> <script>\nvar _comscore = _comscore || [];\n_comscore.push({ c1: \"2\", c2: \"37240992\" });\n(function() {\nvar s = document.createElement(\"script\"), el = document.getElementsByTagName(\"script\")[0]; s.async = true;\ns.src = \"https:\/\/sb.scorecardresearch.com\/cs\/37240992\/beacon.js\";\nel.parentNode.insertBefore(s, el);\n})(); <\/script> <noscript> <img decoding=\"async\" src=\"http:\/\/latecordoba.com\/wp-content\/uploads\/2023\/02\/la-inflacion-se-acelera-y-cruje-precios-cuidados-empresas-ya-quieren-renegociar-el-plan-oficial.gif\"> <\/noscript> <!-- End comScore Tag --> <\/iframe>  <\/p>\n","protected":false},"author":1,"featured_media":1720,"comment_status":"closed","ping_status":"closed","sticky":false,"template":"","format":"standard","meta":[],"categories":[18],"tags":[],"_links":{"self":[{"href":"https:\/\/latecordoba.com\/index.php\/wp-json\/wp\/v2\/posts\/1719"}],"collection":[{"href":"https:\/\/latecordoba.com\/index.php\/wp-json\/wp\/v2\/posts"}],"about":[{"href":"https:\/\/latecordoba.com\/index.php\/wp-json\/wp\/v2\/types\/post"}],"author":[{"embeddable":true,"href":"https:\/\/latecordoba.com\/index.php\/wp-json\/wp\/v2\/users\/1"}],"replies":[{"embeddable":true,"href":"https:\/\/latecordoba.com\/index.php\/wp-json\/wp\/v2\/comments?post=1719"}],"version-history":[{"count":0,"href":"https:\/\/latecordoba.com\/index.php\/wp-json\/wp\/v2\/posts\/1719\/revisions"}],"wp:featuredmedia":[{"embeddable":true,"href":"https:\/\/latecordoba.com\/index.php\/wp-json\/wp\/v2\/media\/1720"}],"wp:attachment":[{"href":"https:\/\/latecordoba.com\/index.php\/wp-json\/wp\/v2\/media?parent=1719"}],"wp:term":[{"taxonomy":"category","embeddable":true,"href":"https:\/\/latecordoba.com\/index.php\/wp-json\/wp\/v2\/categories?post=1719"},{"taxonomy":"post_tag","embeddable":true,"href":"https:\/\/latecordoba.com\/index.php\/wp-json\/wp\/v2\/tags?post=1719"}],"curies":[{"name":"wp","href":"https:\/\/api.w.org\/{rel}","templated":true}]}}