{"id":1715,"date":"2023-02-20T17:41:33","date_gmt":"2023-02-20T17:41:33","guid":{"rendered":"https:\/\/ar.marca.com\/claro\/futbol-internacional\/barcelona\/2023\/02\/20\/63f3b097e2704e41948b45ec.html"},"modified":"2023-02-20T17:41:33","modified_gmt":"2023-02-20T17:41:33","slug":"ferran-torres-regatea-a-la-competencia","status":"publish","type":"post","link":"https:\/\/latecordoba.com\/index.php\/2023\/02\/20\/ferran-torres-regatea-a-la-competencia\/","title":{"rendered":"Ferran Torres regatea a la competencia"},"content":{"rendered":"\n<div class=\"media_block\"><a href=\"https:\/\/e00-ar-marca.uecdn.es\/claro\/assets\/multimedia\/imagenes\/2023\/02\/21\/16769411332482.jpg\"><img decoding=\"async\" src=\"http:\/\/latecordoba.com\/wp-content\/uploads\/2023\/02\/ferran-torres-regatea-a-la-competencia.jpg\" class=\"media_thumbnail\"><\/a><\/div>\n<p><h2 class=\"section-title-group izquierda\"><span class=\"section-type\">FC Barcelona<\/span>&nbsp;<span class=\"subsection-type\">El valenciano firma contra el C\u00e1diz su partido m\u00e1s completo y se perfila titular en Old Trafford<\/span><\/h2>\n<\/p>\n<div readability=\"92.449714285714\">\n<figure class=\"multimedia-item image\"><img decoding=\"async\" src=\"http:\/\/latecordoba.com\/wp-content\/uploads\/2023\/02\/ferran-torres-regatea-a-la-competencia-1.jpg\" class=\"full-image\"><\/figure>\n<aside class=\"aside-tools byline-tools\"><\/aside>\n<p><span class=\"capital-letter\">&#8220;<\/span><strong>Ferran Torres<\/strong> ha hecho uno de los mejores partidos desde que est\u00e1 en el <strong>Barcelona<\/strong>. Estoy especialmente contento por \u00e9l. Ha dado un paso adelante para coger confianza. Se sacrifica, corre para el equipo, ayuda al lateral, hace coberturas defensivas&#8230;. La gente lo valora por lo goles, los t\u00faneles&#8230; pero nosotros nos fijamos en otras cosas. Y tiene, adem\u00e1s, una actitud espectacular&#8221;. As\u00ed de contundente y de complacido se mostr\u00f3 ayer domingo <strong>Xavi<\/strong> a la hora de valorar el encuentro del valenciano contra el <strong>C\u00e1diz<\/strong>. Los n\u00fameros del ex del <strong>City<\/strong> argumentan los elogios y le colocan como claro candidato a uno de los cruces m\u00e1s importantes de la temporada: la vuelta de la eliminatoria de la <strong>Europa League<\/strong> contra el <strong>United<\/strong> en <strong>Old Trafford<\/strong>. <\/p>\n<figure class=\"ue-c-article__media ue-c-article--media-icon-m-from-tablet ue-c-article__media--video\"><\/figure>\n<p><strong>Ferran Torres <\/strong>era anoche un hombre feliz. La grada del <strong>Camp Nou<\/strong>, la que otras veces le juzg\u00f3 con dureza, aplaudi\u00f3 su partido. Core\u00f3 su nombre. Sus compa\u00f1eros le felicitaron. <strong>Xavi<\/strong> se rindi\u00f3 ante \u00e9l. Hizo lo que mejor sabe hacer: driblar, regatear, encarar, centrar&#8230; todo le sali\u00f3. Confirm\u00f3 las cualidades que le llevaron <strong><a href=\"https:\/\/www.marca.com\/futbol\/barcelona\/2021\/12\/28\/61c335bbca4741fa598b45e4.html\">a firmar por el Barcelona hace poco m\u00e1s de un a\u00f1o<\/a><\/strong>. Su etapa en el <strong>Bar\u00e7a<\/strong>, y su presente temporada, no est\u00e1 resultando sencilla ni pl\u00e1cida, porque ha requerido de un periodo de adaptaci\u00f3n, por la competencia que hay en ataque y por la exigencia de jugar y ofrecer unas prestaciones que no son las suyas: no es un goleador. Pero contra el <strong>C\u00e1diz<\/strong> se destap\u00f3, y ha demostrado que tiene sitio en el conjunto cul\u00e9. Por la derecha, dio un festival en todas las facetas importantes del juego ofensivo.<\/p>\n<h2 class=\"ue-c-article__subheadline\">Registros hist\u00f3ricos<\/h2>\n<p>El internacional espa\u00f1ol, con contrato hasta junio de 2027, se destap\u00f3 como un gran regateador. Es poco habitual que un jugador tenga dos d\u00edgitos en esta estad\u00edstica futbol\u00edstica, ya que es algo al alcance de muy pocos profesionales: <strong>Messi <\/strong>es uno de los pocos que puede alardear de ello. Contra el <strong>C\u00e1diz<\/strong>, hizo 10. Pero, adem\u00e1s, fue el cul\u00e9 que m\u00e1s ocasiones de gol cre\u00f3, 5, y el que m\u00e1s centros ofreci\u00f3: 11. En su resumen de partido, tambi\u00e9n destacan los 79 toques que dio, los 18 duelos ganados de los 24 que prob\u00f3, los 26 pases que acert\u00f3 (err\u00f3 8), y los 3 remates que hizo.<\/p>\n<p>&#8220;El equipo se ha consolidado mucho. Venimos trabajando muy fuerte. Trabajo para mostrar mi f\u00fatbol. Es verdad que en alg\u00fan momento he estado escaso de minutos, pero cada vez que me d\u00e9 confianza el m\u00edster voy a intentar demostrarlo. Es un orgullo que la afici\u00f3n coree tu nombre, vengo trabajando para esto pero lo dif\u00edcil es mantenerse&#8221;, coment\u00f3 el futbolista, que este curso suma cinco goles y una asistencia, tras el encuentro. <strong>Torres,<\/strong> de 22 a\u00f1os, asumi\u00f3 desde el principio la dificultad de jugar en el <strong>Camp Nou,<\/strong> pero <strong><a href=\"https:\/\/www.marca.com\/futbol\/barcelona\/2022\/08\/09\/62f24223e2704e28a28b4574.html\">en ning\u00fan momento ha bajado los brazos<\/a><\/strong>. <\/p>\n<figure class=\"ue-c-article__media ue-c-article--media-icon-m-from-tablet ue-c-article__media--video\"><meta content=\"Los intensos entrenamientos de Ferran Torres antes de la pretemporada con el Bar\u00e7a\"><meta content=\"Descubre mas videos\"><meta content=\"https:\/\/ak.uecdn.es\/p\/110\/thumbnail\/entry_id\/0_quj62ayg\/width\/660\/cache_st\/20230220123523\/type\/2\/bgcolor\/000000\/0_quj62ayg.jpg\"><meta itemprop=\"contentURL\" content=\"https:\/\/ak.uecdn.es\/index.php\/kwidget\/wid\/_110\/uiconf_id\/14969339\/entry_id\/0_quj62ayg\"><\/p>\n<div class=\"ue-c-article__media-img-container ue-l-article--expand-edge-right-until-tablet ue-l-article--expand-edge-left-until-tablet\">\n<div class=\"ue-c-article__media-video-responsive ue-c-article__media-video-responsive--16-9\"><noscript><img decoding=\"async\" src=\"https:\/\/ak.uecdn.es\/index.php\/extwidget\/thumbnailUE\/asset_id\/5\"><\/noscript><\/div>\n<\/div>\n<\/figure>\n<h2 class=\"ue-c-article__subheadline\">Ansu Fati<\/h2>\n<p>Su gran partido le convierten en claro candidato a titular contra el <strong>United<\/strong> este jueves en <strong>Old Trafford<\/strong>, en el encuentro de vuelta de la <strong> Europa League. Demb\u00e9l\u00e9 <\/strong>sigue siendo baja. <strong>Lewandowski<\/strong> jugar\u00e1 de delantero centro y todo apunta a que <strong>Raphinha<\/strong> ocupar\u00e1 uno de los extremos. El otro se lo rifan <strong>Ferran y Ansu Fati <\/strong>especialmente. <strong>Gavi <\/strong>est\u00e1 sancionado y <strong>Pedri,<\/strong> lesionado. Visto lo que visto esta pasada jornada en <strong>LaLiga, Xavi<\/strong> medita confiar de nuevo en el valenciano. El canterano no pasa por su mejor momento y, a aprori, ser\u00e1 suplente. El ex del <strong>City<\/strong> le ha adelantado.<\/p>\n<aside class=\"related-tags\"><\/aside>\n<\/div>\n","protected":false},"excerpt":{"rendered":"\n<div class=\"media_block\"><a href=\"https:\/\/e00-ar-marca.uecdn.es\/claro\/assets\/multimedia\/imagenes\/2023\/02\/21\/16769411332482.jpg\"><img decoding=\"async\" src=\"http:\/\/latecordoba.com\/wp-content\/uploads\/2023\/02\/ferran-torres-regatea-a-la-competencia.jpg\" class=\"media_thumbnail\"><\/a><\/div>\n<p>&nbsp;<a href=\"https:\/\/ar.marca.com\/claro\/futbol-internacional\/barcelona\/2023\/02\/20\/63f3b097e2704e41948b45ec.html\"> Leer <\/a><img decoding=\"async\" src=\"http:\/\/latecordoba.com\/wp-content\/uploads\/2023\/02\/ferran-torres-regatea-a-la-competencia.gif\" alt=\"\"\/> <\/p>\n","protected":false},"author":1,"featured_media":1716,"comment_status":"closed","ping_status":"closed","sticky":false,"template":"","format":"standard","meta":[],"categories":[17],"tags":[],"_links":{"self":[{"href":"https:\/\/latecordoba.com\/index.php\/wp-json\/wp\/v2\/posts\/1715"}],"collection":[{"href":"https:\/\/latecordoba.com\/index.php\/wp-json\/wp\/v2\/posts"}],"about":[{"href":"https:\/\/latecordoba.com\/index.php\/wp-json\/wp\/v2\/types\/post"}],"author":[{"embeddable":true,"href":"https:\/\/latecordoba.com\/index.php\/wp-json\/wp\/v2\/users\/1"}],"replies":[{"embeddable":true,"href":"https:\/\/latecordoba.com\/index.php\/wp-json\/wp\/v2\/comments?post=1715"}],"version-history":[{"count":0,"href":"https:\/\/latecordoba.com\/index.php\/wp-json\/wp\/v2\/posts\/1715\/revisions"}],"wp:featuredmedia":[{"embeddable":true,"href":"https:\/\/latecordoba.com\/index.php\/wp-json\/wp\/v2\/media\/1716"}],"wp:attachment":[{"href":"https:\/\/latecordoba.com\/index.php\/wp-json\/wp\/v2\/media?parent=1715"}],"wp:term":[{"taxonomy":"category","embeddable":true,"href":"https:\/\/latecordoba.com\/index.php\/wp-json\/wp\/v2\/categories?post=1715"},{"taxonomy":"post_tag","embeddable":true,"href":"https:\/\/latecordoba.com\/index.php\/wp-json\/wp\/v2\/tags?post=1715"}],"curies":[{"name":"wp","href":"https:\/\/api.w.org\/{rel}","templated":true}]}}