{"id":1713,"date":"2023-02-18T22:22:18","date_gmt":"2023-02-18T22:22:18","guid":{"rendered":"https:\/\/ar.marca.com\/claro\/futbol\/primera-division\/2023\/02\/18\/63f14f16268e3ee5138b45b9.html"},"modified":"2023-02-18T22:22:18","modified_gmt":"2023-02-18T22:22:18","slug":"lanus-golea-a-central-y-es-lider-absoluto-de-la-liga","status":"publish","type":"post","link":"https:\/\/latecordoba.com\/index.php\/2023\/02\/18\/lanus-golea-a-central-y-es-lider-absoluto-de-la-liga\/","title":{"rendered":"Lan\u00fas golea a Central y es l\u00edder absoluto de la Liga"},"content":{"rendered":"\n<div class=\"media_block\"><a href=\"http:\/\/latecordoba.com\/wp-content\/uploads\/2023\/02\/lanus-golea-a-central-y-es-lider-absoluto-de-la-liga-1.jpg\"><img decoding=\"async\" src=\"http:\/\/latecordoba.com\/wp-content\/uploads\/2023\/02\/lanus-golea-a-central-y-es-lider-absoluto-de-la-liga.jpg\" class=\"media_thumbnail\"><\/a><\/div>\n<p><h2 class=\"section-title-group izquierda\"><span class=\"section-type\">Liga Profesional<\/span>&nbsp;<span class=\"subsection-type\">Tremendo segundo tiempo del Grana<\/span><\/h2>\n<\/p>\n<div readability=\"115.56529391059\">\n<figure class=\"multimedia-item image\"><img decoding=\"async\" src=\"http:\/\/latecordoba.com\/wp-content\/uploads\/2023\/02\/lanus-golea-a-central-y-es-lider-absoluto-de-la-liga-1.jpg\" class=\"full-image\"><\/figure>\n<aside class=\"aside-tools byline-tools\"><\/aside>\n<p><span class=\"capital-letter\">L<\/span>an\u00fas venci\u00f3, esta tarde, a Rosario Central por 3-0 con goles de Franco Troyansky, Pedro De La Vega y Franco Orozco en el Estadio N\u00e9stor D\u00edaz P\u00e9rez en el marco de la continuidad de la cuarta fecha de la Liga Profesional de F\u00fatbol 2023.<\/p>\n<p> El primer tiempo no dio mucho que hablar, fue una mitad con mucha fricci\u00f3n sin grandes trabajos para los arqueros tanto del &#8220;Canalla&#8221; como de los del sur del Gran Buenos Aires pero, sin embargo, a los 43 minutos, Juan Cruz Komar empujo -inocentemente- a Tom\u00e1s Belmonte en el \u00e1rea &#8220;Acad\u00e9mica&#8221; cometiendo penal para el local que Franco Troyansky ejecut\u00f3 con una gran displicencia y lo envi\u00f3 al medio de la hinchada del &#8220;Grana&#8221;.<\/p>\n<p> El equipo de Frank Dar\u00edo Kudelka pudo romper el empate a los 10 minutos mediante Franco Troyansky que, desde la derecha del \u00e1rea grande &#8220;Auriazul&#8221;, sac\u00f3 un remate rasante al primer palo de Gaspar Servio y puso el 1-0.<\/p>\n<p> Luego, a los 15 y tras un error garrafal del arquero rosarino, Pedro De La Vega marc\u00f3 el 2-0 momentaneo ya que, a los 26 minutos, Franco Orozco anoto el 3-0 definitivo para los l\u00edderes del certamen.<\/p>\n<p> El &#8220;Granate&#8221;, que alcanza los doce puntos en este gran inicio de temporada, continuar\u00e1 su camino en el torneo el pr\u00f3ximo lunes cuando visite el Estadio Juan Domingo Per\u00f3n para enfrentar a Racing Club a las 19:15 mientras que, por el lado de los de Miguel \u00c1ngel Russo, recibir\u00e1n el pr\u00f3ximo viernes a las 21 a Godoy Cruz en el Estadio &#8220;Gigante de Arroyito&#8221;.<\/p>\n<p> .<\/p>\n<p> Esta es la s\u00edntesis de Lan\u00fas vs Rosario Central por la Liga Profesional: .<\/p>\n<p> Liga Profesional de F\u00fatbol 2023 &#8211; Cuarta fecha.<\/p>\n<p> Lan\u00fas (3) vs Rosario Central (0).<\/p>\n<p> Estadio: N\u00e9stor D\u00edaz P\u00e9rez, Lan\u00fas, Buenos Aires.<\/p>\n<p> \u00c1rbitro: Nicol\u00e1s Lamolina.<\/p>\n<p> VAR: Yael Falc\u00f3n P\u00e9rez .<\/p>\n<p> Lan\u00fas: Lucas Acosta; Brian Aguirre, Cristian Lema, Jos\u00e9 Canale, Juan S\u00e1nchez Mi\u00f1o; Tom\u00e1s Belmonte, Ra\u00fal Loaiza, Luciano Boggio; Mat\u00edas Esquivel, Franco Troyansky y Pedro De La Vega. DT: Frank Kudelka.<\/p>\n<p> .<\/p>\n<p> Rosario Central: Gaspar Servio; Dami\u00e1n Mart\u00ednez, Juan Cruz Komar, Facundo Mallo, Lucas Rodr\u00edguez; Francis Mac Allister, Kevin Ortiz, Gino Infantino, Ignacio Malcorra, Jhonatan Cand\u00eda; Alejo Veliz. DT: Miguel \u00c1ngel Russo.<\/p>\n<p> .<\/p>\n<p> Gol en el segundo tiempo: 10m. Franco Troyansky (L); 15m. Pedro De La Vega (L); 26m. Franco Orozco (L) .<\/p>\n<p> Cambio en el primer tiempo: 34m. Juli\u00e1n Aude por Juan S\u00e1nchez Mi\u00f1o (L) .<\/p>\n<p> Cambios en el segundo tiempo: Al inicio. Jaminton Campaz por Jhonatan Cand\u00eda (RC); 16m. Juli\u00e1n Fern\u00e1ndez por Ra\u00fal Loaiza (L); 22m. Franco Orozco por Luciano Boggio (L), Brian Blando por Mat\u00edas Esquivel (L); 40m. Agust\u00edn Toledo por Francis Mac Allister (RC).<\/p>\n<p> .<\/p>\n<p> Incidencias en el primer tiempo: 46m. Franco Troyansky fall\u00f3 un penal (L) .<\/p>\n<p> Incidencias en el segundo tiempo: 47m. Cristian Lema expulsado (L).<\/p>\n<aside class=\"related-tags\"><\/aside>\n<\/div>\n","protected":false},"excerpt":{"rendered":"\n<div class=\"media_block\"><a href=\"http:\/\/latecordoba.com\/wp-content\/uploads\/2023\/02\/lanus-golea-a-central-y-es-lider-absoluto-de-la-liga-1.jpg\"><img decoding=\"async\" src=\"http:\/\/latecordoba.com\/wp-content\/uploads\/2023\/02\/lanus-golea-a-central-y-es-lider-absoluto-de-la-liga.jpg\" class=\"media_thumbnail\"><\/a><\/div>\n<p>&nbsp;<a href=\"https:\/\/ar.marca.com\/claro\/futbol\/primera-division\/2023\/02\/18\/63f14f16268e3ee5138b45b9.html\"> Leer <\/a><img decoding=\"async\" src=\"http:\/\/latecordoba.com\/wp-content\/uploads\/2023\/02\/lanus-golea-a-central-y-es-lider-absoluto-de-la-liga.gif\" alt=\"\"\/> <\/p>\n","protected":false},"author":1,"featured_media":1714,"comment_status":"closed","ping_status":"closed","sticky":false,"template":"","format":"standard","meta":[],"categories":[17],"tags":[],"_links":{"self":[{"href":"https:\/\/latecordoba.com\/index.php\/wp-json\/wp\/v2\/posts\/1713"}],"collection":[{"href":"https:\/\/latecordoba.com\/index.php\/wp-json\/wp\/v2\/posts"}],"about":[{"href":"https:\/\/latecordoba.com\/index.php\/wp-json\/wp\/v2\/types\/post"}],"author":[{"embeddable":true,"href":"https:\/\/latecordoba.com\/index.php\/wp-json\/wp\/v2\/users\/1"}],"replies":[{"embeddable":true,"href":"https:\/\/latecordoba.com\/index.php\/wp-json\/wp\/v2\/comments?post=1713"}],"version-history":[{"count":0,"href":"https:\/\/latecordoba.com\/index.php\/wp-json\/wp\/v2\/posts\/1713\/revisions"}],"wp:featuredmedia":[{"embeddable":true,"href":"https:\/\/latecordoba.com\/index.php\/wp-json\/wp\/v2\/media\/1714"}],"wp:attachment":[{"href":"https:\/\/latecordoba.com\/index.php\/wp-json\/wp\/v2\/media?parent=1713"}],"wp:term":[{"taxonomy":"category","embeddable":true,"href":"https:\/\/latecordoba.com\/index.php\/wp-json\/wp\/v2\/categories?post=1713"},{"taxonomy":"post_tag","embeddable":true,"href":"https:\/\/latecordoba.com\/index.php\/wp-json\/wp\/v2\/tags?post=1713"}],"curies":[{"name":"wp","href":"https:\/\/api.w.org\/{rel}","templated":true}]}}