{"id":1707,"date":"2023-02-28T04:41:17","date_gmt":"2023-02-28T04:41:17","guid":{"rendered":"https:\/\/viapais.com.ar\/arroyito\/el-1-de-marzo-se-realiza-la-apertura-de-sesiones-ordinarias-2023-del-concejo-deliberante-de-arroyito\/"},"modified":"2023-02-28T04:41:17","modified_gmt":"2023-02-28T04:41:17","slug":"el-1-de-marzo-se-realiza-la-apertura-de-sesiones-ordinarias-2023-del-concejo-deliberante-de-arroyito","status":"publish","type":"post","link":"https:\/\/latecordoba.com\/index.php\/2023\/02\/28\/el-1-de-marzo-se-realiza-la-apertura-de-sesiones-ordinarias-2023-del-concejo-deliberante-de-arroyito\/","title":{"rendered":"El 1 de marzo se realiza la Apertura de Sesiones Ordinarias 2023 del Concejo Deliberante de Arroyito"},"content":{"rendered":"\n<p>Como ocurre todos los a\u00f1os en los diferentes Municipios y Gobiernos, en Arroyito <b>se llevar\u00e1 a cabo el Acto de Apertura de Sesiones Ordinarias 2023<\/b> donde el Sr. Intendente Gustavo <b>Benedetti dejar\u00e1 formalmente inaugurado el Ciclo Legislativo <\/b>correspondiente al corriente a\u00f1o.<\/p>\n<figure><picture><img alt=\"Apertura de Sesiones Ordinarias Concejo Deliberante de Arroyito\" class=\"lazyload block \" sizes=\"auto\" data-src=\"http:\/\/latecordoba.com\/wp-content\/uploads\/2023\/02\/el-1-de-marzo-se-realiza-la-apertura-de-sesiones-ordinarias-2023-del-concejo-deliberante-de-arroyito.jpg\" width=\"1023px\" height=\"682px\"><\/picture><figcaption class>Apertura de Sesiones Ordinarias Concejo Deliberante de Arroyito Foto: Prensa Municipal<\/figcaption><\/figure>\n<p>En este caso,<b> la invitaci\u00f3n la cursa<\/b> la Viceintendente y Presidente Natural del Concejo Deliberante, <b>Prof. Mar\u00eda Jos\u00e9 Esp\u00f3sito.<\/b><\/p>\n<p>El acto <b>se realizar\u00e1 en la Explanada Central de la Plaza 25 de Mayo el mi\u00e9rcoles 1 de marzo<\/b> desde las <b>20:00 hs. con tolerancia.<\/b> Cabe destacar que en caso de <b>mal tiempo se realizar\u00e1 en el Sal\u00f3n Parroquial.<\/b><\/p>\n<figure><picture><img alt=\"Apertura de Sesiones Ordinarias Concejo Deliberante de Arroyito\" class=\"lazyload block \" sizes=\"auto\" data-src=\"http:\/\/latecordoba.com\/wp-content\/uploads\/2023\/02\/el-1-de-marzo-se-realiza-la-apertura-de-sesiones-ordinarias-2023-del-concejo-deliberante-de-arroyito-1.jpg\" width=\"1023px\" height=\"682px\"><\/picture><figcaption class>Apertura de Sesiones Ordinarias Concejo Deliberante de Arroyito Foto: Prensa Municipal<\/figcaption><\/figure>\n","protected":false},"excerpt":{"rendered":"<p>Como ocurre todos los a\u00f1os en los diferentes Municipios y Gobiernos, en Arroyito se llevar\u00e1 a cabo el Acto de Apertura de Sesiones Ordinarias 2023 donde el Sr. Intendente Gustavo Benedetti dejar\u00e1 formalmente inaugurado el Ciclo Legislativo correspondiente al corriente a\u00f1o. Apertura de Sesiones Ordinarias Concejo Deliberante de Arroyito Foto: Prensa Municipal En este caso, [&hellip;]<\/p>\n","protected":false},"author":1,"featured_media":1708,"comment_status":"closed","ping_status":"closed","sticky":false,"template":"","format":"standard","meta":[],"categories":[15],"tags":[],"_links":{"self":[{"href":"https:\/\/latecordoba.com\/index.php\/wp-json\/wp\/v2\/posts\/1707"}],"collection":[{"href":"https:\/\/latecordoba.com\/index.php\/wp-json\/wp\/v2\/posts"}],"about":[{"href":"https:\/\/latecordoba.com\/index.php\/wp-json\/wp\/v2\/types\/post"}],"author":[{"embeddable":true,"href":"https:\/\/latecordoba.com\/index.php\/wp-json\/wp\/v2\/users\/1"}],"replies":[{"embeddable":true,"href":"https:\/\/latecordoba.com\/index.php\/wp-json\/wp\/v2\/comments?post=1707"}],"version-history":[{"count":0,"href":"https:\/\/latecordoba.com\/index.php\/wp-json\/wp\/v2\/posts\/1707\/revisions"}],"wp:featuredmedia":[{"embeddable":true,"href":"https:\/\/latecordoba.com\/index.php\/wp-json\/wp\/v2\/media\/1708"}],"wp:attachment":[{"href":"https:\/\/latecordoba.com\/index.php\/wp-json\/wp\/v2\/media?parent=1707"}],"wp:term":[{"taxonomy":"category","embeddable":true,"href":"https:\/\/latecordoba.com\/index.php\/wp-json\/wp\/v2\/categories?post=1707"},{"taxonomy":"post_tag","embeddable":true,"href":"https:\/\/latecordoba.com\/index.php\/wp-json\/wp\/v2\/tags?post=1707"}],"curies":[{"name":"wp","href":"https:\/\/api.w.org\/{rel}","templated":true}]}}