{"id":1698,"date":"2023-02-27T14:18:48","date_gmt":"2023-02-27T14:18:48","guid":{"rendered":"https:\/\/www.puntal.com.ar\/amalia-granata\/amalia-granata-fue-sorprendida-leonardo-squarzon-y-el-hijo-ambos-el-dia-su-cumpleanos-n185577"},"modified":"2023-02-27T14:18:48","modified_gmt":"2023-02-27T14:18:48","slug":"amalia-granata-fue-sorprendida-por-leonardo-squarzon-y-el-hijo-de-ambos-en-el-dia-de-su-cumpleanos","status":"publish","type":"post","link":"https:\/\/latecordoba.com\/index.php\/2023\/02\/27\/amalia-granata-fue-sorprendida-por-leonardo-squarzon-y-el-hijo-de-ambos-en-el-dia-de-su-cumpleanos\/","title":{"rendered":"Amalia Granata fue sorprendida por Leonardo Squarzon y el hijo de ambos en el d\u00eda de su cumplea\u00f1os"},"content":{"rendered":"\n<div><img decoding=\"async\" src=\"http:\/\/latecordoba.com\/wp-content\/uploads\/2023\/02\/amalia-granata-fue-sorprendida-por-leonardo-squarzon-y-el-hijo-de-ambos-en-el-dia-de-su-cumpleanos.jpg\" class=\"ff-og-image-inserted\"><\/div>\n<div class=\"cuerpo\" data-twitter-link readability=\"34.85393258427\">\n<p> Todo qued\u00f3 registrado en las historias de Instagram que subi\u00f3 la cumplea\u00f1era que no es otra que <strong><a href=\"https:\/\/pablolayus.ar\/la-emotiva-despedida-de-amalia-granata-a-su-hija\/\">Amalia Granata<\/a><\/strong> tras haber sido filmado por \u00c1ngel de Brito. De forma inesperada, Leo Squarzon y Roque sorprendieron a la periodista, panelista y diputada provincial de Santa Fe con una propuesta de casamiento. Todo qued\u00f3 grabado y el conductor de LAM (Am\u00e9rica) lo comparti\u00f3 en las redes.<\/p>\n<div contenteditable=\"false\" class=\"embed_cont type_freetext\" rel=\"freetext\" id=\"embed3211_wrap\" data-provider=\"YouTube\" readability=\"32\">\n<p> Amalia Granata se llev\u00f3 una gran sorpresa- Minuto Argentina<span onclick=\"parent.parent.TinyMCETdcuerpo.preview_embed('embed3211')\" class=\"embed_colapse less\" id=\"embed3211_colapse\"><\/span><span onclick=\"parent.parent.TinyMCETdcuerpo.delete_embed('embed3211')\" class=\"embed_delete less\" id=\"embed3211_delete\"><\/span><\/p>\n<div id=\"embed3211_content\" class=\"embed_content\">\n<p> <iframe loading=\"lazy\" width=\"200\" height=\"113\" src=\"https:\/\/www.youtube.com\/embed\/aJ2ioA6X7vQ?feature=oembed\" frameborder=\"0\" allow=\"accelerometer; autoplay; clipboard-write; encrypted-media; gyroscope; picture-in-picture; web-share\" allowfullscreen title=\"Amalia Granata se llev\u00f3 una gran sorpresa- Minuto Argentina\">[embedded content]<\/iframe><\/p>\n<\/p><\/div>\n<\/p><\/div>\n<p>En un momento del \u00e1gape, Roque, de seis a\u00f1os, se acerca a su mam\u00e1 <strong><a href=\"https:\/\/pablolayus.ar\/amalia-granata-apunto-contra-jorge-rial\/\">Amalia<\/a><\/strong> con una caja y le pregunta si se quer\u00eda casar con su pap\u00e1. Sorprendida, Amalia tom\u00f3 la caja, desata el mo\u00f1o y se encontr\u00f3 con un anillo de compromiso.<\/p>\n<p>Apenas pasados algunos segundos, <strong><a href=\"http:\/\/www.pablolayus.ar\/\">Amalia Granata<\/a><\/strong> le dio su respuesta al empresario gastron\u00f3mico: \u201cS\u00ed, quiero\u201d, se besaron y se abrazaron frente a los invitados. Entre ellos se encontraba Luli Fern\u00e1ndez, Yanina Latorre, Ana Rosenfeld, Baby Etchecopar, entre otros. \u00bfLa fecha? Febrero, adelant\u00f3 De Brito.<\/p>\n<div contenteditable=\"false\" class=\"embed_cont type_freetext\" rel=\"freetext\" id=\"embed1218_wrap\" data-provider=\"YouTube\" readability=\"32\">\n<p> \u00c1ngel de Brito expuso la situaci\u00f3n vivida en el cumple de Amalia Granata<span onclick=\"parent.parent.TinyMCETdcuerpo.preview_embed('embed1218')\" class=\"embed_colapse less\" id=\"embed1218_colapse\"><\/span><span onclick=\"parent.parent.TinyMCETdcuerpo.delete_embed('embed1218')\" class=\"embed_delete less\" id=\"embed1218_delete\"><\/span><\/p>\n<div id=\"embed1218_content\" class=\"embed_content\">\n<p> <iframe loading=\"lazy\" width=\"200\" height=\"113\" src=\"https:\/\/www.youtube.com\/embed\/I1sstP_YhZc?feature=oembed\" frameborder=\"0\" allow=\"accelerometer; autoplay; clipboard-write; encrypted-media; gyroscope; picture-in-picture; web-share\" allowfullscreen title=\"\u00c1ngel de Brito expuso la situaci\u00f3n vivida en el cumple de Amalia Granata\">[embedded content]<\/iframe><\/p>\n<\/p><\/div>\n<\/p><\/div>\n<\/p><\/div>\n","protected":false},"excerpt":{"rendered":"<p>\nEl momento fue inmortalizado por \u00c1ngel de Brito, uno de los invitados a la celebraci\u00f3n.  <\/p>\n","protected":false},"author":1,"featured_media":1699,"comment_status":"closed","ping_status":"closed","sticky":false,"template":"","format":"standard","meta":[],"categories":[14],"tags":[],"_links":{"self":[{"href":"https:\/\/latecordoba.com\/index.php\/wp-json\/wp\/v2\/posts\/1698"}],"collection":[{"href":"https:\/\/latecordoba.com\/index.php\/wp-json\/wp\/v2\/posts"}],"about":[{"href":"https:\/\/latecordoba.com\/index.php\/wp-json\/wp\/v2\/types\/post"}],"author":[{"embeddable":true,"href":"https:\/\/latecordoba.com\/index.php\/wp-json\/wp\/v2\/users\/1"}],"replies":[{"embeddable":true,"href":"https:\/\/latecordoba.com\/index.php\/wp-json\/wp\/v2\/comments?post=1698"}],"version-history":[{"count":0,"href":"https:\/\/latecordoba.com\/index.php\/wp-json\/wp\/v2\/posts\/1698\/revisions"}],"wp:featuredmedia":[{"embeddable":true,"href":"https:\/\/latecordoba.com\/index.php\/wp-json\/wp\/v2\/media\/1699"}],"wp:attachment":[{"href":"https:\/\/latecordoba.com\/index.php\/wp-json\/wp\/v2\/media?parent=1698"}],"wp:term":[{"taxonomy":"category","embeddable":true,"href":"https:\/\/latecordoba.com\/index.php\/wp-json\/wp\/v2\/categories?post=1698"},{"taxonomy":"post_tag","embeddable":true,"href":"https:\/\/latecordoba.com\/index.php\/wp-json\/wp\/v2\/tags?post=1698"}],"curies":[{"name":"wp","href":"https:\/\/api.w.org\/{rel}","templated":true}]}}