{"id":1696,"date":"2023-02-28T00:14:19","date_gmt":"2023-02-28T00:14:19","guid":{"rendered":"https:\/\/www.lapoliticaonline.com\/politica\/macri-consiguio-la-foto-que-messi-le-nego-a-alberto\/"},"modified":"2023-02-28T00:14:19","modified_gmt":"2023-02-28T00:14:19","slug":"macri-consiguio-la-foto-que-messi-le-nego-a-alberto","status":"publish","type":"post","link":"https:\/\/latecordoba.com\/index.php\/2023\/02\/28\/macri-consiguio-la-foto-que-messi-le-nego-a-alberto\/","title":{"rendered":"Macri consigui\u00f3 la foto que Messi le neg\u00f3 a Alberto"},"content":{"rendered":"\n<div><img decoding=\"async\" src=\"http:\/\/latecordoba.com\/wp-content\/uploads\/2023\/02\/macri-consiguio-la-foto-que-messi-le-nego-a-alberto.jpg\" class=\"ff-og-image-inserted\"><\/div>\n<div id=\"vsmcontent\" readability=\"72.285\">\n<p>Lionel Messi se sac\u00f3 una foto con Mauricio Macri en Par\u00eds dos meses despu\u00e9s de negarle a Alberto Fern\u00e1ndez la postal de los festejos por el triunfo en el Mundial de Qatar.<\/p>\n<p>El ex presidente viaj\u00f3 a Par\u00eds para participar de la entrega de los premios The Best que organiz\u00f3 la FIFA de la que forma parte. Messi gan\u00f3 el premio al mejor jugador del a\u00f1o y Emiliano &#8220;Dibu&#8221; Mart\u00ednez, que tambi\u00e9n pos\u00f3 junto a Macri, al de mejor arquero.<\/p>\n<p>&#8220;Felicitaciones a Leo, Antonela, Dibu y Mandinha por esta noche muy especial. Gracias a Scaloni y gracias a todo el equipo. \u00a1Qu\u00e9 orgullo nos han hecho sentir de ser argentinos estos muchachos!&#8221;, tuite\u00f3 Macri junto a la foto.<\/p>\n<p><a href=\"https:\/\/www.lapoliticaonline.com\/tools\/redirect.php?t=3&amp;i=252947&amp;s=a66d61dbe55d81b0334442a223375008\" target=\"_blank\" class=\"link-type-content content-type-noticia-ar\" rel=\"noopener\">El peronismo quiere homenajear a Messi en la C\u00e1mara de Diputados&nbsp;<\/a><\/p>\n<p>La foto de Macri con Messi es un desaire al peronismo: <a href=\"https:\/\/www.lapoliticaonline.com\/congreso\/el-peronismo-quiere-homenajear-a-messi-en-la-camara-de-diputados\/\" target=\"_blank\" rel=\"noopener\">como adelant\u00f3 LPO<\/a>, el Frente de Todos quiere hacerle un homenaje al capit\u00e1n de la Selecci\u00f3n en la C\u00e1mara de Diputados, luego no poder celebrar la copa del mundo en la Casa Rosada.<\/p>\n<\/div>\n<p><strong>Copyright La Politica Online SA 2023.<\/strong><br \/>Por favor no corte ni pegue en la web nuestras notas, tiene la posibilidad de redistribuirlas usando nuestras herramientas.<\/p>\n","protected":false},"excerpt":{"rendered":"<p> Posaron con el Dibu Mart\u00ednez en Par\u00eds, justo cuando el PJ quiere llevar al astro al Congreso tras la frustrada foto con el presidente.  <\/p>\n","protected":false},"author":1,"featured_media":1697,"comment_status":"closed","ping_status":"closed","sticky":false,"template":"","format":"standard","meta":[],"categories":[18],"tags":[],"_links":{"self":[{"href":"https:\/\/latecordoba.com\/index.php\/wp-json\/wp\/v2\/posts\/1696"}],"collection":[{"href":"https:\/\/latecordoba.com\/index.php\/wp-json\/wp\/v2\/posts"}],"about":[{"href":"https:\/\/latecordoba.com\/index.php\/wp-json\/wp\/v2\/types\/post"}],"author":[{"embeddable":true,"href":"https:\/\/latecordoba.com\/index.php\/wp-json\/wp\/v2\/users\/1"}],"replies":[{"embeddable":true,"href":"https:\/\/latecordoba.com\/index.php\/wp-json\/wp\/v2\/comments?post=1696"}],"version-history":[{"count":0,"href":"https:\/\/latecordoba.com\/index.php\/wp-json\/wp\/v2\/posts\/1696\/revisions"}],"wp:featuredmedia":[{"embeddable":true,"href":"https:\/\/latecordoba.com\/index.php\/wp-json\/wp\/v2\/media\/1697"}],"wp:attachment":[{"href":"https:\/\/latecordoba.com\/index.php\/wp-json\/wp\/v2\/media?parent=1696"}],"wp:term":[{"taxonomy":"category","embeddable":true,"href":"https:\/\/latecordoba.com\/index.php\/wp-json\/wp\/v2\/categories?post=1696"},{"taxonomy":"post_tag","embeddable":true,"href":"https:\/\/latecordoba.com\/index.php\/wp-json\/wp\/v2\/tags?post=1696"}],"curies":[{"name":"wp","href":"https:\/\/api.w.org\/{rel}","templated":true}]}}