{"id":1668,"date":"2023-02-20T17:28:53","date_gmt":"2023-02-20T17:28:53","guid":{"rendered":"https:\/\/ar.marca.com\/claro\/futbol\/seleccion-argentina\/2023\/02\/20\/63f3ac25e2704e11218b45b6.html"},"modified":"2023-02-20T17:28:53","modified_gmt":"2023-02-20T17:28:53","slug":"argentina-y-messi-nominados-a-los-premios-laureus","status":"publish","type":"post","link":"https:\/\/latecordoba.com\/index.php\/2023\/02\/20\/argentina-y-messi-nominados-a-los-premios-laureus\/","title":{"rendered":"Argentina y Messi, nominados a los premios Laureus"},"content":{"rendered":"\n<div class=\"media_block\"><a href=\"https:\/\/e00-ar-marca.uecdn.es\/claro\/assets\/multimedia\/imagenes\/2023\/02\/21\/16770081257683.jpg\"><img decoding=\"async\" src=\"http:\/\/latecordoba.com\/wp-content\/uploads\/2023\/02\/argentina-y-messi-nominados-a-los-premios-laureus.jpg\" class=\"media_thumbnail\"><\/a><\/div>\n<p><h2 class=\"section-title-group izquierda\"><span class=\"section-type\">Selecci\u00f3n Argentina<\/span>&nbsp;<span class=\"subsection-type\">El equipo albiceleste sigue siendo galardonado luego de la copa del mundo<\/span><\/h2>\n<\/p>\n<div readability=\"55.535310734463\">\n<figure class=\"multimedia-item image\"><img decoding=\"async\" src=\"http:\/\/latecordoba.com\/wp-content\/uploads\/2023\/02\/argentina-y-messi-nominados-a-los-premios-laureus-1.jpg\" class=\"full-image\"><\/figure>\n<aside class=\"aside-tools byline-tools\"><\/aside>\n<p><span class=\"capital-letter\">L<\/span>a albiceleste no para de estar nominada, tanto el equipo como sus integrantes, y no es casualidad. En esta ocasi\u00f3n,<strong> la Selecci\u00f3n argentina y su capit\u00e1n, Lionel Messi, est\u00e1n entre los nominados para los Premios Laureus World Sports del Deporte Mundial 2023.<\/strong> As\u00ed lo confirm\u00f3 la academia, este lunes. <\/p>\n<p>Leo, quien estuvo nominado en ocho oportunidades, competir\u00e1 en la categor\u00eda &#8220;Mejor deportista masculino del a\u00f1o&#8221; y junto con<strong> Kylian Mbapp\u00e9, Steph Curry, Mondo Duplantis, Rafael Nadal y Max Verstappen<\/strong>. Messi ya fue el ganador de la edici\u00f3n 2020.<\/p>\n<blockquote class=\"twitter-tweet\" readability=\"12.700389105058\">\n<p lang=\"es\" dir=\"ltr\">\u00a1LEO MESSI, NOMINADO A OTRO PREMIO!<\/p>\n<p>El argentino est\u00e1 junto a Mbapp\u00e9, Verstappen, Duplantis, Nadal y Curry, entre los candidatos al Premio Laureus al mejor deportista del mundo<a href=\"https:\/\/twitter.com\/hashtag\/Laureus23?src=hash&amp;ref_src=twsrc%5Etfw\">#Laureus23<\/a><a href=\"https:\/\/t.co\/xom4cCPQj9\">pic.twitter.com\/xom4cCPQj9<\/a><\/p>\n<p>? SportsCenter (@SC_ESPN) <a href=\"https:\/\/twitter.com\/SC_ESPN\/status\/1627627132628213760?ref_src=twsrc%5Etfw\">February 20, 2023<\/a><\/p>\n<\/blockquote>\n<blockquote class=\"twitter-tweet\" readability=\"8.2823529411765\">\n<p lang=\"es\" dir=\"ltr\">\u00a1LA SELECCI\u00d3N ARGENTINA PELEA TAMBI\u00c9N POR UN GALARD\u00d3N!<\/p>\n<p>El campe\u00f3n del mundo en <a href=\"https:\/\/twitter.com\/hashtag\/Qatar2022?src=hash&amp;ref_src=twsrc%5Etfw\">#Qatar2022<\/a> est\u00e1 entre los candidatos al Premio Laureus al mejor trabajo en equipo definitivo<a href=\"https:\/\/twitter.com\/hashtag\/Laureus23?src=hash&amp;ref_src=twsrc%5Etfw\">#Laureus23<\/a><a href=\"https:\/\/t.co\/6x3kAIfGPn\">pic.twitter.com\/6x3kAIfGPn<\/a><\/p>\n<p>? SportsCenter (@SC_ESPN) <a href=\"https:\/\/twitter.com\/SC_ESPN\/status\/1627628240457048064?ref_src=twsrc%5Etfw\">February 20, 2023<\/a><\/p>\n<\/blockquote>\n<p>&#8220;<strong>Lionel Messi recogi\u00f3 el \u00fanico premio que se le hab\u00eda escapado al llevar a Argentina a la Copa del Mundo. El hat-trick de Kylian Mbapp\u00e9 en la final le vali\u00f3 la Bota de Oro como m\u00e1ximo goleador del Mundial. Rafael Nadal termin\u00f3 2022 solo en la cima de la lista de todos los tiempos de campeones de Grand Slam masculino con 22 t\u00edtulos despu\u00e9s de la victoria en Australia y Francia<\/strong>&#8220;, describen en la p\u00e1gina oficial de los Premios Laureus sobre los m\u00e9ritos de cada participante.<\/p>\n<p><iframe loading=\"lazy\" width=\"867\" height=\"400\" src=\"https:\/\/www.youtube.com\/embed\/D7XKe20Sxtg\" title=\"Nominations for Laureus World Sports Awards 2023\" frameborder=\"0\" allow=\"accelerometer; autoplay; clipboard-write; encrypted-media; gyroscope; picture-in-picture; web-share\" allowfullscreen>[embedded content]<\/iframe><\/p>\n<aside class=\"related-tags\"><\/aside>\n<\/div>\n","protected":false},"excerpt":{"rendered":"\n<div class=\"media_block\"><a href=\"https:\/\/e00-ar-marca.uecdn.es\/claro\/assets\/multimedia\/imagenes\/2023\/02\/21\/16770081257683.jpg\"><img decoding=\"async\" src=\"http:\/\/latecordoba.com\/wp-content\/uploads\/2023\/02\/argentina-y-messi-nominados-a-los-premios-laureus.jpg\" class=\"media_thumbnail\"><\/a><\/div>\n<p>&nbsp;<a href=\"https:\/\/ar.marca.com\/claro\/futbol\/seleccion-argentina\/2023\/02\/20\/63f3ac25e2704e11218b45b6.html\"> Leer <\/a><img decoding=\"async\" src=\"http:\/\/latecordoba.com\/wp-content\/uploads\/2023\/02\/argentina-y-messi-nominados-a-los-premios-laureus.gif\" alt=\"\"\/> <\/p>\n","protected":false},"author":1,"featured_media":1669,"comment_status":"closed","ping_status":"closed","sticky":false,"template":"","format":"standard","meta":[],"categories":[17],"tags":[],"_links":{"self":[{"href":"https:\/\/latecordoba.com\/index.php\/wp-json\/wp\/v2\/posts\/1668"}],"collection":[{"href":"https:\/\/latecordoba.com\/index.php\/wp-json\/wp\/v2\/posts"}],"about":[{"href":"https:\/\/latecordoba.com\/index.php\/wp-json\/wp\/v2\/types\/post"}],"author":[{"embeddable":true,"href":"https:\/\/latecordoba.com\/index.php\/wp-json\/wp\/v2\/users\/1"}],"replies":[{"embeddable":true,"href":"https:\/\/latecordoba.com\/index.php\/wp-json\/wp\/v2\/comments?post=1668"}],"version-history":[{"count":0,"href":"https:\/\/latecordoba.com\/index.php\/wp-json\/wp\/v2\/posts\/1668\/revisions"}],"wp:featuredmedia":[{"embeddable":true,"href":"https:\/\/latecordoba.com\/index.php\/wp-json\/wp\/v2\/media\/1669"}],"wp:attachment":[{"href":"https:\/\/latecordoba.com\/index.php\/wp-json\/wp\/v2\/media?parent=1668"}],"wp:term":[{"taxonomy":"category","embeddable":true,"href":"https:\/\/latecordoba.com\/index.php\/wp-json\/wp\/v2\/categories?post=1668"},{"taxonomy":"post_tag","embeddable":true,"href":"https:\/\/latecordoba.com\/index.php\/wp-json\/wp\/v2\/tags?post=1668"}],"curies":[{"name":"wp","href":"https:\/\/api.w.org\/{rel}","templated":true}]}}