{"id":1666,"date":"2023-02-19T19:32:45","date_gmt":"2023-02-19T19:32:45","guid":{"rendered":"https:\/\/ar.marca.com\/claro\/futbol\/boca-juniors\/2023\/02\/19\/63f278e822601d3e448b458e.html"},"modified":"2023-02-19T19:32:45","modified_gmt":"2023-02-19T19:32:45","slug":"levantaron-la-clausura-de-la-tercera-bandeja-de-la-bombonera","status":"publish","type":"post","link":"https:\/\/latecordoba.com\/index.php\/2023\/02\/19\/levantaron-la-clausura-de-la-tercera-bandeja-de-la-bombonera\/","title":{"rendered":"Levantaron la clausura de la tercera bandeja de La Bombonera"},"content":{"rendered":"\n<div class=\"media_block\"><a href=\"http:\/\/latecordoba.com\/wp-content\/uploads\/2023\/02\/levantaron-la-clausura-de-la-tercera-bandeja-de-la-bombonera-1.jpg\"><img decoding=\"async\" src=\"http:\/\/latecordoba.com\/wp-content\/uploads\/2023\/02\/levantaron-la-clausura-de-la-tercera-bandeja-de-la-bombonera.jpg\" class=\"media_thumbnail\"><\/a><\/div>\n<p><h2 class=\"section-title-group izquierda\"><span class=\"section-type\">Boca Juniors<\/span>&nbsp;<span class=\"subsection-type\">La Justicia resolvi\u00f3 a favor del club Xeneize, a horas del partido contra Platense<\/span><\/h2>\n<\/p>\n<div readability=\"58.202604482132\">\n<figure class=\"multimedia-item image\"><img decoding=\"async\" src=\"http:\/\/latecordoba.com\/wp-content\/uploads\/2023\/02\/levantaron-la-clausura-de-la-tercera-bandeja-de-la-bombonera-1.jpg\" class=\"full-image\"><\/figure>\n<aside class=\"aside-tools byline-tools\"><\/aside>\n<p><strong>Boca Juniors recibi\u00f3 la noticia de que la Justicia levant\u00f3 la clausura de la tercera bandeja de La Bombonera<\/strong>. La medida se dio a conocer a pocas horas del partido contra Platense, correspondiente a la cuarta fecha de la Liga Profesional de F\u00fatbol.<\/p>\n<p>De todas maneras la capacidad en dicho sector estar\u00e1 limitada, ya que podr\u00e1n ingresar 2.950 hinchas sobre los 5.000 lugares disponibles, casi un 60% sobre el m\u00e1ximo disponible.<\/p>\n<p><strong>Esta decisi\u00f3n deja sin efecto a la resoluci\u00f3n que tom\u00f3 el s\u00e1bado el juez en lo Penal, Contravencional y de Faltas porte\u00f1o, Rodolfo Clerici, quien decidi\u00f3 mantener clausurada dicha parte del estadio<\/strong> justific\u00e1ndose en que no estaban dadas las garant\u00edas de estabilidad estructural y que hab\u00eda riesgo de derrumbe.<\/p>\n<blockquote class=\"twitter-tweet\" readability=\"7.6756756756757\">\n<p lang=\"es\" dir=\"ltr\"> Riquelme habla de La Bombonera y la fiscal Celsa Ram\u00edrez. Cuando Rom\u00e1n se pone modo domador, es imparable.<a href=\"https:\/\/t.co\/0FXUdpDneE\">pic.twitter.com\/0FXUdpDneE<\/a><\/p>\n<p>? Rinc\u00f3n Bostero (@RinconDeBoca) <a href=\"https:\/\/twitter.com\/RinconDeBoca\/status\/1626321192050126851?ref_src=twsrc%5Etfw\">February 16, 2023<\/a><\/p>\n<\/blockquote>\n<p>La pol\u00e9mica por la suspensi\u00f3n de la tercera bandeja de La Bombonera fue tal que incluso <strong>Juan Rom\u00e1n Riquelme, vicepresidente primero del club de La Ribera, sali\u00f3 al cruce contra la fiscal Celsa Ram\u00edrez, quien est\u00e1 a cargo de la investigaci\u00f3n<\/strong>: &#8220;La cancha est\u00e1 linda, La Bombonera es linda, la gente nuestra lo hace cada vez m\u00e1s hermoso a este estadio, es una fiesta cada vez que jugamos de local. Habr\u00eda que preguntarle a la se\u00f1ora de qu\u00e9 cuadro es, es a misma que hizo declarar a mi hijo&#8221;, mientras que asegur\u00f3 que &#8220;ahora est\u00e1 todo en regla&#8221;.<\/p>\n<aside class=\"related-tags\"><\/aside>\n<\/div>\n","protected":false},"excerpt":{"rendered":"\n<div class=\"media_block\"><a href=\"http:\/\/latecordoba.com\/wp-content\/uploads\/2023\/02\/levantaron-la-clausura-de-la-tercera-bandeja-de-la-bombonera-1.jpg\"><img decoding=\"async\" src=\"http:\/\/latecordoba.com\/wp-content\/uploads\/2023\/02\/levantaron-la-clausura-de-la-tercera-bandeja-de-la-bombonera.jpg\" class=\"media_thumbnail\"><\/a><\/div>\n<p>&nbsp;<a href=\"https:\/\/ar.marca.com\/claro\/futbol\/boca-juniors\/2023\/02\/19\/63f278e822601d3e448b458e.html\"> Leer <\/a><img decoding=\"async\" src=\"http:\/\/latecordoba.com\/wp-content\/uploads\/2023\/02\/levantaron-la-clausura-de-la-tercera-bandeja-de-la-bombonera.gif\" alt=\"\"\/> <\/p>\n","protected":false},"author":1,"featured_media":1667,"comment_status":"closed","ping_status":"closed","sticky":false,"template":"","format":"standard","meta":[],"categories":[17],"tags":[],"_links":{"self":[{"href":"https:\/\/latecordoba.com\/index.php\/wp-json\/wp\/v2\/posts\/1666"}],"collection":[{"href":"https:\/\/latecordoba.com\/index.php\/wp-json\/wp\/v2\/posts"}],"about":[{"href":"https:\/\/latecordoba.com\/index.php\/wp-json\/wp\/v2\/types\/post"}],"author":[{"embeddable":true,"href":"https:\/\/latecordoba.com\/index.php\/wp-json\/wp\/v2\/users\/1"}],"replies":[{"embeddable":true,"href":"https:\/\/latecordoba.com\/index.php\/wp-json\/wp\/v2\/comments?post=1666"}],"version-history":[{"count":0,"href":"https:\/\/latecordoba.com\/index.php\/wp-json\/wp\/v2\/posts\/1666\/revisions"}],"wp:featuredmedia":[{"embeddable":true,"href":"https:\/\/latecordoba.com\/index.php\/wp-json\/wp\/v2\/media\/1667"}],"wp:attachment":[{"href":"https:\/\/latecordoba.com\/index.php\/wp-json\/wp\/v2\/media?parent=1666"}],"wp:term":[{"taxonomy":"category","embeddable":true,"href":"https:\/\/latecordoba.com\/index.php\/wp-json\/wp\/v2\/categories?post=1666"},{"taxonomy":"post_tag","embeddable":true,"href":"https:\/\/latecordoba.com\/index.php\/wp-json\/wp\/v2\/tags?post=1666"}],"curies":[{"name":"wp","href":"https:\/\/api.w.org\/{rel}","templated":true}]}}