{"id":1664,"date":"2023-02-20T00:12:42","date_gmt":"2023-02-20T00:12:42","guid":{"rendered":"https:\/\/ar.marca.com\/claro\/futbol\/primera-division\/2023\/02\/20\/63f2baba22601d2f5d8b456d.html"},"modified":"2023-02-20T00:12:42","modified_gmt":"2023-02-20T00:12:42","slug":"union-y-colon-repartieron-puntos-en-el-clasico-de-santa-fe","status":"publish","type":"post","link":"https:\/\/latecordoba.com\/index.php\/2023\/02\/20\/union-y-colon-repartieron-puntos-en-el-clasico-de-santa-fe\/","title":{"rendered":"Uni\u00f3n y Col\u00f3n repartieron puntos en el cl\u00e1sico de Santa Fe"},"content":{"rendered":"\n<div class=\"media_block\"><a href=\"http:\/\/latecordoba.com\/wp-content\/uploads\/2023\/02\/union-y-colon-repartieron-puntos-en-el-clasico-de-santa-fe-1.jpg\"><img decoding=\"async\" src=\"http:\/\/latecordoba.com\/wp-content\/uploads\/2023\/02\/union-y-colon-repartieron-puntos-en-el-clasico-de-santa-fe.jpg\" class=\"media_thumbnail\"><\/a><\/div>\n<p><h2 class=\"section-title-group izquierda\"><span class=\"section-type\">Liga Profesional<\/span>&nbsp;<span class=\"subsection-type\">El resultado fue 1 a 1 y ambos equipos siguen sin poder ganar en la Liga Profesional.<\/span><\/h2>\n<\/p>\n<div readability=\"84.959222380275\">\n<figure class=\"multimedia-item image\"><img decoding=\"async\" src=\"http:\/\/latecordoba.com\/wp-content\/uploads\/2023\/02\/union-y-colon-repartieron-puntos-en-el-clasico-de-santa-fe-1.jpg\" class=\"full-image\"><\/figure>\n<aside class=\"aside-tools byline-tools\"><\/aside>\n<p><strong>Uni\u00f3n y Col\u00f3n igualaron 1 a 1 en un aceptable encuentro que disputaron esta tarde,<\/strong> en el estadio 15 de Abril, y repartieron puntos en una nueva edici\u00f3n del cl\u00e1sico de Santa Fe, en el marco de la cuarta fecha de la Liga Profesional 2023.<\/p>\n<p>Luciano Aued, a los 21 minutos del primer tiempo, adelant\u00f3 al conjunto &#8220;Tatengue&#8221;, mientras que <strong>Baldomero Perlaza,<\/strong> a los 7 del complemento, igual\u00f3 el cl\u00e1sico de Santa Fe para el &#8220;Sabalero&#8221;.<\/p>\n<p>Uni\u00f3n, que cont\u00f3 con un imponente marco por parte de su p\u00fablico, no pudo devolver ese apoyo dentro del campo de juego ya que tuvo un inicio complejo, en el cual Col\u00f3n domin\u00f3 y acech\u00f3 con criterio y situaciones concretas, incluso Ram\u00f3n &#8220;Wanchope&#8221; \u00c1bila logr\u00f3 abrir el marcador, pero su tanto fue anulado por fuera de juego.<\/p>\n<p>Pese a que el dominio lo impuso el &#8220;Sabalero&#8221;,<strong> la primera acci\u00f3n concreta que tuvo Uni\u00f3n logr\u00f3 imponerse en el resultado gracias a la conquista de Aued<\/strong>, quien se encarg\u00f3 con un certero remate, luego de un desv\u00edo defensivo en un tiro de esquina, venci\u00f3 la resistencia del arquero Ignacio Chicco para firmar el 1-0.<\/p>\n<p>El encuentro se torn\u00f3 friccionado por momentos, y se establecieron pocas llegadas en el cap\u00edtulo inicial, dado que fue muy cortado con ocho infracciones por lado y con el calor como un condimento extra para impedir un buen espect\u00e1culo.<\/p>\n<p>En el complemento, Thiago Vecino volvi\u00f3 a tener otras dos oportunidades para extender la diferencia a favor de Uni\u00f3n, pero las situaciones desperdiciadas resultaron un duro rev\u00e9s, ya que en la primera que tuvo <strong>Col\u00f3n, lleg\u00f3 a la igualdad: con un contragolpe letal, Perlaza impuso el 1 a 1 y dej\u00f3 anonadado tanto al p\u00fablico como a los jugadores del &#8220;Tatengue&#8221;.<\/strong><\/p>\n<p>El encuentro cambi\u00f3 los papeles, el protagonista pas\u00f3 a ser Col\u00f3n que si bien nunca fue del todo claro, el tanto le dio otra impronta y domin\u00f3 el juego hasta el final, aunque no pudo sellar el triunfo ya que Paolo Goltz y Juan \u00c1lvarez, en la \u00faltima acci\u00f3n, no fueron efectivos.<\/p>\n<aside class=\"related-tags\"><\/aside>\n<\/div>\n","protected":false},"excerpt":{"rendered":"\n<div class=\"media_block\"><a href=\"http:\/\/latecordoba.com\/wp-content\/uploads\/2023\/02\/union-y-colon-repartieron-puntos-en-el-clasico-de-santa-fe-1.jpg\"><img decoding=\"async\" src=\"http:\/\/latecordoba.com\/wp-content\/uploads\/2023\/02\/union-y-colon-repartieron-puntos-en-el-clasico-de-santa-fe.jpg\" class=\"media_thumbnail\"><\/a><\/div>\n<p>&nbsp;<a href=\"https:\/\/ar.marca.com\/claro\/futbol\/primera-division\/2023\/02\/20\/63f2baba22601d2f5d8b456d.html\"> Leer <\/a><img decoding=\"async\" src=\"http:\/\/latecordoba.com\/wp-content\/uploads\/2023\/02\/union-y-colon-repartieron-puntos-en-el-clasico-de-santa-fe.gif\" alt=\"\"\/> <\/p>\n","protected":false},"author":1,"featured_media":1665,"comment_status":"closed","ping_status":"closed","sticky":false,"template":"","format":"standard","meta":[],"categories":[17],"tags":[],"_links":{"self":[{"href":"https:\/\/latecordoba.com\/index.php\/wp-json\/wp\/v2\/posts\/1664"}],"collection":[{"href":"https:\/\/latecordoba.com\/index.php\/wp-json\/wp\/v2\/posts"}],"about":[{"href":"https:\/\/latecordoba.com\/index.php\/wp-json\/wp\/v2\/types\/post"}],"author":[{"embeddable":true,"href":"https:\/\/latecordoba.com\/index.php\/wp-json\/wp\/v2\/users\/1"}],"replies":[{"embeddable":true,"href":"https:\/\/latecordoba.com\/index.php\/wp-json\/wp\/v2\/comments?post=1664"}],"version-history":[{"count":0,"href":"https:\/\/latecordoba.com\/index.php\/wp-json\/wp\/v2\/posts\/1664\/revisions"}],"wp:featuredmedia":[{"embeddable":true,"href":"https:\/\/latecordoba.com\/index.php\/wp-json\/wp\/v2\/media\/1665"}],"wp:attachment":[{"href":"https:\/\/latecordoba.com\/index.php\/wp-json\/wp\/v2\/media?parent=1664"}],"wp:term":[{"taxonomy":"category","embeddable":true,"href":"https:\/\/latecordoba.com\/index.php\/wp-json\/wp\/v2\/categories?post=1664"},{"taxonomy":"post_tag","embeddable":true,"href":"https:\/\/latecordoba.com\/index.php\/wp-json\/wp\/v2\/tags?post=1664"}],"curies":[{"name":"wp","href":"https:\/\/api.w.org\/{rel}","templated":true}]}}