{"id":1647,"date":"2023-02-27T01:08:14","date_gmt":"2023-02-27T01:08:14","guid":{"rendered":"https:\/\/viapais.com.ar\/ushuaia\/el-intendente-vuoto-se-reunio-con-integrantes-de-la-camara-de-comercio\/"},"modified":"2023-02-27T01:08:14","modified_gmt":"2023-02-27T01:08:14","slug":"el-intendente-vuoto-se-reunio-con-integrantes-de-la-camara-de-comercio","status":"publish","type":"post","link":"https:\/\/latecordoba.com\/index.php\/2023\/02\/27\/el-intendente-vuoto-se-reunio-con-integrantes-de-la-camara-de-comercio\/","title":{"rendered":"El intendente Vuoto se reuni\u00f3 con integrantes de la C\u00e1mara de Comercio"},"content":{"rendered":"\n<div><img decoding=\"async\" src=\"http:\/\/latecordoba.com\/wp-content\/uploads\/2023\/02\/el-intendente-vuoto-se-reunio-con-integrantes-de-la-camara-de-comercio.webp\" class=\"ff-og-image-inserted\"><\/div>\n<section readability=\"17.031539888683\">\n<p><b>Walter Vuoto mantuvo un encuentro con la C\u00e1mara de Comercio de la ciudad, representada por su presidenta Claudia Fernandez <\/b>y la Comisi\u00f3n Directiva, en el que evaluaron el trabajo en conjunto que se viene haciendo y c\u00f3mo quieren que sus comercios se destaquen.<\/p>\n<p><b>Claudia Fern\u00e1ndez cont\u00f3 que la reuni\u00f3n fue \u201csumamente positiva,<\/b> un trabajo en conjunto que permite planificar e idear la ciudad que nosotros queremos, la ciudad que amamos y respetamos\u201d.<\/p>\n<div class=\"story-embeded story-twitter noreadme-audima\">\n<div readability=\"6.4983818770227\">\n<blockquote class=\"twitter-tweet\" readability=\"7.3106796116505\">\n<p lang=\"es\" dir=\"ltr\">REUNI\u00d3N CON LA CAMARA DE COMERCIO E INTEGRANTES DE LA COMISI\u00d3N DIRECTIVA<\/p>\n<p>El intendente <a href=\"https:\/\/twitter.com\/WalterVuotoTDF?ref_src=twsrc%5Etfw\">@WalterVuotoTDF<\/a> mantuvo un encuentro con la C\u00e1mara de Comercio y su presidenta Claudia Fernandez, junto con la Comisi\u00f3n Directiva. <br \/>\ud83e\udd1d <a href=\"https:\/\/t.co\/J6pnsjt9tJ\">pic.twitter.com\/J6pnsjt9tJ<\/a><\/p>\n<p>\u2014 UshuaiaMunicipalidad (@UshuaiaMuni) <a href=\"https:\/\/twitter.com\/UshuaiaMuni\/status\/1629935827471028225?ref_src=twsrc%5Etfw\">February 26, 2023<\/a><\/p><\/blockquote><\/div>\n<\/div>\n<p>\u201cEstamos convencidos que el trabajo p\u00fablico y privado lo vamos a hacer posible marcando pautas de trabajo en forma inmediata, poni\u00e9ndonos a trabajar para poder tener una soluci\u00f3n\u201d dijo la presidenta de la C\u00e1mara de Comercio.<\/p>\n<p><b>De la reuni\u00f3n participaron adem\u00e1s la Secretarias y funcionarios de la gesti\u00f3n.<\/b><\/p>\n<\/section>\n","protected":false},"excerpt":{"rendered":"<p>Walter Vuoto mantuvo un encuentro con la C\u00e1mara de Comercio de la ciudad, representada por su presidenta Claudia Fernandez y la Comisi\u00f3n Directiva, en el que evaluaron el trabajo en conjunto que se viene haciendo y c\u00f3mo quieren que sus comercios se destaquen. Claudia Fern\u00e1ndez cont\u00f3 que la reuni\u00f3n fue \u201csumamente positiva, un trabajo en [&hellip;]<\/p>\n","protected":false},"author":1,"featured_media":1648,"comment_status":"closed","ping_status":"closed","sticky":false,"template":"","format":"standard","meta":[],"categories":[15],"tags":[],"_links":{"self":[{"href":"https:\/\/latecordoba.com\/index.php\/wp-json\/wp\/v2\/posts\/1647"}],"collection":[{"href":"https:\/\/latecordoba.com\/index.php\/wp-json\/wp\/v2\/posts"}],"about":[{"href":"https:\/\/latecordoba.com\/index.php\/wp-json\/wp\/v2\/types\/post"}],"author":[{"embeddable":true,"href":"https:\/\/latecordoba.com\/index.php\/wp-json\/wp\/v2\/users\/1"}],"replies":[{"embeddable":true,"href":"https:\/\/latecordoba.com\/index.php\/wp-json\/wp\/v2\/comments?post=1647"}],"version-history":[{"count":0,"href":"https:\/\/latecordoba.com\/index.php\/wp-json\/wp\/v2\/posts\/1647\/revisions"}],"wp:featuredmedia":[{"embeddable":true,"href":"https:\/\/latecordoba.com\/index.php\/wp-json\/wp\/v2\/media\/1648"}],"wp:attachment":[{"href":"https:\/\/latecordoba.com\/index.php\/wp-json\/wp\/v2\/media?parent=1647"}],"wp:term":[{"taxonomy":"category","embeddable":true,"href":"https:\/\/latecordoba.com\/index.php\/wp-json\/wp\/v2\/categories?post=1647"},{"taxonomy":"post_tag","embeddable":true,"href":"https:\/\/latecordoba.com\/index.php\/wp-json\/wp\/v2\/tags?post=1647"}],"curies":[{"name":"wp","href":"https:\/\/api.w.org\/{rel}","templated":true}]}}