{"id":1643,"date":"2023-02-26T12:35:48","date_gmt":"2023-02-26T12:35:48","guid":{"rendered":"https:\/\/viapais.com.ar\/mendoza\/vendimia-2023-con-la-bendicion-de-los-frutos-arranca-oficialmente-la-fiesta-de-los-mendocinos\/"},"modified":"2023-02-26T12:35:48","modified_gmt":"2023-02-26T12:35:48","slug":"vendimia-2023-con-la-bendicion-de-los-frutos-arranca-oficialmente-la-fiesta-de-los-mendocinos","status":"publish","type":"post","link":"https:\/\/latecordoba.com\/index.php\/2023\/02\/26\/vendimia-2023-con-la-bendicion-de-los-frutos-arranca-oficialmente-la-fiesta-de-los-mendocinos\/","title":{"rendered":"Vendimia 2023: con la Bendici\u00f3n de los Frutos arranca oficialmente la fiesta de los mendocinos"},"content":{"rendered":"<br \/>\n<section readability=\"43.126851851852\">\n<p>Este domingo desde las 21, en el<b> Prado Gaucho del Parque General San Mart\u00edn<\/b> se realizar\u00e1 la tradicional<b> Bendici\u00f3n de los Frutos<\/b>, iniciando as\u00ed de manera oficial la <a href=\"https:\/\/viapais.com.ar\/mendoza\/vendimia-2023-una-por-una-quienes-son-las-candidatas-a-reina-de-cada-departamento\/\" target=\"_blank\" rel=\"noopener\"><b>Fiesta Nacional de la Vendimia<\/b><\/a><b> <\/b>que continuar\u00e1 con la V\u00eda Blanca, Carrusel y el Acto Central, el pr\u00f3ximo<a href=\"https:\/\/viapais.com.ar\/mendoza\/que-hacer-en-mendoza-este-fin-de-semana-previo-a-la-fiesta-de-la-vendimia\/\" target=\"_blank\" rel=\"noopener\"><b> fin de semana. <\/b><\/a><\/p>\n<article class=\"article card \">\n<div class=\"article-inner \">\n<div class=\"article-image \"><a href=\"https:\/\/viapais.com.ar\/mendoza\/que-hacer-en-mendoza-este-fin-de-semana-previo-a-la-fiesta-de-la-vendimia\/\" title=\"FIESTA ELECTR\u00d3NICA. Costa Salguero (DyN\/ Archivo).\"><\/p>\n<figure><picture><img decoding=\"async\" loading=\"lazy\" alt=\"FIESTA ELECTR\u00d3NICA. Costa Salguero (DyN\/ Archivo).\" class=\"lazyload block \" src=\"http:\/\/latecordoba.com\/wp-content\/uploads\/2023\/02\/vendimia-2023-con-la-bendicion-de-los-frutos-arranca-oficialmente-la-fiesta-de-los-mendocinos.png\" sizes=\"auto\" data-src=\"https:\/\/viapais.com.ar\/resizer\/5a9vqtoQRbEy_CcROwSr2U7GEjA=\/307x173\/smart\/filters:quality(75):format(webp)\/cloudfront-us-east-1.images.arcpublishing.com\/grupoclarin\/444MOJRPBNELVJYTBWPEBVVQHY.jpg\" width=\"307px\" height=\"173px\"><\/picture><\/figure>\n<p><\/a><\/div>\n<\/div>\n<\/article>\n<p>\u201cCon el comienzo de <b>Bendici\u00f3n de los Frutos<\/b> se inicia la recta final de la <b>Fiesta Nacional de la Vendimia <\/b>colmando a <b>Mendoza <\/b>de <b>diferentes actividades donde la cosecha, el vino, y nuestra cultura se ponen en relieve. <\/b>Adem\u00e1s, sumado a la temporada de Vendimia<b>, es un momento muy atractivo para que mendocinos y turistas celebran el vino nuevo\u201d<\/b>, sostuvo la ministra de Cultura y Turismo, <b>Nora Vicario<\/b> durante la presentaci\u00f3n del evento vendimial.<\/p>\n<p>Posteriormente, la funcionaria agreg\u00f3: \u201cEste a\u00f1o tendremos una propuesta muy importante, <b>con la direcci\u00f3n de Hugo Moreno, la participaci\u00f3n de la Orquesta Filarm\u00f3nica y m\u00e1s 300 artistas en escena entre coristas, bailarines y actores. <\/b>Todos dirigidos por Alejandro Scarpeta\u201d.<\/p>\n<figure><picture><img alt=\"Bendici\u00f3n de los Frutos 2022 Archivo Foto: Orlando Pelichotti \/ Los Andes\" class=\"lazyload block \" sizes=\"auto\" data-src=\"http:\/\/latecordoba.com\/wp-content\/uploads\/2023\/02\/vendimia-2023-con-la-bendicion-de-los-frutos-arranca-oficialmente-la-fiesta-de-los-mendocinos.jpg\" width=\"1023px\" height=\"637px\"><\/picture><figcaption class>Bendici\u00f3n de los Frutos 2022 Archivo Foto: Orlando Pelichotti \/ Los Andes Foto: Orlando Pelichotti<\/figcaption><\/figure>\n<h2 class><b>De qu\u00e9 se trata la Bendici\u00f3n de los Frutos<\/b><\/h2>\n<p>Se trata de un acto religioso del pueblo mendocino donde <b>se ofrece los frutos a la Virgen de la Carrodilla, Patrona de los Vi\u00f1edos<\/b>, para ser bendecidos. <b>La misa estar\u00e1 a cargo del obispo Marcelo Daniel Colombo.<\/b> En la misma, <b>se efectuar\u00e1 la oraci\u00f3n del Consejo Interreligioso de Mendoza y representantes de Pueblos Originarios.<\/b><\/p>\n<p>Entre los momentos destacados como parte de la tradici\u00f3n, <b>el Gobernador Roberto Su\u00e1rez realizar\u00e1 el golpe de rejas<\/b>, como s\u00edmbolo del trabajo de hombres y mujeres mendocinas que hicieron del desierto un oasis. Desde el Museo del Pasado Cuyano llegar\u00e1 la reja original que se construy\u00f3 bajo la gobernaci\u00f3n de Rodolfo Corominas (1938-1941).<\/p>\n<article class=\"article card \">\n<div class=\"article-inner \">\n<div class=\"article-image \"><a href=\"https:\/\/viapais.com.ar\/mendoza\/agostina-guevara-es-la-nueva-reina-de-la-vendimia-de-maipu\/\" title=\"Vendimia Maip\u00fa 2023\"><\/p>\n<figure><picture><img decoding=\"async\" loading=\"lazy\" alt=\"Vendimia Maip\u00fa 2023\" class=\"lazyload block \" src=\"http:\/\/latecordoba.com\/wp-content\/uploads\/2023\/02\/vendimia-2023-con-la-bendicion-de-los-frutos-arranca-oficialmente-la-fiesta-de-los-mendocinos.png\" sizes=\"auto\" data-src=\"https:\/\/viapais.com.ar\/resizer\/jcCmKM_jkH6X1k9u6EXDW9XhFIY=\/307x173\/smart\/filters:quality(75):format(webp)\/cloudfront-us-east-1.images.arcpublishing.com\/grupoclarin\/56LV67WFKZHMRPFOD2G66R3PPE.jpg\" width=\"307px\" height=\"173px\"><\/picture><\/figure>\n<p><\/a><\/div>\n<\/div>\n<\/article>\n<p>La ceremonia finalizar\u00e1 con el <b>Canto a las Reinas, mediante el grupo folcl\u00f3rico Los Trovadores de Cuyo<\/b>, que interpretar\u00e1 el tradicional cancionero cuyano en homenaje a las soberanas.<\/p>\n<\/section>\n<div class=\"noreadme-audima\">\n<h2>Temas Relacionados<\/h2>\n<\/div>\n","protected":false},"excerpt":{"rendered":"<p>Este domingo desde las 21, en el Prado Gaucho del Parque General San Mart\u00edn se realizar\u00e1 la tradicional Bendici\u00f3n de los Frutos, iniciando as\u00ed de manera oficial la Fiesta Nacional de la Vendimia que continuar\u00e1 con la V\u00eda Blanca, Carrusel y el Acto Central, el pr\u00f3ximo fin de semana. \u201cCon el comienzo de Bendici\u00f3n de [&hellip;]<\/p>\n","protected":false},"author":1,"featured_media":1644,"comment_status":"closed","ping_status":"closed","sticky":false,"template":"","format":"standard","meta":[],"categories":[15],"tags":[],"_links":{"self":[{"href":"https:\/\/latecordoba.com\/index.php\/wp-json\/wp\/v2\/posts\/1643"}],"collection":[{"href":"https:\/\/latecordoba.com\/index.php\/wp-json\/wp\/v2\/posts"}],"about":[{"href":"https:\/\/latecordoba.com\/index.php\/wp-json\/wp\/v2\/types\/post"}],"author":[{"embeddable":true,"href":"https:\/\/latecordoba.com\/index.php\/wp-json\/wp\/v2\/users\/1"}],"replies":[{"embeddable":true,"href":"https:\/\/latecordoba.com\/index.php\/wp-json\/wp\/v2\/comments?post=1643"}],"version-history":[{"count":0,"href":"https:\/\/latecordoba.com\/index.php\/wp-json\/wp\/v2\/posts\/1643\/revisions"}],"wp:featuredmedia":[{"embeddable":true,"href":"https:\/\/latecordoba.com\/index.php\/wp-json\/wp\/v2\/media\/1644"}],"wp:attachment":[{"href":"https:\/\/latecordoba.com\/index.php\/wp-json\/wp\/v2\/media?parent=1643"}],"wp:term":[{"taxonomy":"category","embeddable":true,"href":"https:\/\/latecordoba.com\/index.php\/wp-json\/wp\/v2\/categories?post=1643"},{"taxonomy":"post_tag","embeddable":true,"href":"https:\/\/latecordoba.com\/index.php\/wp-json\/wp\/v2\/tags?post=1643"}],"curies":[{"name":"wp","href":"https:\/\/api.w.org\/{rel}","templated":true}]}}