{"id":1637,"date":"2023-02-24T19:36:42","date_gmt":"2023-02-24T19:36:42","guid":{"rendered":"https:\/\/www.eldiariodeturismo.com.ar\/?p=225826"},"modified":"2023-02-24T19:36:42","modified_gmt":"2023-02-24T19:36:42","slug":"camberland-la-nueva-marca-hotelera-en-el-mercado-argentino","status":"publish","type":"post","link":"https:\/\/latecordoba.com\/index.php\/2023\/02\/24\/camberland-la-nueva-marca-hotelera-en-el-mercado-argentino\/","title":{"rendered":"Camberland, la nueva marca hotelera en el mercado argentino"},"content":{"rendered":"<br \/>\n<h5><strong>Camberland Resort &amp; Suites Pilar y Camberland Resort &amp; Spa Ramallo son los dos primeros establecimientos inaugurados por la nueva cadena hotelera de capitales nacionales.<\/strong><\/h5>\n<h3><img decoding=\"async\" loading=\"lazy\" class=\"aligncenter wp-image-225828 size-full\" src=\"http:\/\/latecordoba.com\/wp-content\/uploads\/2023\/02\/camberland-la-nueva-marca-hotelera-en-el-mercado-argentino.jpg\" alt width=\"500\" height=\"499\" srcset=\"http:\/\/latecordoba.com\/wp-content\/uploads\/2023\/02\/camberland-la-nueva-marca-hotelera-en-el-mercado-argentino.jpg 500w, http:\/\/latecordoba.com\/wp-content\/uploads\/2023\/02\/camberland-la-nueva-marca-hotelera-en-el-mercado-argentino-4.jpg 300w, https:\/\/www.eldiariodeturismo.com.ar\/wp-content\/uploads\/2023\/02\/CAMBERLAND-RAMALLO-Frente-hotel-iluminado-150x150.jpg 150w\" sizes=\"(max-width: 500px) 100vw, 500px\"><\/h3>\n<p>Oficialmente y con la inauguraci\u00f3n el 23 de febrero de Camberland Resort &amp; Spa Ramallo del Grupo \u00c1rea SRL, cuyos directivos Alejandra Riveiro y Ezequiel Alfaro dijeron presente en el mercado hotelero argentino y que adem\u00e1s suman otro hotel pues son los directores del Howard Johnson en Ezeiza. &nbsp;Con la reapertura de este gigante que mira al r\u00edo Paran\u00e1 y que permaneci\u00f3 cerrado desde el a\u00f1o 2020 cuando se inici\u00f3 la pandemia y las restricciones sanitarias terminaron por cancelar sus actividades, la ciudad de Ramallo recupera un emblem\u00e1tico edificio hotelero.<\/p>\n<p>Luego de cortar cintas en Ramallo, se inform\u00f3 desde la firma que para esta apertura invirtieron m\u00e1s de 60 millones de pesos para poner puesta a punto al edificio cerrado por m\u00e1s de 2 a\u00f1os. El nuevo hotel cuenta con 58 habitaciones de distintas categor\u00edas, restaurant, piscina cubierta, gimnasio, piscina exterior con servicio de barra generar\u00e1 m\u00e1s de 30 puestos de trabajo directos, cont\u00f3 en referencia a los trabajadores que ya est\u00e1n cumpliendo tareas, algunos de los cuales tambi\u00e9n formaron parte de los equipos del hotel de la cadena norteamericana, y esta plantilla puede duplicarse en temporada alta o fechas de turismo extra large.<\/p>\n<p><img decoding=\"async\" loading=\"lazy\" class=\"aligncenter wp-image-225829 size-full\" src=\"http:\/\/latecordoba.com\/wp-content\/uploads\/2023\/02\/camberland-la-nueva-marca-hotelera-en-el-mercado-argentino-1.jpg\" alt width=\"500\" height=\"281\" srcset=\"http:\/\/latecordoba.com\/wp-content\/uploads\/2023\/02\/camberland-la-nueva-marca-hotelera-en-el-mercado-argentino-5.jpg 500w, https:\/\/www.eldiariodeturismo.com.ar\/wp-content\/uploads\/2023\/02\/CAMBERLAND-RAMALLO-pool-300x169.jpg 300w\" sizes=\"(max-width: 500px) 100vw, 500px\"><\/p>\n<p>\u201cEstamos muy esperanzados en esta nueva cadena, hemos trabajado con mucha seriedad y responsabilidad\u201d expres\u00f3 Riveiro que adem\u00e1s comento sobre el icono hotelero de la ciudad de Ramallo \u201chicimos una puesta en valor de todo el edificio, desde los cimientos, de cosas que tuvimos que rescatar para poner en valor, que estaban en desuso y en mal estado por el tiempo de cierre de pandemia. Despu\u00e9s trajimos mobiliario nuevo, se parquiz\u00f3 y se ha embellecido \u00edntegramente el hotel.Estaremos trayendo artistas consagrados para que expongan sus obras, algunas ya se pueden ver en las paredes.<\/p>\n<p>Ramallo, expres\u00f3 Alfaro, es para nosotros una ciudad con mucho potencial, por eso la propuesta de Grupo \u00c1rea, es convertirla en un destino que sea atractivo para la gente\u201d. &nbsp;Desde la direcci\u00f3n del hotel quieren aprovechar la cercan\u00eda a CABA y a muchas ciudades importantes de la provincia de Buenos Aires, Santa Fe y Entre R\u00edos. La idea de trabajo, expres\u00f3 Riveiro \u201ces trabajar mucho de lunes a jueves con clientes corporativos, como por ejemplo empresas, laboratorios, bancos, que presentan sus productos y todo eso sucede de lunes a jueves. De viernes a domingos nos convertiremos en un hotel familiar, momento donde hacemos y ofrecemos un mix de negocio, atractivo para todo lo que es corporativo y para la familia\u201d sintetiz\u00f3 la directiva.<\/p>\n<p>Desde el hotel est\u00e1n pensando organizar un Centro Hol\u00edstico donde se dicten actividades como yoga y otros tipos de actividades relacionadas con el bienestar personal, espacios que ser\u00e1n todos abiertos al p\u00fablico.\u201cNuestra idea es que el habitante de Ramallo encuentre en este lugar la posibilidad de venir a comer, de pasar un lindo fin de semana, de venir a pasar un d\u00eda de amigas, hacer un d\u00eda de spa, ofrecer noches rom\u00e1nticas, noches de boda, ya que tenemos un lindo sal\u00f3n para celebrar un casamiento, tenemos el rio enfrente. Queremos tener programas de agua, estamos viendo la posibilidad de tener una salida de pesca, queremos hacer paseos en lancha, estamos charlando bastante con la gente de Turismo para todas las actividades que tengan que ver con el r\u00edo porque entendemos que, tener el rio Paran\u00e1 enfrente, es un lujo\u201d asegur\u00f3 Alfaro.<\/p>\n<h3><img decoding=\"async\" loading=\"lazy\" class=\"aligncenter wp-image-225831 size-full\" src=\"http:\/\/latecordoba.com\/wp-content\/uploads\/2023\/02\/camberland-la-nueva-marca-hotelera-en-el-mercado-argentino-2.jpg\" alt width=\"500\" height=\"333\" srcset=\"http:\/\/latecordoba.com\/wp-content\/uploads\/2023\/02\/camberland-la-nueva-marca-hotelera-en-el-mercado-argentino-6.jpg 500w, https:\/\/www.eldiariodeturismo.com.ar\/wp-content\/uploads\/2023\/02\/CAMBERLAND-RAMALLO-room2-300x200.jpg 300w\" sizes=\"(max-width: 500px) 100vw, 500px\"><\/h3>\n<p><strong>Porque se eligi\u00f3 Ramallo<\/strong><\/p>\n<p>Alejandra Riveiro cont\u00f3 \u201cpersonalmente conozco a la familia Bonelli (los propietarios del ex Hotel Howard Johnson) desde hace varios a\u00f1os y conozco tambi\u00e9n a Daniela Vatti, una persona con much\u00edsima experiencia en hoteler\u00eda, profesional formada en Argentina y en el exterior y con qui\u00e9n estamos trabajando la apertura y puesta en marcha del hotel ya que ella fue parte del mismo desde sus or\u00edgenes. Nos acercamos, estuvimos conversando para ver c\u00f3mo nos pod\u00edamos poner de acuerdo y fue todo r\u00e1pidoy sencillo, por lo que no quisimos dejar pasar esta oportunidad. El hotel se concesion\u00f3 por 10 a\u00f1os con opci\u00f3n de compra.<\/p>\n<h4><img decoding=\"async\" loading=\"lazy\" class=\"aligncenter wp-image-225832 size-full\" src=\"http:\/\/latecordoba.com\/wp-content\/uploads\/2023\/02\/camberland-la-nueva-marca-hotelera-en-el-mercado-argentino-3.jpg\" alt width=\"500\" height=\"334\" srcset=\"http:\/\/latecordoba.com\/wp-content\/uploads\/2023\/02\/camberland-la-nueva-marca-hotelera-en-el-mercado-argentino-7.jpg 500w, https:\/\/www.eldiariodeturismo.com.ar\/wp-content\/uploads\/2023\/02\/CAMBERLAND-RAMALLO-view-300x200.jpg 300w\" sizes=\"(max-width: 500px) 100vw, 500px\"><\/h4>\n<p><strong>Cronograma anual<\/strong><\/p>\n<p>En referencia a las propuestas para este a\u00f1o, desde el hotel comentaron que su primera gran fecha es Expoagro, fechas para lo cual el hotel est\u00e1 ya est\u00e1 completo y luego viene Semana Santa. \u201cYa tenemos programas de spa el cual ya est\u00e1 habilitado con sauna h\u00famedo y seco, sala de masajes atendido por personal contratado que es del lugar, a los que sumaremos dos personas muy interesantes que van a venir y que est\u00e1n certificadas en medicina china y terapias alternativas y otra en Yoga. Tambi\u00e9n vamos a hacer POP UPS con chefs de Buenos Aires para rotarlos ac\u00e1 y ofrecer distintos tipos de comidas del mundo. La propuesta es que nuestro hotel sea un lugar de encuentro. Estamos buscando actividades para este 2023, para generar un calendario que sea atractivo tanto para el vecino de Ramallo, para la gente de San Nicol\u00e1s, de San Pedro, Rosario como as\u00ed tambi\u00e9n para el que viene de Buenos Aires, que puedan venir a pasarlo de maravillas\u201d dijo Daniela Vatti.<\/p>\n<p>La idea, comentan desde la direcci\u00f3n general, \u201ces brindar el mejor servicio el hu\u00e9sped que llegue a este hotel como a cualquiera de los que tenemos y pueda sentirse c\u00f3modo, que este sea un lugar que se sienta como su casa, que sea un lugar donde est\u00e9 la flor que le gusta mirar, que las plantas sean tan lindas que le den ganas de quedarse en el parque mirando el r\u00edo, ofreceremos confort, servicio y calidez, pero a buen precio. Este es un hotel con alma y coraz\u00f3n, ese es el esp\u00edritu de Camberland. Creemos que Ramallo tiene cosas muy positivas para salir adelante, tiene el r\u00edo Paran\u00e1, con la posibilidad tambi\u00e9n de que se pueda cristalizar un puerto. Queremos explotar todo lo que est\u00e1 adentro y afuera del hotel. Tanto Ezequiel como yo somos dos apasionados del servicio, somos formados en la cultura del servicio\u201d asegur\u00f3 la directiva.<\/p>\n<p>.<\/p>\n<p>FUENTE: OG<\/p>\n","protected":false},"excerpt":{"rendered":"<p> Camberland Resort &#38; Suites Pilar y Camberland Resort &#38; Spa Ramallo son los dos primeros establecimientos inaugurados por la nueva  <\/p>\n","protected":false},"author":1,"featured_media":1638,"comment_status":"open","ping_status":"closed","sticky":false,"template":"","format":"standard","meta":[],"categories":[19],"tags":[],"_links":{"self":[{"href":"https:\/\/latecordoba.com\/index.php\/wp-json\/wp\/v2\/posts\/1637"}],"collection":[{"href":"https:\/\/latecordoba.com\/index.php\/wp-json\/wp\/v2\/posts"}],"about":[{"href":"https:\/\/latecordoba.com\/index.php\/wp-json\/wp\/v2\/types\/post"}],"author":[{"embeddable":true,"href":"https:\/\/latecordoba.com\/index.php\/wp-json\/wp\/v2\/users\/1"}],"replies":[{"embeddable":true,"href":"https:\/\/latecordoba.com\/index.php\/wp-json\/wp\/v2\/comments?post=1637"}],"version-history":[{"count":0,"href":"https:\/\/latecordoba.com\/index.php\/wp-json\/wp\/v2\/posts\/1637\/revisions"}],"wp:featuredmedia":[{"embeddable":true,"href":"https:\/\/latecordoba.com\/index.php\/wp-json\/wp\/v2\/media\/1638"}],"wp:attachment":[{"href":"https:\/\/latecordoba.com\/index.php\/wp-json\/wp\/v2\/media?parent=1637"}],"wp:term":[{"taxonomy":"category","embeddable":true,"href":"https:\/\/latecordoba.com\/index.php\/wp-json\/wp\/v2\/categories?post=1637"},{"taxonomy":"post_tag","embeddable":true,"href":"https:\/\/latecordoba.com\/index.php\/wp-json\/wp\/v2\/tags?post=1637"}],"curies":[{"name":"wp","href":"https:\/\/api.w.org\/{rel}","templated":true}]}}