{"id":1622,"date":"2023-02-26T00:08:00","date_gmt":"2023-02-26T00:08:00","guid":{"rendered":"https:\/\/www.iprofesional.com\/economia\/377925-precios-justos-realizan-operativo-para-controlar-oferta-de-carne"},"modified":"2023-02-26T00:08:00","modified_gmt":"2023-02-26T00:08:00","slug":"precios-justos-lanzaron-megaoperativo-en-supermercados-del-gran-buenos-aires-para-controlar-oferta-de-carne","status":"publish","type":"post","link":"https:\/\/latecordoba.com\/index.php\/2023\/02\/26\/precios-justos-lanzaron-megaoperativo-en-supermercados-del-gran-buenos-aires-para-controlar-oferta-de-carne\/","title":{"rendered":"Precios Justos: lanzaron megaoperativo en supermercados del Gran Buenos Aires para controlar oferta de carne"},"content":{"rendered":"\n<div class=\"media_block\"><img decoding=\"async\" src=\"http:\/\/latecordoba.com\/wp-content\/uploads\/2023\/02\/precios-justos-lanzaron-megaoperativo-en-supermercados-del-gran-buenos-aires-para-controlar-oferta-de-carne.jpg\"><\/div>\n<div id>\n<p> En cinco establecimientos del Gran Buenos Aires se constat\u00f3 la falta de oferta de algunos de los siete cortes anunciados hace un par de semanas <\/p>\n<p>Por <strong>iProfesional<\/strong><\/p>\n<p><strong>25\/02\/2023<\/strong> &#8211; 21,08hs<\/p>\n<div class=\"image-container img-wide padding-b\"> <picture><source media=\"(min-width:650px)\" srcset=\"http:\/\/latecordoba.com\/wp-content\/uploads\/2023\/02\/precios-justos-lanzaron-megaoperativo-en-supermercados-del-gran-buenos-aires-para-controlar-oferta-de-carne.webp\" class=\"lazyload\"><source media=\"(min-width:465px)\" srcset=\"http:\/\/latecordoba.com\/wp-content\/uploads\/2023\/02\/precios-justos-lanzaron-megaoperativo-en-supermercados-del-gran-buenos-aires-para-controlar-oferta-de-carne.webp\" class=\"lazyload\"><img decoding=\"async\" loading=\"lazy\" src=\"http:\/\/latecordoba.com\/wp-content\/uploads\/2023\/02\/precios-justos-lanzaron-megaoperativo-en-supermercados-del-gran-buenos-aires-para-controlar-oferta-de-carne.webp\" class=\"lazyload\" alt=\"Precios Justos: lanzaron megaoperativo en supermercados del Gran Buenos Aires para controlar oferta de carne\" width=\"160\" height=\"714px\"> <\/picture> <\/div>\n<\/p><\/div>\n<div readability=\"120.27707317073\">\n<p>La Secretar\u00eda de Comercio Interior lanz\u00f3 un megaoperativo de control de <a href=\"https:\/\/www.iprofesional.com\/economia\/377416-tope-al-precio-de-la-carne-el-gobierno-congela-estos-7-cortes\" target=\"_blank\" rel=\"noopener\">oferta de los siete cortes de carnes populares que integran el programa Precios Justos<\/a> en cinco supermercados del Gran Buenos Aires, donde l<strong>abr\u00f3 acta de imputaciones por incumplimientos<\/strong>.\n<\/p>\n<p><span>Se inform\u00f3 oficialmente que el operativo de inspecci\u00f3n simult\u00e1neo se llev\u00f3 a cabo en supermercados de Mor\u00f3n, Lomas de Zamora, Avellaneda, Florencia Varela y Malvinas Argentinas.<\/span>\n<\/p>\n<p>Adem\u00e1s del personal de la Secretar\u00eda participaron agentes del \u00e1rea de fiscalizaciones de los municipios.\n<\/p>\n<p>Recorrieron las instalaciones del hipermercado Coto de la calle Almirante Brown al 1.300 en Mor\u00f3n; Carrefour de la avenida Oliden en Lomas de Zamora; Changomas de la autopista Ricardo Balb\u00edn en Sarand\u00ed; Carrefour de la avenida San Mart\u00edn de Florencio Varela; y el local de Carrefour en la avenida Hip\u00f3lito Irigoyen 13.500 en Pablo Nogu\u00e9s, Malvinas Argentinas.\n<\/p>\n<p>&#8220;Durante estos operativos se busc\u00f3 verificar el cumplimiento respecto a precio, se\u00f1al\u00e9tica y stock de los siete cortes incluidos en el programa&#8221;, inform\u00f3 Comercio Interior.\n<\/p>\n<p>El comunicado se\u00f1ala que &#8220;se control\u00f3 la calidad del producto ofrecido y la cantidad de acopio en las c\u00e1maras frigor\u00edficas&#8221;.\n<\/p>\n<h2>Falta de stock, contaminaci\u00f3n cruzada y mala se\u00f1alizaci\u00f3n<\/h2>\n<p>&#8220;En los cinco establecimientos se constat\u00f3 la <strong>falta de stock<\/strong> en alguno de los siete cortes que forman parte del programa, por lo que se labraron imputaciones al respecto&#8221; se\u00f1ala el comunicado oficial.\n<\/p>\n<div class=\"imagen\" readability=\"8\"><img decoding=\"async\" loading=\"lazy\" class=\"lazyload\" src=\"http:\/\/latecordoba.com\/wp-content\/uploads\/2023\/02\/precios-justos-lanzaron-megaoperativo-en-supermercados-del-gran-buenos-aires-para-controlar-oferta-de-carne-1.jpg\" alt width=\"879.988\" height=\"485.995\"><\/p>\n<p>Con los operativos se busc\u00f3 verificar el cumplimiento respecto a precio, se\u00f1al\u00e9tica y stock<\/p>\n<\/div>\n<p><span>Seg\u00fan indica el parte oficial, en el Coto de Mor\u00f3n se detect\u00f3 que la se\u00f1al\u00e9tica no se encontraba en el lugar adecuado y que la elevada demanda de los vecinos hac\u00eda que la reposici\u00f3n de stock de los cortes del programa fuera insuficiente<\/span>.\n<\/p>\n<p>&#8220;<a href=\"https:\/\/www.iprofesional.com\/economia\/377713-precios-justos-769-multas-por-incumplimiento-en-una-semana\" target=\"_blank\" rel=\"noopener\">La Secretar\u00eda procedi\u00f3 a realizar las imputaciones correspondiente<\/a>s. Adem\u00e1s, el \u00e1rea de Bromatolog\u00eda del municipio labr\u00f3 actas por incumplimiento de la ordenanza 10024\/07 al encontrar productos vencidos y con packaging defectuoso&#8221;, indica el reporte..\n<\/p>\n<p>Tambi\u00e9n se indica que &#8220;en el Changom\u00e1s de Avellaneda, por su parte, la Secretar\u00eda de Comercio realiz\u00f3 imputaciones debido a que, de los cortes correspondientes a Precios Justos, &#8220;s\u00f3lo se encontr\u00f3 stock de tapa de asado, vac\u00edo y en menor proporci\u00f3n de matambre&#8221;.\n<\/p>\n<p>El parte de prensa se\u00f1ala que &#8220;en el local de la misma cadena en Malvinas Argentinas, se comprob\u00f3 que los cortes de vac\u00edo, tapa de asado y nalga <strong>no estaban en la categor\u00eda de Precios Justos<\/strong>, pero hab\u00eda stock de los mismos de otros valores en las heladeras&#8221;.\n<\/p>\n<p><span>&#8220;En ese marco, se realizaron las actas correspondientes y el Municipio labr\u00f3 actas por la temperatura de la carne y falta de se\u00f1alizaci\u00f3n&#8221;, se inform\u00f3.<\/span>\n<\/p>\n<p>En Florencio Varela tambi\u00e9n &#8220;se constat\u00f3 la falta de stock en varios cortes de Precios Justos por lo que all\u00ed tambi\u00e9n la Secretar\u00eda labr\u00f3 actas&#8221;.\n<\/p>\n<p>En tanto que en el Carrefour de Lomas de Zamora &#8220;se verific\u00f3 la falta de stock en cinco cortes de Precios Justos Carne y tambi\u00e9n se realizaron imputaciones. Adem\u00e1s, la comuna, a trav\u00e9s del \u00e1rea de Bromatolog\u00eda, constat\u00f3 condiciones deficientes de higiene en la c\u00e1mara frigor\u00edfica del sector carnicer\u00eda, mercader\u00eda vencida, y contaminaci\u00f3n cruzada en alimentos, por lo que procedi\u00f3 a la clausura del local&#8221;.\n<\/p>\n<p>&#8220;La recorrida de hoy es parte de los operativos diarios que realiza la Secretar\u00eda para verificar si las empresas y los supermercados cumplen con el acuerdo de Precios Justos, que es un acuerdo voluntario. Si el Estado cumple, las empresas tienen que cumplir. Por eso establecemos estos controles y por eso decimos que se termin\u00f3 la paciencia&#8221;, el secretario Mat\u00edas Tombolini.\n<\/p>\n<p><span><a href=\"https:\/\/www.iprofesional.com\/economia\/377492-inflacion-el-precio-de-la-carne-presiona-al-indice-de-febrero\" target=\"_blank\" rel=\"noopener\">Precios Justos Carne incluye 7 cortes populares que mantienen su precio fijo hasta el 31 de marzo <\/a>y luego seguir\u00e1n una pauta del 3,2% hasta el 30 de junio. Los cortes incluidos son: tira de asado a $1035, nalga a $1375, matambre a $1310, vac\u00edo a $1351, falda a $675, paleta a $1113 y tapa de asado a $1035.<\/span><\/p>\n<\/p><\/div>\n","protected":false},"excerpt":{"rendered":"\n<div class=\"media_block\"><img decoding=\"async\" src=\"http:\/\/latecordoba.com\/wp-content\/uploads\/2023\/02\/precios-justos-lanzaron-megaoperativo-en-supermercados-del-gran-buenos-aires-para-controlar-oferta-de-carne.jpg\"><\/div>\n<p> En cinco establecimientos del Gran Buenos Aires se constat\u00f3 la falta de oferta de algunos de los siete cortes anunciados hace un par de semanas <iframe width=\"0\" height=\"0\" border=\"0\"> <script> (function(i,s,o,g,r,a,m){i['GoogleAnalyticsObject']=r;i[r]=i[r]||function(){ (i[r].q=i[r].q||[]).push(arguments)},i[r].l=1*new Date();a=s.createElement(o), m=s.getElementsByTagName(o)[0];a.async=1;a.src=g;m.parentNode.insertBefore(a,m) })(window,document,'script','https:\/\/www.google-analytics.com\/analytics.js','ga'); ga('create', 'GTM-5LW5KQD', 'auto'); ga('require', 'displayfeatures'); ga('set', 'campaignSource', 'RSS Client for iProfesional'); ga('set', 'campaignMedium', 'RSS Client for iProfesional'); ga('set', {\"dataSource\": \"rss.atom.iprofesional.com\"}); ga('set', {\"referrer\": \"rss.atom.iprofesional.com\"}); ga('set', 'title', 'RSS Client for iProfesional'); ga('send', 'pageview'); <\/script> <!-- Begin comScore Tag --> <script>\nvar _comscore = _comscore || [];\n_comscore.push({ c1: \"2\", c2: \"37240992\" });\n(function() {\nvar s = document.createElement(\"script\"), el = document.getElementsByTagName(\"script\")[0]; s.async = true;\ns.src = \"https:\/\/sb.scorecardresearch.com\/cs\/37240992\/beacon.js\";\nel.parentNode.insertBefore(s, el);\n})(); <\/script> <noscript> <img decoding=\"async\" src=\"http:\/\/latecordoba.com\/wp-content\/uploads\/2023\/02\/precios-justos-lanzaron-megaoperativo-en-supermercados-del-gran-buenos-aires-para-controlar-oferta-de-carne.gif\"> <\/noscript> <!-- End comScore Tag --> <\/iframe>  <\/p>\n","protected":false},"author":1,"featured_media":1623,"comment_status":"closed","ping_status":"closed","sticky":false,"template":"","format":"standard","meta":[],"categories":[18],"tags":[],"_links":{"self":[{"href":"https:\/\/latecordoba.com\/index.php\/wp-json\/wp\/v2\/posts\/1622"}],"collection":[{"href":"https:\/\/latecordoba.com\/index.php\/wp-json\/wp\/v2\/posts"}],"about":[{"href":"https:\/\/latecordoba.com\/index.php\/wp-json\/wp\/v2\/types\/post"}],"author":[{"embeddable":true,"href":"https:\/\/latecordoba.com\/index.php\/wp-json\/wp\/v2\/users\/1"}],"replies":[{"embeddable":true,"href":"https:\/\/latecordoba.com\/index.php\/wp-json\/wp\/v2\/comments?post=1622"}],"version-history":[{"count":0,"href":"https:\/\/latecordoba.com\/index.php\/wp-json\/wp\/v2\/posts\/1622\/revisions"}],"wp:featuredmedia":[{"embeddable":true,"href":"https:\/\/latecordoba.com\/index.php\/wp-json\/wp\/v2\/media\/1623"}],"wp:attachment":[{"href":"https:\/\/latecordoba.com\/index.php\/wp-json\/wp\/v2\/media?parent=1622"}],"wp:term":[{"taxonomy":"category","embeddable":true,"href":"https:\/\/latecordoba.com\/index.php\/wp-json\/wp\/v2\/categories?post=1622"},{"taxonomy":"post_tag","embeddable":true,"href":"https:\/\/latecordoba.com\/index.php\/wp-json\/wp\/v2\/tags?post=1622"}],"curies":[{"name":"wp","href":"https:\/\/api.w.org\/{rel}","templated":true}]}}