{"id":1618,"date":"2023-02-20T17:18:50","date_gmt":"2023-02-20T17:18:50","guid":{"rendered":"https:\/\/ar.marca.com\/claro\/futbol-internacional\/psg\/2023\/02\/20\/63f3ab75e2704eb4838b45b4.html"},"modified":"2023-02-20T17:18:50","modified_gmt":"2023-02-20T17:18:50","slug":"la-lesion-de-neymar-es-grave-y-se-perderia-la-vuelta-vs-bayern","status":"publish","type":"post","link":"https:\/\/latecordoba.com\/index.php\/2023\/02\/20\/la-lesion-de-neymar-es-grave-y-se-perderia-la-vuelta-vs-bayern\/","title":{"rendered":"La lesi\u00f3n de Neymar es grave y se perder\u00eda la vuelta vs Bayern"},"content":{"rendered":"\n<div class=\"media_block\"><a href=\"https:\/\/e00-ar-marca.uecdn.es\/claro\/assets\/multimedia\/imagenes\/2023\/02\/21\/16769411424259.jpg\"><img decoding=\"async\" src=\"http:\/\/latecordoba.com\/wp-content\/uploads\/2023\/02\/la-lesion-de-neymar-es-grave-y-se-perderia-la-vuelta-vs-bayern.jpg\" class=\"media_thumbnail\"><\/a><\/div>\n<p><h2 class=\"section-title-group izquierda\"><span class=\"section-type\">PSG<\/span>&nbsp;<span class=\"subsection-type\">El astro brasile\u00f1o podr\u00eda tener una ruptura parcial de ligamentos del tobillo<\/span><\/h2>\n<\/p>\n<div readability=\"57.094068304374\">\n<figure class=\"multimedia-item image\"><img decoding=\"async\" src=\"http:\/\/latecordoba.com\/wp-content\/uploads\/2023\/02\/la-lesion-de-neymar-es-grave-y-se-perderia-la-vuelta-vs-bayern-1.jpg\" class=\"full-image\"><\/figure>\n<aside class=\"aside-tools byline-tools\"><\/aside>\n<p><strong>Neymar <\/strong>se lesion\u00f3 en el partido de ayer entre el Paris Saint-Germain y Lille Olympique, por la fecha 24 de la Ligue 1, y <strong>no llegar\u00eda a la revancha contra el Bayern M\u00fanich por los octavos de final de la Champions League<\/strong>. Se espera la confirmaci\u00f3n por una rotura parcial de ligamientos del tobillo derecho. <\/p>\n<p>A los 2 minutos del complemento, el astro brasile\u00f1o agarr\u00f3 la pelota en ataque en sentido de ataque, pero la acci\u00f3n culmin\u00f3 de la forma menos deseada:<strong> el mediocampista de Lille Benjamin Andre le propin\u00f3 una patada en el gemelo al brasile\u00f1o, que en la ca\u00edda se torci\u00f3 el tobillo derecho. <\/strong>R\u00e1pidamente fue sustituido por Hugo Ekitike y abandon\u00f3 el partido entre los aplausos de su p\u00fablico.<\/p>\n<blockquote class=\"twitter-tweet\" readability=\"6.4660194174757\">\n<p lang=\"es\" dir=\"ltr\"><a href=\"https:\/\/twitter.com\/hashtag\/Video?src=hash&amp;ref_src=twsrc%5Etfw\">#Video<\/a> | <a href=\"https:\/\/twitter.com\/hashtag\/Ligue1xESPN?src=hash&amp;ref_src=twsrc%5Etfw\">#Ligue1xESPN<\/a><\/p>\n<p>QUE MALA SUERTE, NEY <\/p>\n<p>El momento donde el brasile\u00f1o tuvo que dejar el campo por lesi\u00f3n en el tobillo. <a href=\"https:\/\/t.co\/RKoK2azQue\">https:\/\/t.co\/RKoK2azQue<\/a><\/p>\n<p>? ESPN F\u00fatbol Argentina (@ESPNFutbolArg) <a href=\"https:\/\/twitter.com\/ESPNFutbolArg\/status\/1627476881619419138?ref_src=twsrc%5Etfw\">February 20, 2023<\/a><\/p>\n<\/blockquote>\n<p>En principio, <strong>el parte m\u00e9dico preliminar del PSG se\u00f1al\u00f3 un esguince de tobillo y descart\u00f3 una fractura. Sin embargo, medios franceses aseguraron que los estudios que se hizo Neymar confirmaron que tiene una rotura parcial de los ligamentos del tobillo, por lo que estar\u00eda entre tres y cuatro semanas sin jugar.<\/strong><\/p>\n<p>Si bien se espera un informe oficial del PSG, <strong>Neymar est\u00e1 en duda para visitar al Bayern Munich, el pr\u00f3ximo 8 de marzo por la vuelta de los octavos de final de la Champions League<\/strong>, donde el PSG intentar\u00e1 remontar el 1-0 en contra que sufri\u00f3 en el partido de ida en el Parque de los Pr\u00edncipes.<\/p>\n<aside class=\"related-tags\"><\/aside>\n<\/div>\n","protected":false},"excerpt":{"rendered":"\n<div class=\"media_block\"><a href=\"https:\/\/e00-ar-marca.uecdn.es\/claro\/assets\/multimedia\/imagenes\/2023\/02\/21\/16769411424259.jpg\"><img decoding=\"async\" src=\"http:\/\/latecordoba.com\/wp-content\/uploads\/2023\/02\/la-lesion-de-neymar-es-grave-y-se-perderia-la-vuelta-vs-bayern.jpg\" class=\"media_thumbnail\"><\/a><\/div>\n<p>&nbsp;<a href=\"https:\/\/ar.marca.com\/claro\/futbol-internacional\/psg\/2023\/02\/20\/63f3ab75e2704eb4838b45b4.html\"> Leer <\/a><img decoding=\"async\" src=\"http:\/\/latecordoba.com\/wp-content\/uploads\/2023\/02\/la-lesion-de-neymar-es-grave-y-se-perderia-la-vuelta-vs-bayern.gif\" alt=\"\"\/> <\/p>\n","protected":false},"author":1,"featured_media":1619,"comment_status":"closed","ping_status":"closed","sticky":false,"template":"","format":"standard","meta":[],"categories":[17],"tags":[],"_links":{"self":[{"href":"https:\/\/latecordoba.com\/index.php\/wp-json\/wp\/v2\/posts\/1618"}],"collection":[{"href":"https:\/\/latecordoba.com\/index.php\/wp-json\/wp\/v2\/posts"}],"about":[{"href":"https:\/\/latecordoba.com\/index.php\/wp-json\/wp\/v2\/types\/post"}],"author":[{"embeddable":true,"href":"https:\/\/latecordoba.com\/index.php\/wp-json\/wp\/v2\/users\/1"}],"replies":[{"embeddable":true,"href":"https:\/\/latecordoba.com\/index.php\/wp-json\/wp\/v2\/comments?post=1618"}],"version-history":[{"count":0,"href":"https:\/\/latecordoba.com\/index.php\/wp-json\/wp\/v2\/posts\/1618\/revisions"}],"wp:featuredmedia":[{"embeddable":true,"href":"https:\/\/latecordoba.com\/index.php\/wp-json\/wp\/v2\/media\/1619"}],"wp:attachment":[{"href":"https:\/\/latecordoba.com\/index.php\/wp-json\/wp\/v2\/media?parent=1618"}],"wp:term":[{"taxonomy":"category","embeddable":true,"href":"https:\/\/latecordoba.com\/index.php\/wp-json\/wp\/v2\/categories?post=1618"},{"taxonomy":"post_tag","embeddable":true,"href":"https:\/\/latecordoba.com\/index.php\/wp-json\/wp\/v2\/tags?post=1618"}],"curies":[{"name":"wp","href":"https:\/\/api.w.org\/{rel}","templated":true}]}}