{"id":1616,"date":"2023-02-20T02:42:55","date_gmt":"2023-02-20T02:42:55","guid":{"rendered":"https:\/\/ar.marca.com\/claro\/futbol\/independiente\/2023\/02\/20\/63f2ddb5268e3e8b3c8b459a.html"},"modified":"2023-02-20T02:42:55","modified_gmt":"2023-02-20T02:42:55","slug":"independiente-cayo-frente-a-defensa-y-justicia-como-local-y-no-levanta-cabeza","status":"publish","type":"post","link":"https:\/\/latecordoba.com\/index.php\/2023\/02\/20\/independiente-cayo-frente-a-defensa-y-justicia-como-local-y-no-levanta-cabeza\/","title":{"rendered":"Independiente cay\u00f3 frente a Defensa y Justicia como local y no levanta cabeza"},"content":{"rendered":"\n<div class=\"media_block\"><a href=\"http:\/\/latecordoba.com\/wp-content\/uploads\/2023\/02\/independiente-cayo-frente-a-defensa-y-justicia-como-local-y-no-levanta-cabeza-1.jpg\"><img decoding=\"async\" src=\"http:\/\/latecordoba.com\/wp-content\/uploads\/2023\/02\/independiente-cayo-frente-a-defensa-y-justicia-como-local-y-no-levanta-cabeza.jpg\" class=\"media_thumbnail\"><\/a><\/div>\n<p><h2 class=\"section-title-group izquierda\"><span class=\"section-type\">Independiente<\/span>&nbsp;<span class=\"subsection-type\">El equipo dirigido por Leandro Stillitano perdi\u00f3 2 a 0 y todav\u00eda no pudo ganar en su casa<\/span><\/h2>\n<\/p>\n<div readability=\"66.213060320974\">\n<figure class=\"multimedia-item image\"><img decoding=\"async\" src=\"http:\/\/latecordoba.com\/wp-content\/uploads\/2023\/02\/independiente-cayo-frente-a-defensa-y-justicia-como-local-y-no-levanta-cabeza-1.jpg\" class=\"full-image\"><\/figure>\n<aside class=\"aside-tools byline-tools\"><\/aside>\n<p><span class=\"capital-letter\">I<\/span>ndependiente perdi\u00f3 2 a 0 ante Defensa y Justicia en un entretenido partido disputado en el estadio Libertadores de Am\u00e9rica por la cuarta fecha del torneo de la Liga Profesional de F\u00fatbol y no pudo ganar en condici\u00f3n de local en lo que va del certamen dom\u00e9stico.<\/p>\n<p>Con dos goles de<strong> Nicol\u00e1s Fern\u00e1ndez y Santiago Solari, <\/strong>el &#8220;Halc\u00f3n&#8221; de Varela no quiere perderle pisada a la parte alta de la tabla de posiciones y sigue firme a tan solo cuatro puntos del que va primero, Lan\u00fas.<\/p>\n<p>El &#8220;Rojo&#8221; hab\u00eda comenzado muy bien el encuentro, con presi\u00f3n alta y algunas aproximaciones, pero una distracci\u00f3n el mediocampo de <strong>Kevin L\u00f3pez le permiti\u00f3 a &#8220;Uvita&#8221; Fern\u00e1ndez quedar mano a mano con Rodrigo Rey y puso el 1 a 0.<\/strong><\/p>\n<p>Con el primer tanto, Defensa mejor\u00f3 y ante una cadena de problemas defensivos entre Dami\u00e1n P\u00e9rez y los centrales,<strong> Solari puso el 2 a 0 para los de Varela a falta de 10 minutos para el final del primer tiempo.<\/strong><\/p>\n<p>A los pocos minutos de comenzado el segundo tiempo, el tridente ofensivo de Defensa hizo una jugada colectiva y,cuando la quiso finalizar <strong>Kevin Guti\u00e9rrez con un remate, dio en la mano de Mateo Barcia y Fernando Rapallini no dud\u00f3: penal para el &#8220;Halc\u00f3n&#8221;.<\/strong><\/p>\n<p>No obstante<strong>, desde el VAR lo llamaron al juez principal, y despu\u00e9s de observar la jugada en la pantalla, Rapallini decidi\u00f3 retroceder la sanci\u00f3n y no hubo penal para Defensa. <\/strong><\/p>\n<p>Con este triunfo, Defensa se mantiene en la cuarta posici\u00f3n de la tabla, a solo cuatro puntos del l\u00edder Lan\u00fas y cosech\u00f3 tres victorias al hilo desde que perdi\u00f3 4 a 2 ante Hurac\u00e1n en la primera fecha. El &#8220;Rojo&#8221; apenas tiene cuatro unidades y marcha en el puesto 22 de la tabla.<\/p>\n<aside class=\"related-tags\"><\/aside>\n<\/div>\n","protected":false},"excerpt":{"rendered":"\n<div class=\"media_block\"><a href=\"http:\/\/latecordoba.com\/wp-content\/uploads\/2023\/02\/independiente-cayo-frente-a-defensa-y-justicia-como-local-y-no-levanta-cabeza-1.jpg\"><img decoding=\"async\" src=\"http:\/\/latecordoba.com\/wp-content\/uploads\/2023\/02\/independiente-cayo-frente-a-defensa-y-justicia-como-local-y-no-levanta-cabeza.jpg\" class=\"media_thumbnail\"><\/a><\/div>\n<p>&nbsp;<a href=\"https:\/\/ar.marca.com\/claro\/futbol\/independiente\/2023\/02\/20\/63f2ddb5268e3e8b3c8b459a.html\"> Leer <\/a><img decoding=\"async\" src=\"http:\/\/latecordoba.com\/wp-content\/uploads\/2023\/02\/independiente-cayo-frente-a-defensa-y-justicia-como-local-y-no-levanta-cabeza.gif\" alt=\"\"\/> <\/p>\n","protected":false},"author":1,"featured_media":1617,"comment_status":"closed","ping_status":"closed","sticky":false,"template":"","format":"standard","meta":[],"categories":[17],"tags":[],"_links":{"self":[{"href":"https:\/\/latecordoba.com\/index.php\/wp-json\/wp\/v2\/posts\/1616"}],"collection":[{"href":"https:\/\/latecordoba.com\/index.php\/wp-json\/wp\/v2\/posts"}],"about":[{"href":"https:\/\/latecordoba.com\/index.php\/wp-json\/wp\/v2\/types\/post"}],"author":[{"embeddable":true,"href":"https:\/\/latecordoba.com\/index.php\/wp-json\/wp\/v2\/users\/1"}],"replies":[{"embeddable":true,"href":"https:\/\/latecordoba.com\/index.php\/wp-json\/wp\/v2\/comments?post=1616"}],"version-history":[{"count":0,"href":"https:\/\/latecordoba.com\/index.php\/wp-json\/wp\/v2\/posts\/1616\/revisions"}],"wp:featuredmedia":[{"embeddable":true,"href":"https:\/\/latecordoba.com\/index.php\/wp-json\/wp\/v2\/media\/1617"}],"wp:attachment":[{"href":"https:\/\/latecordoba.com\/index.php\/wp-json\/wp\/v2\/media?parent=1616"}],"wp:term":[{"taxonomy":"category","embeddable":true,"href":"https:\/\/latecordoba.com\/index.php\/wp-json\/wp\/v2\/categories?post=1616"},{"taxonomy":"post_tag","embeddable":true,"href":"https:\/\/latecordoba.com\/index.php\/wp-json\/wp\/v2\/tags?post=1616"}],"curies":[{"name":"wp","href":"https:\/\/api.w.org\/{rel}","templated":true}]}}