{"id":1614,"date":"2023-02-20T18:34:01","date_gmt":"2023-02-20T18:34:01","guid":{"rendered":"https:\/\/ar.marca.com\/claro\/futbol\/primera-division\/2023\/02\/20\/63f3bb8be2704e382c8b4578.html"},"modified":"2023-02-20T18:34:01","modified_gmt":"2023-02-20T18:34:01","slug":"marcelo-saralegui-dejo-de-ser-el-tecnico-de-colon","status":"publish","type":"post","link":"https:\/\/latecordoba.com\/index.php\/2023\/02\/20\/marcelo-saralegui-dejo-de-ser-el-tecnico-de-colon\/","title":{"rendered":"Marcelo Saralegui dej\u00f3 de ser el t\u00e9cnico de Col\u00f3n"},"content":{"rendered":"\n<div class=\"media_block\"><a href=\"http:\/\/latecordoba.com\/wp-content\/uploads\/2023\/02\/marcelo-saralegui-dejo-de-ser-el-tecnico-de-colon-1.jpg\"><img decoding=\"async\" src=\"http:\/\/latecordoba.com\/wp-content\/uploads\/2023\/02\/marcelo-saralegui-dejo-de-ser-el-tecnico-de-colon.jpg\" class=\"media_thumbnail\"><\/a><\/div>\n<p><h2 class=\"section-title-group izquierda\"><span class=\"section-type\">Liga Profesional<\/span>&nbsp;<span class=\"subsection-type\">Solo cosech\u00f3 un punto sobre los doce jugados en la Liga Profesional.<\/span><\/h2>\n<\/p>\n<div readability=\"70.460350584307\">\n<figure class=\"multimedia-item image\"><img decoding=\"async\" src=\"http:\/\/latecordoba.com\/wp-content\/uploads\/2023\/02\/marcelo-saralegui-dejo-de-ser-el-tecnico-de-colon-1.jpg\" class=\"full-image\"><\/figure>\n<aside class=\"aside-tools byline-tools\"><\/aside>\n<p><strong>Marcelo Saralegui dej\u00f3 su cargo como entrenador de Col\u00f3n <\/strong>este lunes luego del empate en el cl\u00e1sico santafesino por la fecha 4 de la Liga Profesional. El mismo entrenador confirm\u00f3 su salida luego de acordarla con los dirigentes sabaleros.<\/p>\n<p><strong>&#8220;Es magra la campa\u00f1a este a\u00f1o, no fue como la anterior. Para los dirigentes es descomprimir un poco la situaci\u00f3n. Me sobraban fuerzas, creo que podr\u00eda haberla controlado. Fue una experiencia muy linda<\/strong>&#8220;, expres\u00f3 en dialogo con TyC Sports.<\/p>\n<blockquote class=\"twitter-tweet\" readability=\"11.136666666667\">\n<p lang=\"es\" dir=\"ltr\"> PRIMER ENTRENADOR QUE SE VA <\/p>\n<p>Marcelo Saralegui no es m\u00e1s el entrenador de Col\u00f3n. &#8220;Ven\u00eda un partido de local y yo lo quer\u00eda jugar. Nos llamaron hace un rato y ten\u00edan la decisi\u00f3n tomada&#8221;, expres\u00f3 en D Sports Radio. <a href=\"https:\/\/t.co\/07yvBOnb1m\">pic.twitter.com\/07yvBOnb1m<\/a><\/p>\n<p>? TNT Sports Argentina (@TNTSportsAR) <a href=\"https:\/\/twitter.com\/TNTSportsAR\/status\/1627707710744690689?ref_src=twsrc%5Etfw\">February 20, 2023<\/a><\/p>\n<\/blockquote>\n<p>Saralegui <strong>cosech\u00f3 un punto sobre los doce jugados en la actual Liga Profesional de F\u00fatbol y el camino le marc\u00f3 la salida del banco de Col\u00f3n.<\/strong><\/p>\n<p>Adem\u00e1s, el t\u00e9cnico uruguayo analiz\u00f3 el presente del Sabalero: <strong>&#8220;Las incorporaciones llegaron tarde y se iba armando el equipo. La tranquilidad estaba instalada en el club con un par de puntos m\u00e1s. La gente est\u00e1 molesta con los directivos por distintos motivos, pero creo que el equipo mostr\u00f3 otra actitud&#8221;.<\/strong><\/p>\n<p>En la misma l\u00ednea, agreg\u00f3<strong>: &#8220;Creo que perdimos la solidez defensiva. Los jugadores demostraron ayer que quer\u00edan ganar. Un punto era un partida importante, m\u00e1s en un cl\u00e1sico, pero para los dirigentes no. Nos daba \u00e1nimos para tranquilizar las aguas&#8221;. <\/strong><\/p>\n<blockquote class=\"twitter-tweet\" readability=\"12.234604105572\">\n<p lang=\"es\" dir=\"ltr\"> SARALEGUI SE FUE DE COL\u00d3N Y APUNT\u00d3 CONTRA WANCHOPE <\/p>\n<p>El uruguayo dej\u00f3 este lunes de ser el t\u00e9cnico del Sabalero, despu\u00e9s de empatar 1-1 ante Uni\u00f3n en el cl\u00e1sico y declarar que &#8220;ten\u00eda las fuerzas de Tarz\u00e1n para seguir&#8221;<\/p>\n<p>Sac\u00f3 1 punto de 12 en el arranque de esta LPF <a href=\"https:\/\/t.co\/ABmFYTUIgE\">pic.twitter.com\/ABmFYTUIgE<\/a><\/p>\n<p>? Diario Ol\u00e9 (@DiarioOle) <a href=\"https:\/\/twitter.com\/DiarioOle\/status\/1627709720776540163?ref_src=twsrc%5Etfw\">February 20, 2023<\/a><\/p>\n<\/blockquote>\n<p>Por \u00faltimo, se refiri\u00f3 a Ram\u00f3n &#8220;Wanchope&#8221; \u00c1bila: &#8220;Es un jugador important\u00edsimo, quiz\u00e1 no est\u00e1 en el mejor nivel f\u00edsico. Tuvo un exceso de vacaciones consensuado con los dirigentes. Pensamos que ven\u00eda de otra manera. \u00c9l estuvo en el Mundial de Qatar 2022, pero son cosas que ya pasaron. Intent\u00f3 por todos los medios ponerse bien. Nos va dar sus frutos en los pr\u00f3ximos partidos&#8221;.<\/p>\n<aside class=\"related-tags\"><\/aside>\n<\/div>\n","protected":false},"excerpt":{"rendered":"\n<div class=\"media_block\"><a href=\"http:\/\/latecordoba.com\/wp-content\/uploads\/2023\/02\/marcelo-saralegui-dejo-de-ser-el-tecnico-de-colon-1.jpg\"><img decoding=\"async\" src=\"http:\/\/latecordoba.com\/wp-content\/uploads\/2023\/02\/marcelo-saralegui-dejo-de-ser-el-tecnico-de-colon.jpg\" class=\"media_thumbnail\"><\/a><\/div>\n<p>&nbsp;<a href=\"https:\/\/ar.marca.com\/claro\/futbol\/primera-division\/2023\/02\/20\/63f3bb8be2704e382c8b4578.html\"> Leer <\/a><img decoding=\"async\" src=\"http:\/\/latecordoba.com\/wp-content\/uploads\/2023\/02\/marcelo-saralegui-dejo-de-ser-el-tecnico-de-colon.gif\" alt=\"\"\/> <\/p>\n","protected":false},"author":1,"featured_media":1615,"comment_status":"closed","ping_status":"closed","sticky":false,"template":"","format":"standard","meta":[],"categories":[17],"tags":[],"_links":{"self":[{"href":"https:\/\/latecordoba.com\/index.php\/wp-json\/wp\/v2\/posts\/1614"}],"collection":[{"href":"https:\/\/latecordoba.com\/index.php\/wp-json\/wp\/v2\/posts"}],"about":[{"href":"https:\/\/latecordoba.com\/index.php\/wp-json\/wp\/v2\/types\/post"}],"author":[{"embeddable":true,"href":"https:\/\/latecordoba.com\/index.php\/wp-json\/wp\/v2\/users\/1"}],"replies":[{"embeddable":true,"href":"https:\/\/latecordoba.com\/index.php\/wp-json\/wp\/v2\/comments?post=1614"}],"version-history":[{"count":0,"href":"https:\/\/latecordoba.com\/index.php\/wp-json\/wp\/v2\/posts\/1614\/revisions"}],"wp:featuredmedia":[{"embeddable":true,"href":"https:\/\/latecordoba.com\/index.php\/wp-json\/wp\/v2\/media\/1615"}],"wp:attachment":[{"href":"https:\/\/latecordoba.com\/index.php\/wp-json\/wp\/v2\/media?parent=1614"}],"wp:term":[{"taxonomy":"category","embeddable":true,"href":"https:\/\/latecordoba.com\/index.php\/wp-json\/wp\/v2\/categories?post=1614"},{"taxonomy":"post_tag","embeddable":true,"href":"https:\/\/latecordoba.com\/index.php\/wp-json\/wp\/v2\/tags?post=1614"}],"curies":[{"name":"wp","href":"https:\/\/api.w.org\/{rel}","templated":true}]}}