{"id":1610,"date":"2023-02-26T01:26:05","date_gmt":"2023-02-26T01:26:05","guid":{"rendered":"https:\/\/viapais.com.ar\/cordoba\/la-lista-de-concentrados-de-instituto-con-una-baja-importante-para-el-partido-con-newells\/"},"modified":"2023-02-26T01:26:05","modified_gmt":"2023-02-26T01:26:05","slug":"la-lista-de-concentrados-de-instituto-con-una-baja-importante-para-el-partido-con-newells","status":"publish","type":"post","link":"https:\/\/latecordoba.com\/index.php\/2023\/02\/26\/la-lista-de-concentrados-de-instituto-con-una-baja-importante-para-el-partido-con-newells\/","title":{"rendered":"La lista de concentrados de Instituto, con una baja importante para el partido con Newell\u2019s"},"content":{"rendered":"<br \/>\n<section readability=\"25.853237410072\">\n<p><a href=\"https:\/\/viapais.com.ar\/cordoba\/instituto-con-una-barra-en-cada-popular-del-kempes-para-el-encuentro-con-newells\/\" target=\"_blank\" rel=\"noopener\"><b>Instituto<\/b><\/a><b> recibe este <\/b><a href=\"https:\/\/viapais.com.ar\/rosario\/gabriel-heinze-hablo-en-la-previa-de-newells-vs-instituto-creo-que-va-a-ser-un-partido-complejo\/\" target=\"_blank\" rel=\"noopener\"><b>domingo a las 21.30 a Newell\u2019s <\/b><\/a><b>en el Kempes<\/b>, por la quinta fecha de la Liga Profesional y con el<a href=\"https:\/\/viapais.com.ar\/cordoba\/juan-manuel-cavagliatto-contundente-sobre-donde-se-jugara-el-instituto-talleres\/\" target=\"_blank\" rel=\"noopener\"><b> objetivo de recuperar terreno<\/b><\/a> tras la derrota en La Plata, a manos de <b>Gimnasia por 2 a 0. <\/b>Y lo har\u00eda con al menos dos cambios.<\/p>\n<article class=\"article card \">\n<div class=\"article-inner \">\n<div class=\"article-image \"><a href=\"https:\/\/viapais.com.ar\/cordoba\/instituto-ante-newells-con-un-gabriel-heinze-que-carga-con-la-maldicion-de-la-copa-argentina\/\" title=\"Gabriel Heinze\"><\/p>\n<figure><picture><img decoding=\"async\" loading=\"lazy\" alt=\"Gabriel Heinze\" class=\"lazyload block \" src=\"http:\/\/latecordoba.com\/wp-content\/uploads\/2023\/02\/la-lista-de-concentrados-de-instituto-con-una-baja-importante-para-el-partido-con-newells.png\" sizes=\"auto\" data-src=\"https:\/\/viapais.com.ar\/resizer\/sgE039kTyZPd_1NZBBLqq102I3Q=\/307x173\/smart\/filters:quality(75):format(webp)\/cloudfront-us-east-1.images.arcpublishing.com\/grupoclarin\/YZBVRRRLWVGWTB4IBPH5FRKM4E.jpg\" width=\"307px\" height=\"173px\"><\/picture><\/figure>\n<p><\/a><\/div>\n<\/div>\n<\/article>\n<p><b>Roberto Boch<\/b>i, uno de los infaltables en las campa\u00f1a del ascenso, <b>no aparece en la lista de concentrados,<\/b> en principio por lesi\u00f3n. De cualquier modo se ven\u00eda manejando como posibilidad de que dejara su lugar a <b>Nicol\u00e1s Linares,<\/b> el refuerzo que lleg\u00f3 de Central C\u00f3rdoba.<\/p>\n<figure><picture><img alt=\"La lista de concentrados de Instituto, sin Roberto Bochi.\" class=\"lazyload block \" sizes=\"auto\" data-src=\"http:\/\/latecordoba.com\/wp-content\/uploads\/2023\/02\/la-lista-de-concentrados-de-instituto-con-una-baja-importante-para-el-partido-con-newells.jpg\" width=\"1023px\" height=\"1220px\"><\/picture><figcaption class>La lista de concentrados de Instituto, sin Roberto Bochi. Foto: Twitter @InstitutoAC<\/figcaption><\/figure>\n<article class=\"article card \">\n<div class=\"article-inner \">\n<div class=\"article-image \"><a href=\"https:\/\/viapais.com.ar\/cordoba\/belgrano-talleres-e-instituto-ya-saben-dia-y-hora-de-las-fechas-7-y-8-de-la-liga-profesional\/\" title=\"Argentinos Jrs contra Belgrano\"><\/p>\n<figure><picture><img decoding=\"async\" loading=\"lazy\" alt=\"Argentinos Jrs contra Belgrano\" class=\"lazyload block \" src=\"http:\/\/latecordoba.com\/wp-content\/uploads\/2023\/02\/la-lista-de-concentrados-de-instituto-con-una-baja-importante-para-el-partido-con-newells.png\" sizes=\"auto\" data-src=\"https:\/\/viapais.com.ar\/resizer\/GcLt7eA8bwpnEsmYAn4BPj5WKog=\/307x173\/smart\/filters:quality(75):format(webp)\/cloudfront-us-east-1.images.arcpublishing.com\/grupoclarin\/RZLILBJF3VA4VJ6TY7VQ4YDASY.JPG\" width=\"307px\" height=\"173px\"><\/picture><\/figure>\n<p><\/a><\/div>\n<\/div>\n<\/article>\n<p>El otro cambio que introducir\u00eda <b>Lucas Bovaglio<\/b> ser\u00eda t\u00e1ctico, con <b>Brahian Cuello por un Franco Watson<\/b> que a\u00fan no mostr\u00f3 su nivel en Primera. Y tambi\u00e9n podr\u00eda darse el ingreso del paraguayo <b>Juan Franco en el lateral derecho, por Giuliano Ceratto,<\/b> el que peor la pas\u00f3 ante el Lobo.<\/p>\n<h2 class><b>LA PROBABLE FORMACI\u00d3N DE LA GLORIA<\/b><\/h2>\n<p>Con los posibles cambios, Instituto alistar\u00eda ante Newell\u2019s a <b>Jorge Carranza, Ceratto o Franco, Fernando Alarc\u00f3n, Leonel Mosevich y Sebasti\u00e1n Corda; Gabriel Graciani, Linares, Gast\u00f3n Lodico, Cuello o Watson y Santiago Rodr\u00edguez y Adri\u00e1n Maravilla Mart\u00ednez.<\/b><\/p>\n<\/section>\n<div class=\"noreadme-audima\">\n<h2>Temas Relacionados<\/h2>\n<\/div>\n","protected":false},"excerpt":{"rendered":"<p>Instituto recibe este domingo a las 21.30 a Newell\u2019s en el Kempes, por la quinta fecha de la Liga Profesional y con el objetivo de recuperar terreno tras la derrota en La Plata, a manos de Gimnasia por 2 a 0. Y lo har\u00eda con al menos dos cambios. Roberto Bochi, uno de los infaltables [&hellip;]<\/p>\n","protected":false},"author":1,"featured_media":1611,"comment_status":"closed","ping_status":"closed","sticky":false,"template":"","format":"standard","meta":[],"categories":[15],"tags":[],"_links":{"self":[{"href":"https:\/\/latecordoba.com\/index.php\/wp-json\/wp\/v2\/posts\/1610"}],"collection":[{"href":"https:\/\/latecordoba.com\/index.php\/wp-json\/wp\/v2\/posts"}],"about":[{"href":"https:\/\/latecordoba.com\/index.php\/wp-json\/wp\/v2\/types\/post"}],"author":[{"embeddable":true,"href":"https:\/\/latecordoba.com\/index.php\/wp-json\/wp\/v2\/users\/1"}],"replies":[{"embeddable":true,"href":"https:\/\/latecordoba.com\/index.php\/wp-json\/wp\/v2\/comments?post=1610"}],"version-history":[{"count":0,"href":"https:\/\/latecordoba.com\/index.php\/wp-json\/wp\/v2\/posts\/1610\/revisions"}],"wp:featuredmedia":[{"embeddable":true,"href":"https:\/\/latecordoba.com\/index.php\/wp-json\/wp\/v2\/media\/1611"}],"wp:attachment":[{"href":"https:\/\/latecordoba.com\/index.php\/wp-json\/wp\/v2\/media?parent=1610"}],"wp:term":[{"taxonomy":"category","embeddable":true,"href":"https:\/\/latecordoba.com\/index.php\/wp-json\/wp\/v2\/categories?post=1610"},{"taxonomy":"post_tag","embeddable":true,"href":"https:\/\/latecordoba.com\/index.php\/wp-json\/wp\/v2\/tags?post=1610"}],"curies":[{"name":"wp","href":"https:\/\/api.w.org\/{rel}","templated":true}]}}