{"id":1608,"date":"2023-02-26T01:24:54","date_gmt":"2023-02-26T01:24:54","guid":{"rendered":"https:\/\/elnoticierodigital.com.ar\/?p=1281310"},"modified":"2023-02-26T01:24:54","modified_gmt":"2023-02-26T01:24:54","slug":"el-increible-contrato-que-no-pudieron-cobrar-nicole-neumann-y-pampita-por-no-querer-trabajar-juntas","status":"publish","type":"post","link":"https:\/\/latecordoba.com\/index.php\/2023\/02\/26\/el-increible-contrato-que-no-pudieron-cobrar-nicole-neumann-y-pampita-por-no-querer-trabajar-juntas\/","title":{"rendered":"El incre\u00edble contrato que no pudieron cobrar Nicole Neumann y Pampita por no querer trabajar juntas"},"content":{"rendered":"<p> <!-- image --><\/p>\n<div class=\"td-post-featured-image\"><a href=\"https:\/\/i0.wp.com\/elnoticierodigital.com.ar\/wp-content\/uploads\/2023\/02\/1281310.png?fit=1200%2C800&amp;ssl=1\" data-caption><img decoding=\"async\" loading=\"lazy\" width=\"696\" height=\"464\" class=\"entry-thumb td-modal-image\" src=\"http:\/\/latecordoba.com\/wp-content\/uploads\/2023\/02\/el-increible-contrato-que-no-pudieron-cobrar-nicole-neumann-y-pampita-por-no-querer-trabajar-juntas.png\" srcset=\"http:\/\/latecordoba.com\/wp-content\/uploads\/2023\/02\/el-increible-contrato-que-no-pudieron-cobrar-nicole-neumann-y-pampita-por-no-querer-trabajar-juntas-1.png 1200w, http:\/\/latecordoba.com\/wp-content\/uploads\/2023\/02\/el-increible-contrato-que-no-pudieron-cobrar-nicole-neumann-y-pampita-por-no-querer-trabajar-juntas-2.png 300w, http:\/\/latecordoba.com\/wp-content\/uploads\/2023\/02\/el-increible-contrato-que-no-pudieron-cobrar-nicole-neumann-y-pampita-por-no-querer-trabajar-juntas-3.png 1024w, http:\/\/latecordoba.com\/wp-content\/uploads\/2023\/02\/el-increible-contrato-que-no-pudieron-cobrar-nicole-neumann-y-pampita-por-no-querer-trabajar-juntas-4.png 768w, http:\/\/latecordoba.com\/wp-content\/uploads\/2023\/02\/el-increible-contrato-que-no-pudieron-cobrar-nicole-neumann-y-pampita-por-no-querer-trabajar-juntas-5.png 150w, http:\/\/latecordoba.com\/wp-content\/uploads\/2023\/02\/el-increible-contrato-que-no-pudieron-cobrar-nicole-neumann-y-pampita-por-no-querer-trabajar-juntas.png 696w, https:\/\/i0.wp.com\/elnoticierodigital.com.ar\/wp-content\/uploads\/2023\/02\/1281310.png?resize=1068%2C712&amp;ssl=1 1068w\" sizes=\"(max-width: 696px) 100vw, 696px\" alt title=\"1281310\"><\/a><\/div>\n<p> <!-- content --><\/p>\n<article readability=\"33\">Las diferencias entre Carolina \u201cPampita\u201d Ardohain y Nicole Neumann vienen desde hace a\u00f1os. Uno de los episodios m\u00e1s recordados fue el enfrentamiento que tuvieron ambas modelos en el programa \u201cBailando por un sue\u00f1o\u201d, donde Pampita era jurado y Nicole se desarrollaba como participante.<\/p>\n<p>Si bien se sabe que la relaci\u00f3n entre ellas no es para nada buena y tratan de evitarse continuamente, Guido Kaczka intento acercar a ambas protagonistas invit\u00e1ndolas a su programa \u201cLos ocho escalones del mill\u00f3n\u201d que se emite por El Trece y que representa para el canal un verdadero \u00e9xito durante toda la semana.<\/p>\n<p>Laura Ubfal en el ciclo Intrusos en el Espect\u00e1culo dio detalles de esta invitaci\u00f3n y sorprendi\u00f3 al decir que no aceptaron la propuesto de Guido: \u201cEn el programa de Guido Kaczka se ha creado una grieta entre dos hist\u00f3ricas de la tele, Pampita y Nicole Neumann, porque la producci\u00f3n quer\u00eda que est\u00e9n juntas\u201d, comenz\u00f3 la panelista.<\/p>\n<p>Luego agreg\u00f3: \u201cQuer\u00edan que Pampita pregunte sobre moda y Nicole sobre vida sana, pero no pudo ser. No hubo forma de que quieran compartir un programa de tele. Pampita grab\u00f3 el mi\u00e9rcoles y Nicole no estuvo\u201d, expres\u00f3 Laura Ubfal sobre lo que es la grieta y una nueva pol\u00e9mica entre ambas modelos.<\/p>\n<p>Pero esto no fue todo y Nicole Neumann habl\u00f3 con Laura para comentar sobre el tema que incluye a Carolina y a ella, ante esto, Neumann aclar\u00f3: \u201cNicole me escribi\u00f3 y me dijo \u2018yo, ni enterada\u2019 pero la producci\u00f3n te dice que es mentira, que la convocaron a las dos, quer\u00edamos que est\u00e9n ambas\u201d, coment\u00f3 la periodista, dando a entender que lo que le respondi\u00f3 la modelo es falso.<\/p>\n<\/article>\n<p>Fuente: <a href=\"https:\/\/www.paparazzi.com.ar\/teve\/el-increible-contrato-que-no-pudieron-cobrar-nicole-neumann-y-pampita-por-no-querer-trabajar-juntas\/\">https:\/\/www.paparazzi.com.ar\/<\/a><\/p>\n","protected":false},"excerpt":{"rendered":"<p> Las diferencias entre Carolina &#8220;Pampita&#8221; Ardohain y Nicole Neumann vienen desde hace a\u00f1os. Uno de los episodios m\u00e1s recordados fue el enfrentamiento que tuvieron ambas modelos en el programa &#8220;Bailando por un sue\u00f1o&#8221;, donde Pampita era jurado y Nicole se desarrollaba como participante. Si bien se sabe que la relaci\u00f3n entre ellas no es para [&#8230;]  <\/p>\n","protected":false},"author":1,"featured_media":1609,"comment_status":"closed","ping_status":"closed","sticky":false,"template":"","format":"standard","meta":[],"categories":[14],"tags":[],"_links":{"self":[{"href":"https:\/\/latecordoba.com\/index.php\/wp-json\/wp\/v2\/posts\/1608"}],"collection":[{"href":"https:\/\/latecordoba.com\/index.php\/wp-json\/wp\/v2\/posts"}],"about":[{"href":"https:\/\/latecordoba.com\/index.php\/wp-json\/wp\/v2\/types\/post"}],"author":[{"embeddable":true,"href":"https:\/\/latecordoba.com\/index.php\/wp-json\/wp\/v2\/users\/1"}],"replies":[{"embeddable":true,"href":"https:\/\/latecordoba.com\/index.php\/wp-json\/wp\/v2\/comments?post=1608"}],"version-history":[{"count":0,"href":"https:\/\/latecordoba.com\/index.php\/wp-json\/wp\/v2\/posts\/1608\/revisions"}],"wp:featuredmedia":[{"embeddable":true,"href":"https:\/\/latecordoba.com\/index.php\/wp-json\/wp\/v2\/media\/1609"}],"wp:attachment":[{"href":"https:\/\/latecordoba.com\/index.php\/wp-json\/wp\/v2\/media?parent=1608"}],"wp:term":[{"taxonomy":"category","embeddable":true,"href":"https:\/\/latecordoba.com\/index.php\/wp-json\/wp\/v2\/categories?post=1608"},{"taxonomy":"post_tag","embeddable":true,"href":"https:\/\/latecordoba.com\/index.php\/wp-json\/wp\/v2\/tags?post=1608"}],"curies":[{"name":"wp","href":"https:\/\/api.w.org\/{rel}","templated":true}]}}