{"id":1602,"date":"2023-02-24T13:40:22","date_gmt":"2023-02-24T13:40:22","guid":{"rendered":"https:\/\/www.puntal.com.ar\/enfermedad\/el-indio-solari-se-despide-los-escenarios-n185418"},"modified":"2023-02-24T13:40:22","modified_gmt":"2023-02-24T13:40:22","slug":"el-indio-solari-se-despide-de-los-escenarios","status":"publish","type":"post","link":"https:\/\/latecordoba.com\/index.php\/2023\/02\/24\/el-indio-solari-se-despide-de-los-escenarios\/","title":{"rendered":"El Indio Solari se despide de los escenarios"},"content":{"rendered":"\n<div><img decoding=\"async\" src=\"http:\/\/latecordoba.com\/wp-content\/uploads\/2023\/02\/el-indio-solari-se-despide-de-los-escenarios.jpg\" class=\"ff-og-image-inserted\"><\/div>\n<p> <strong>&#8220;Ya no tengo ganas de seguir, de ser un artista que est\u00e1 peleando en el escenario. El Indio ya cumpli\u00f3 su tiempo, y el mister no tiene vocaci\u00f3n de directo, tiene ganas de hacer m\u00fasica y que la toque quien quiera\u201d<\/strong>, expres\u00f3 &#8220;El Indio&#8221; en declaraciones radiales.<\/p>\n<p>Solari sostuvo que de todas maneras, continuar\u00e1 creando m\u00fasica para ser interpretadas por otros: \u201dLo que m\u00e1s me gusta es hacer diez, doce canciones nuevas para que las cante la gente, y eso s\u00ed me costar\u00eda tener que dejarlo&#8221;, explic\u00f3.<\/p>\n<p><strong>\u201cMe parece que es hora de recular un poquito y dedicarse a ser un consigliere, y dejar de molestar a los j\u00f3venes porque uno termina siendo un tap\u00f3n. Necesitan crecer y el tap\u00f3n este no da m\u00e1s\u201d<\/strong>, a\u00f1adi\u00f3 el ex l\u00edder de una banda que a\u00fan mantiene miles de fieles seguidores, con una m\u00edstica especial.<\/p>\n<p>El due\u00f1o de una de las voces m\u00e1s ic\u00f3nicas del rock nacional confes\u00f3 que su decisi\u00f3n es por padecer Parkinson y que ya la hab\u00eda tomado hace un tiempo atr\u00e1s, mientras que hab\u00eda dado algunas pistas de que el hist\u00f3rico show brindado en Olavarr\u00eda de 2017 se iba a convertir en el ep\u00edlogo de su carrera sobre los escenarios.<\/p>\n<p>\u201c<strong>En este momento est\u00e1 entreabierta esa puerta, por mi enfermedad, m\u00e1s all\u00e1 de lo que te quiera contar. No quiero transformar esto en una cosa cr\u00edtica, no me permite estar en mi mejor versi\u00f3n<\/strong>. Desgraciadamente para m\u00ed, el Parkinson va progresando, pero hay que presentarle batalla\u201d, explic\u00f3 en ese sentido.<\/p>\n<p>El m\u00fasico, por otra parte, aval\u00f3 el trabajo de su \u00faltima banda, &#8220;Los Fundamentalistas del Aire Acondicionado, al se\u00f1alar que \u201cest\u00e1n haciendo un muy buen directo, es una banda que suena de puta madre y los quiero tanto que disfruto con ellos\u201d.<\/p>\n","protected":false},"excerpt":{"rendered":"<p>  &#8220;Ya no tengo ganas de seguir&#8221;, sostuvo el cantante. La decisi\u00f3n se relaciona con la enfermedad que padece. Se enfocar\u00e1 en la composici\u00f3n.  <\/p>\n","protected":false},"author":1,"featured_media":1603,"comment_status":"closed","ping_status":"closed","sticky":false,"template":"","format":"standard","meta":[],"categories":[14],"tags":[],"_links":{"self":[{"href":"https:\/\/latecordoba.com\/index.php\/wp-json\/wp\/v2\/posts\/1602"}],"collection":[{"href":"https:\/\/latecordoba.com\/index.php\/wp-json\/wp\/v2\/posts"}],"about":[{"href":"https:\/\/latecordoba.com\/index.php\/wp-json\/wp\/v2\/types\/post"}],"author":[{"embeddable":true,"href":"https:\/\/latecordoba.com\/index.php\/wp-json\/wp\/v2\/users\/1"}],"replies":[{"embeddable":true,"href":"https:\/\/latecordoba.com\/index.php\/wp-json\/wp\/v2\/comments?post=1602"}],"version-history":[{"count":0,"href":"https:\/\/latecordoba.com\/index.php\/wp-json\/wp\/v2\/posts\/1602\/revisions"}],"wp:featuredmedia":[{"embeddable":true,"href":"https:\/\/latecordoba.com\/index.php\/wp-json\/wp\/v2\/media\/1603"}],"wp:attachment":[{"href":"https:\/\/latecordoba.com\/index.php\/wp-json\/wp\/v2\/media?parent=1602"}],"wp:term":[{"taxonomy":"category","embeddable":true,"href":"https:\/\/latecordoba.com\/index.php\/wp-json\/wp\/v2\/categories?post=1602"},{"taxonomy":"post_tag","embeddable":true,"href":"https:\/\/latecordoba.com\/index.php\/wp-json\/wp\/v2\/tags?post=1602"}],"curies":[{"name":"wp","href":"https:\/\/api.w.org\/{rel}","templated":true}]}}