{"id":1598,"date":"2023-02-25T12:27:23","date_gmt":"2023-02-25T12:27:23","guid":{"rendered":"https:\/\/www.puntal.com.ar\/chano\/chano-desperto-luego-una-semana-internacion-terapia-intensiva-n185471"},"modified":"2023-02-25T12:27:23","modified_gmt":"2023-02-25T12:27:23","slug":"chano-desperto-luego-de-una-semana-de-internacion-en-terapia-intensiva","status":"publish","type":"post","link":"https:\/\/latecordoba.com\/index.php\/2023\/02\/25\/chano-desperto-luego-de-una-semana-de-internacion-en-terapia-intensiva\/","title":{"rendered":"Chano despert\u00f3 luego de una semana de internaci\u00f3n en terapia intensiva"},"content":{"rendered":"\n<div><img decoding=\"async\" src=\"http:\/\/latecordoba.com\/wp-content\/uploads\/2023\/02\/chano-desperto-luego-de-una-semana-de-internacion-en-terapia-intensiva.jpg\" class=\"ff-og-image-inserted\"><\/div>\n<div class=\"cuerpo\" data-twitter-link readability=\"41\">\n<p> <strong>Chano habr\u00eda recuperado la conciencia este viernes, seg\u00fan informaron fuentes cercanas al cantante. Adem\u00e1s, el m\u00fasico ya no tendr\u00eda fiebre despu\u00e9s del grave cuadro que vivi\u00f3 esta semana, agregaron sus allegados.<\/strong><\/p>\n<p>El mi\u00e9rcoles, Marina Charpentier, su madre, habl\u00f3 sobre la salud de su hijo y confirm\u00f3 que \u201cest\u00e1 estable. Sigue en terapia intensiva y est\u00e1 entubado&#8221;.<\/p>\n<p><strong>Chano fue internado de urgencia el viernes en el sanatorio Otamendi y a pesar de las sospechas, no fue por una reca\u00edda a las drogas ya que su examen toxicol\u00f3gico dio negativo. La madre del m\u00fasico confirm\u00f3 que su hijo estuvo entubado por una infecci\u00f3n y un posible error en la ingesta de sus medicamentos.<\/strong><\/p>\n<p> Por su parte, Marina Chapentier reiter\u00f3 que no se trataba de un problema con las drogas: &#8220;Chano est\u00e1 en tratamiento permanentemente. Tiene terapia de grupo e individual. Ve al psiquiatra cada 15 d\u00edas y le hacen un test de orina, como un Evatest, para ver si est\u00e1 limpio. Siempre dio negativo&#8221;, asegur\u00f3.<\/p>\n<p><strong>\u201cQue una persona como \u00e9l no est\u00e9 consumiendo no quiere decir que igual no est\u00e9 sensible, \u00e9l ha contado su enfermedad y para personas como \u00e9l, extremadamente sensibles, la vida es muy dif\u00edcil\u201d, agreg\u00f3.<\/strong><\/p>\n<\/p><\/div>\n","protected":false},"excerpt":{"rendered":"<p>\nLa madre del m\u00fasico confirm\u00f3 que su hijo estuvo entubado por una infecci\u00f3n y un posible error en la ingesta de sus medicamentos.  <\/p>\n","protected":false},"author":1,"featured_media":1599,"comment_status":"closed","ping_status":"closed","sticky":false,"template":"","format":"standard","meta":[],"categories":[14],"tags":[],"_links":{"self":[{"href":"https:\/\/latecordoba.com\/index.php\/wp-json\/wp\/v2\/posts\/1598"}],"collection":[{"href":"https:\/\/latecordoba.com\/index.php\/wp-json\/wp\/v2\/posts"}],"about":[{"href":"https:\/\/latecordoba.com\/index.php\/wp-json\/wp\/v2\/types\/post"}],"author":[{"embeddable":true,"href":"https:\/\/latecordoba.com\/index.php\/wp-json\/wp\/v2\/users\/1"}],"replies":[{"embeddable":true,"href":"https:\/\/latecordoba.com\/index.php\/wp-json\/wp\/v2\/comments?post=1598"}],"version-history":[{"count":0,"href":"https:\/\/latecordoba.com\/index.php\/wp-json\/wp\/v2\/posts\/1598\/revisions"}],"wp:featuredmedia":[{"embeddable":true,"href":"https:\/\/latecordoba.com\/index.php\/wp-json\/wp\/v2\/media\/1599"}],"wp:attachment":[{"href":"https:\/\/latecordoba.com\/index.php\/wp-json\/wp\/v2\/media?parent=1598"}],"wp:term":[{"taxonomy":"category","embeddable":true,"href":"https:\/\/latecordoba.com\/index.php\/wp-json\/wp\/v2\/categories?post=1598"},{"taxonomy":"post_tag","embeddable":true,"href":"https:\/\/latecordoba.com\/index.php\/wp-json\/wp\/v2\/tags?post=1598"}],"curies":[{"name":"wp","href":"https:\/\/api.w.org\/{rel}","templated":true}]}}