{"id":1593,"date":"2023-02-25T11:14:58","date_gmt":"2023-02-25T11:14:58","guid":{"rendered":"https:\/\/viapais.com.ar\/informacion-general\/desempleo-un-supermercado-ofrecio-600-puestos-de-trabajo-en-buenos-aires-y-hubo-cinco-cuadras-de-cola\/"},"modified":"2023-02-25T11:14:58","modified_gmt":"2023-02-25T11:14:58","slug":"desempleo-un-supermercado-ofrecio-600-puestos-de-trabajo-en-buenos-aires-y-hubo-cinco-cuadras-de-cola","status":"publish","type":"post","link":"https:\/\/latecordoba.com\/index.php\/2023\/02\/25\/desempleo-un-supermercado-ofrecio-600-puestos-de-trabajo-en-buenos-aires-y-hubo-cinco-cuadras-de-cola\/","title":{"rendered":"Desempleo: un supermercado ofreci\u00f3 600 puestos de trabajo en Buenos Aires y hubo cinco cuadras de cola"},"content":{"rendered":"<br \/>\n<section readability=\"49.151893095768\">\n<p>Coto ofreci\u00f3 <b>600 puestos<\/b> de trabajo por la apertura de una nueva sucursal en Nordelta, Buenos Aires. A ra\u00edz de la convocatoria,<b> miles de personas<\/b> se movilizaron hasta el lugar y fueron entrevistadas este viernes por los recruiters de la cadena.<\/p>\n<figure><picture><img alt=\"La fila para dejar el curr\u00edculum en Coto. \/ Foto: Clar\u00edn\" class=\"lazyload block \" sizes=\"auto\" data-src=\"http:\/\/latecordoba.com\/wp-content\/uploads\/2023\/02\/desempleo-un-supermercado-ofrecio-600-puestos-de-trabajo-en-buenos-aires-y-hubo-cinco-cuadras-de-cola.jpg\" width=\"1023px\" height=\"682px\"><\/picture><figcaption class>La fila para dejar el curr\u00edculum en Coto. \/ Foto: Clar\u00edn<\/figcaption><\/figure>\n<p>Durante la jornada hubo hasta 5 cuadras de cola bajo un sol abrazador. Alejandra, que indica a los interesados a d\u00f3nde dirigirse en la puerta del Campo de Deportes del Sindicato de los Empleados de Comercio en Benav\u00eddez -el lugar en el que se realizan las entrevistas-, cuenta a Clar\u00edn que las personas comenzaron a llegar a las <b>cinco de la ma\u00f1ana<\/b>. Cabe destacar que la convocatoria era de <b>ocho de la ma\u00f1ana a cuatro de la tarde<\/b>.<\/p>\n<article class=\"article card \">\n<div class=\"article-inner \">\n<div class=\"article-image \"><a href=\"https:\/\/viapais.com.ar\/politica\/entre-el-hartazgo-y-la-decepcion-con-los-politicos-que-esperan-los-jovenes-que-votan-por-primera-vez-de-estas-elecciones\/\" title=\"Tr\u00e1gico. El empleado llevaba un pedido de Rappi. \"><\/p>\n<figure><picture><img decoding=\"async\" loading=\"lazy\" alt=\"Tr\u00e1gico. El empleado llevaba un pedido de Rappi. \" class=\"lazyload block \" src=\"http:\/\/latecordoba.com\/wp-content\/uploads\/2023\/02\/desempleo-un-supermercado-ofrecio-600-puestos-de-trabajo-en-buenos-aires-y-hubo-cinco-cuadras-de-cola.png\" sizes=\"auto\" data-src=\"https:\/\/viapais.com.ar\/resizer\/HJdJPCT2Do6UwW5UrGQHiY2PZHA=\/307x173\/smart\/filters:quality(75):format(webp)\/cloudfront-us-east-1.images.arcpublishing.com\/grupoclarin\/ND7FKKI4CBFVPE2BMAMRJG47VY.jpg\" width=\"307px\" height=\"173px\"><\/picture><\/figure>\n<p><\/a><\/div>\n<\/div>\n<\/article>\n<p>\u201cHubo gente de <b>todas las edades<\/b>, desde los 18 a\u00f1os hasta algunas personas que ten\u00edan 54 y me preguntaban si hab\u00eda l\u00edmite de edad -la convocatoria no tiene l\u00edmite de edad-\u201d, dice Alejandra. \u201cCalculo que, al menos, <b>unas 2.500 personas vinieron hoy<\/b>. Ayer, jueves, <b>me dijeron que fueron m\u00e1s<\/b>\u201d, a\u00f1ade.<\/p>\n<figure><picture><img alt=\"Imagen ilustrativa. \" class=\"lazyload block \" sizes=\"auto\" data-src=\"http:\/\/latecordoba.com\/wp-content\/uploads\/2023\/02\/desempleo-un-supermercado-ofrecio-600-puestos-de-trabajo-en-buenos-aires-y-hubo-cinco-cuadras-de-cola-1.jpg\" width=\"1023px\" height=\"498px\"><\/picture><figcaption class>Imagen ilustrativa. <\/figcaption><\/figure>\n<p>Cerca de las cuatro de la tarde, la gente que llega a dejar su cv y ser entrevistada <b>es poca<\/b>. <b>Soledad <\/b>(37) sale del predio. Ella es <b>enfermera<\/b>, adem\u00e1s de<b> t\u00e9cnica en seguridad e higiene<\/b>. Tuvo trabajos irregulares y est\u00e1 en busca de uno estable desde hace tres a\u00f1os. \u201cMe ofrecieron empleos de <b>12 horas por d\u00eda<\/b>, sin francos, por <b>80.000 pesos<\/b>\u201d, cuenta.<\/p>\n<article class=\"article card \">\n<div class=\"article-inner \">\n<div class=\"article-image \"><a href=\"https:\/\/viapais.com.ar\/campo\/escenario-economico-y-financiero-2023\/\" title=\"Via Campo\"><\/p>\n<figure><picture><img decoding=\"async\" loading=\"lazy\" alt=\"Via Campo\" class=\"lazyload block \" src=\"http:\/\/latecordoba.com\/wp-content\/uploads\/2023\/02\/desempleo-un-supermercado-ofrecio-600-puestos-de-trabajo-en-buenos-aires-y-hubo-cinco-cuadras-de-cola.png\" sizes=\"auto\" data-src=\"https:\/\/viapais.com.ar\/resizer\/PUXzTZOuagFfEUM6U_kgryrD83Q=\/307x173\/smart\/filters:quality(75):format(webp)\/cloudfront-us-east-1.images.arcpublishing.com\/grupoclarin\/TR3K5ETZDNE7FC4BZUJRJJFBGM.webp\" width=\"307px\" height=\"173px\"><\/picture><\/figure>\n<p><\/a><\/div>\n<\/div>\n<\/article>\n<p>La mayor\u00eda de quienes fueron consultados por Clar\u00edn coincide en lo siguiente: <b>obtener uno de estos 600 trabajos les permitir\u00eda mejorar sus condiciones laborales<\/b>. En el a\u00f1o 2022, se registr\u00f3 un r\u00e9cord en el empleo informal con casi <b>9 millones de personas ocupadas \u201cen negro\u201d<\/b>. Mientras que, seg\u00fan el INDEC, el desempleo alcanz\u00f3 el <b>7,1% <\/b>en el \u00faltimo trimestre de 2022.<\/p>\n<p>Soledad cuenta que, por ser madre de tres hijos -de 15, 3 y 1 a\u00f1o-, <b>tambi\u00e9n le cuesta encontrar trabajo<\/b>. \u201cIncluso como enfermera o trabajando como cuidadora, en muchos lugares <b>no quieren contratarte<\/b> porque no vas a poder cubrir turnos extra o hacer muchas guardias\u201d, cuenta.<\/p>\n<\/section>\n<div class=\"noreadme-audima\">\n<h2>Temas Relacionados<\/h2>\n<\/div>\n","protected":false},"excerpt":{"rendered":"<p>Coto ofreci\u00f3 600 puestos de trabajo por la apertura de una nueva sucursal en Nordelta, Buenos Aires. A ra\u00edz de la convocatoria, miles de personas se movilizaron hasta el lugar y fueron entrevistadas este viernes por los recruiters de la cadena. La fila para dejar el curr\u00edculum en Coto. \/ Foto: Clar\u00edn Durante la jornada [&hellip;]<\/p>\n","protected":false},"author":1,"featured_media":1594,"comment_status":"closed","ping_status":"closed","sticky":false,"template":"","format":"standard","meta":[],"categories":[15],"tags":[],"_links":{"self":[{"href":"https:\/\/latecordoba.com\/index.php\/wp-json\/wp\/v2\/posts\/1593"}],"collection":[{"href":"https:\/\/latecordoba.com\/index.php\/wp-json\/wp\/v2\/posts"}],"about":[{"href":"https:\/\/latecordoba.com\/index.php\/wp-json\/wp\/v2\/types\/post"}],"author":[{"embeddable":true,"href":"https:\/\/latecordoba.com\/index.php\/wp-json\/wp\/v2\/users\/1"}],"replies":[{"embeddable":true,"href":"https:\/\/latecordoba.com\/index.php\/wp-json\/wp\/v2\/comments?post=1593"}],"version-history":[{"count":0,"href":"https:\/\/latecordoba.com\/index.php\/wp-json\/wp\/v2\/posts\/1593\/revisions"}],"wp:featuredmedia":[{"embeddable":true,"href":"https:\/\/latecordoba.com\/index.php\/wp-json\/wp\/v2\/media\/1594"}],"wp:attachment":[{"href":"https:\/\/latecordoba.com\/index.php\/wp-json\/wp\/v2\/media?parent=1593"}],"wp:term":[{"taxonomy":"category","embeddable":true,"href":"https:\/\/latecordoba.com\/index.php\/wp-json\/wp\/v2\/categories?post=1593"},{"taxonomy":"post_tag","embeddable":true,"href":"https:\/\/latecordoba.com\/index.php\/wp-json\/wp\/v2\/tags?post=1593"}],"curies":[{"name":"wp","href":"https:\/\/api.w.org\/{rel}","templated":true}]}}