{"id":1584,"date":"2023-02-24T12:20:00","date_gmt":"2023-02-24T12:20:00","guid":{"rendered":"https:\/\/www.diariocronica.com.ar\/noticias\/2023\/02\/24\/77656-dos-peleas-profesionales-en-el-gimnasio-n-1"},"modified":"2023-02-24T12:20:00","modified_gmt":"2023-02-24T12:20:00","slug":"boxeo-dos-peleas-profesionales-en-el-gimnasio-no-1","status":"publish","type":"post","link":"https:\/\/latecordoba.com\/index.php\/2023\/02\/24\/boxeo-dos-peleas-profesionales-en-el-gimnasio-no-1\/","title":{"rendered":"Boxeo: Dos peleas profesionales en el gimnasio N\u00ba 1"},"content":{"rendered":"\n<div class=\"media_block\"><a href=\"https:\/\/www.youtube.com\/embed\/XCdc4dl5D98?autoplay=1\"><img decoding=\"async\" src=\"http:\/\/latecordoba.com\/wp-content\/uploads\/2023\/02\/boxeo-dos-peleas-profesionales-en-el-gimnasio-no-1.jpg\" class=\"media_thumbnail\"><\/a><\/div>\n<p>Hoy a las 21.00 comenzar\u00e1 a disputarse el Festival de Boxeo 122\u00ba Aniversario de Comodoro Rivadavia, con la presencia de dos peleas profesionales en el cierre. Ariel Leonel &#8220;Morito&#8221; L\u00f3pez (3-0-0) de Comodoro enfrentar\u00e1 al trelewense Federico Daniel Vega (0-3-0), mientras retorna Jos\u00e9 Alberto &#8220;El Paisa&#8221; Vargas (8-4-2) a la ciudad para combatir con el salte\u00f1o Rub\u00e9n Juan Gabriel Corn\u00fa (2-1-0). Tambi\u00e9n habr\u00e1 nueve peleas amateurs con integrantes de escuelas de boxeo de Comodoro y Caleta Olivia.<\/p>\n<p>El festival de boxeo est\u00e1 organizado por el promotor Mart\u00edn D\u00e9cima con la fiscalizaci\u00f3n de la comisi\u00f3n municipal de boxeo, ayer se hizo el pesaje de los profesionales en el Club de Boxeo Comodoro. Ariel L\u00f3pez dio en la balanza 73.400 kg, mientras Federico Vega pes\u00f3 75.00 kg, por lo tanto, la pelea est\u00e1 encuadrada en la categor\u00eda mediano.<\/p>\n<p><img decoding=\"async\" loading=\"lazy\" src=\"http:\/\/latecordoba.com\/wp-content\/uploads\/2023\/02\/boxeo-dos-peleas-profesionales-en-el-gimnasio-no-1-1.jpg\" alt width=\"100%\" height=\"100%\"><\/p>\n<p><em>Jos\u00e9 \u201cEl Paisa\u201d Vargas y Ariel \u201cMorito\u201d L\u00f3pez.<\/em><\/p>\n<h4>El retorno de Jos\u00e9 Vargas en Comodoro<\/h4>\n<p>Jos\u00e9 Vargas dio en la balanza 63.300 kg, ayer dijo. &#8220;Estoy bien entrenado, contento de volver a pelear en mi Comodoro, m\u00e1s en este festival aniversario de la ciudad. Hace como un mes y medio que estoy en Trelew en un campus de entrenamiento con el profesor cubano Iv\u00e1n Peque\u00f1o. Baj\u00e9 mucho de peso, estoy en mi categor\u00eda y no me cuesta, cambi\u00e9 la alimentaci\u00f3n, pero ahora no pelear\u00e9 en otras categor\u00edas m\u00e1s altas. Una invitaci\u00f3n para la gente de Comodoro, que venga al festival donde ver\u00e1n mi evoluci\u00f3n como boxeador&#8221;.<\/p>\n<p>Por su parte el oriundo de Or\u00e1n (Salta) Rub\u00e9n Corn\u00fa, en su primera cita con la balanza estuvo un kilogramo por arriba de la categor\u00eda, despu\u00e9s hizo algunas actividades f\u00edsicas y luego dio 63.200 kg. Nunca combati\u00f3 con Jos\u00e9 Vargas vamos a dar una buena pelea y a ganar.<\/p>\n<p>&#8220;Estoy bien entrenado con ganas de pelear, me avisaron a \u00faltimo momento y agarramos la pelea porque estoy bien preparado.<\/p>\n<p>Soy de Puerto Madryn, hace cinco a\u00f1os que vivo en Trelew, ahora estoy entrenando con el cubano Iv\u00e1n Peque\u00f1o, he mejorado bastante, el debut lo hice con L\u00f3pez, pero me tengo fe que puedo ganar. Ariel es r\u00e1pido, se mueve mucho, es un buen boxeador, vamos a tratar de contarle los caminos y tratar de cambiarle todo lo que piensa que yo har\u00e9. Ahora estoy en otra escuela, otro boxeo, buscando una categor\u00eda m\u00e1s peque\u00f1a, sali\u00f3 esta pelea y estamos con ganas de pelear. Este a\u00f1o solo quiero pelear, hace poco combat\u00ed en Chile, incluso hubo una propuesta para ir a Estados Unidos, ojal\u00e1 se d\u00e9. La idea es ir al frente y no dejarse pegar, pero me tengo fe en esta pelea&#8221;, dijo Federico Vega.<\/p>\n<p>La entrada general tendr\u00e1 un valor de 1500 pesos y la boleter\u00eda estar\u00e1 abierta a partir de las 20.00 horas.<\/p>\n<h4>Programa<\/h4>\n<p>Peleas profesionales<\/p>\n<p>-Ariel L\u00f3pez (C.B.C.) vs. Federico Vega (Trelew) &#8211; 6 rounds &#8211; Categor\u00eda Mediano.<br \/>-Jos\u00e9 Vargas (Trelew) vs. Rub\u00e9n Corn\u00fa (Salta) &#8211; 6 rounds &#8211; Categor\u00eda Superligero.<\/p>\n<p>Combates amateurs<\/p>\n<p>-Juli\u00e1n O\u00f1atibia (C.B.C.) vs. Daniel Alvar (Team Alvarado).<br \/>-Antonio Guzm\u00e1n (Achaval Competici\u00f3n) vs. Ezequiel Castro (Caleta Olivia).<br \/>-Eric Encina (Isidro Quiroga) vs. Maximiliano Burchett (Team Alvarado).<br \/>-David Coby (Barrio Moure) vs. Jos\u00e9 Mart\u00ednez (Trelew).<br \/>-Tomas Taylor (Achaval Competici\u00f3n) vs. Fernando Duque (Trelew).<br \/>-Erika Vera (Esc. Barrio Moure) vs. Pamela Arancibia (Team Rodr\u00edguez).<br \/>-L\u00e1zaro \u00c1lvarez (Esc. Barrio Moure) vs. Agust\u00edn Aramayo (Caleta Olivia).<br \/>-Sebasti\u00e1n Guajardo (Esc. Barrio Moure) vs. \u00c1ngel Correa (Team Alvarado).<br \/>-Ayl\u00e9n Aguirre (Achaval Competici\u00f3n) vs Priscila Flores (San Mart\u00edn).<\/p>\n","protected":false},"excerpt":{"rendered":"\n<div class=\"media_block\"><a href=\"https:\/\/www.youtube.com\/embed\/XCdc4dl5D98?autoplay=1\"><img decoding=\"async\" src=\"http:\/\/latecordoba.com\/wp-content\/uploads\/2023\/02\/boxeo-dos-peleas-profesionales-en-el-gimnasio-no-1.jpg\" class=\"media_thumbnail\"><\/a><\/div>\n","protected":false},"author":1,"featured_media":1585,"comment_status":"closed","ping_status":"closed","sticky":false,"template":"","format":"standard","meta":[],"categories":[17],"tags":[],"_links":{"self":[{"href":"https:\/\/latecordoba.com\/index.php\/wp-json\/wp\/v2\/posts\/1584"}],"collection":[{"href":"https:\/\/latecordoba.com\/index.php\/wp-json\/wp\/v2\/posts"}],"about":[{"href":"https:\/\/latecordoba.com\/index.php\/wp-json\/wp\/v2\/types\/post"}],"author":[{"embeddable":true,"href":"https:\/\/latecordoba.com\/index.php\/wp-json\/wp\/v2\/users\/1"}],"replies":[{"embeddable":true,"href":"https:\/\/latecordoba.com\/index.php\/wp-json\/wp\/v2\/comments?post=1584"}],"version-history":[{"count":0,"href":"https:\/\/latecordoba.com\/index.php\/wp-json\/wp\/v2\/posts\/1584\/revisions"}],"wp:featuredmedia":[{"embeddable":true,"href":"https:\/\/latecordoba.com\/index.php\/wp-json\/wp\/v2\/media\/1585"}],"wp:attachment":[{"href":"https:\/\/latecordoba.com\/index.php\/wp-json\/wp\/v2\/media?parent=1584"}],"wp:term":[{"taxonomy":"category","embeddable":true,"href":"https:\/\/latecordoba.com\/index.php\/wp-json\/wp\/v2\/categories?post=1584"},{"taxonomy":"post_tag","embeddable":true,"href":"https:\/\/latecordoba.com\/index.php\/wp-json\/wp\/v2\/tags?post=1584"}],"curies":[{"name":"wp","href":"https:\/\/api.w.org\/{rel}","templated":true}]}}