{"id":1582,"date":"2023-02-24T23:33:45","date_gmt":"2023-02-24T23:33:45","guid":{"rendered":"https:\/\/viapais.com.ar\/cordoba\/racing-river-por-copa-argentina-se-mantiene-la-fecha-cambiaria-la-sede\/"},"modified":"2023-02-24T23:33:45","modified_gmt":"2023-02-24T23:33:45","slug":"racing-river-por-copa-argentina-se-mantiene-la-fecha-cambiaria-la-sede","status":"publish","type":"post","link":"https:\/\/latecordoba.com\/index.php\/2023\/02\/24\/racing-river-por-copa-argentina-se-mantiene-la-fecha-cambiaria-la-sede\/","title":{"rendered":"Racing-River por Copa Argentina: se mantiene la fecha, cambiar\u00eda la sede"},"content":{"rendered":"<br \/>\n<section readability=\"33.089084065245\">\n<p>Fecha hist\u00f3rica para <a href=\"https:\/\/viapais.com.ar\/cordoba\/racing-y-su-proxima-fecha-en-nueva-italia-televisado\/\" target=\"_blank\" rel=\"noopener\"><b>Racing de Nueva Italia,<\/b><\/a><b> que enfrentar\u00e1 a<\/b><a href=\"https:\/\/viapais.com.ar\/deportes\/cuanto-le-debera-pagar-river-al-estado-por-el-dinero-que-le-ingresa-tras-el-pase-de-enzo-fernandez\/\" target=\"_blank\" rel=\"noopener\"><b> River<\/b><\/a><b> por los <\/b><a href=\"https:\/\/viapais.com.ar\/cordoba\/racing-confirmo-la-fecha-para-el-duelo-con-river-por-copa-argentina\/\" target=\"_blank\" rel=\"noopener\"><b>32avos de la Copa Argentina <\/b><\/a><b>el mi\u00e9rcoles 8 de marzo.<\/b> La fecha no se mueve, pero s\u00ed podr\u00eda cambiar la sede el encuentro, que en un principio <b>ten\u00eda al estadio de Gimnasia de Jujuy <\/b>como escenario.<\/p>\n<article class=\"article card \">\n<div class=\"article-inner \">\n<div class=\"article-image \"><a href=\"https:\/\/viapais.com.ar\/cordoba\/carlos-bossio-y-la-derrota-de-racing-si-teniamos-que-perder-esta-era-la-manera\/\" title=\"Racing\"><\/p>\n<figure><picture><img decoding=\"async\" loading=\"lazy\" alt=\"Racing\" class=\"lazyload block \" src=\"http:\/\/latecordoba.com\/wp-content\/uploads\/2023\/02\/racing-river-por-copa-argentina-se-mantiene-la-fecha-cambiaria-la-sede.png\" sizes=\"auto\" data-src=\"https:\/\/viapais.com.ar\/resizer\/xulyMvLDQstvttyDqW0QGtLA3V0=\/307x173\/smart\/filters:quality(75):format(webp)\/cloudfront-us-east-1.images.arcpublishing.com\/grupoclarin\/4FRPW3BMORCTZGCMKYLEV62BMY.jpeg\" width=\"307px\" height=\"173px\"><\/picture><\/figure>\n<p><\/a><\/div>\n<\/div>\n<\/article>\n<p>Ahora se suman <b>Salta y Santiago del Estero como alternativas a Jujuy, y tambi\u00e9n falta por confirmar el horario.<\/b> El ganador de este cruce, se medir\u00e1 en los<b> 16avos con Talleres o Chacarita<\/b>, que todav\u00eda no tiene fecha definida para su encuentro.<\/p>\n<article class=\"article card \">\n<div class=\"article-inner \">\n<div class=\"article-image \"><a href=\"https:\/\/viapais.com.ar\/cordoba\/para-racing-termino-un-invicto-de-casi-cuatro-anos-en-cordoba\/\" title=\"Racing Estudiantes de Caseros\"><\/p>\n<figure><picture><img decoding=\"async\" loading=\"lazy\" alt=\"Racing Estudiantes de Caseros\" class=\"lazyload block \" src=\"http:\/\/latecordoba.com\/wp-content\/uploads\/2023\/02\/racing-river-por-copa-argentina-se-mantiene-la-fecha-cambiaria-la-sede.png\" sizes=\"auto\" data-src=\"https:\/\/viapais.com.ar\/resizer\/eu4Ko7XSW0XtbzVT1nvB9sWHjQw=\/307x173\/smart\/filters:quality(75):format(webp)\/cloudfront-us-east-1.images.arcpublishing.com\/grupoclarin\/UVWPLB5ZHBEKJHUG7T2SNDKHOU.JPG\" width=\"307px\" height=\"173px\"><\/picture><\/figure>\n<p><\/a><\/div>\n<\/div>\n<\/article>\n<p>Racing juega este <b>domingo con Atl\u00e9tico Rafaela, a las 20 y como visitante <\/b>por la <b>tercera fecha de la Zona B de la Primera Nacional.<\/b> Debut\u00f3 con victoria en Adrogu\u00e9, y en su presentaci\u00f3n en Nueva Italia perdi\u00f3 con Estudiantes de Buenos Aires. <\/p>\n<h2 class><b>EL REGRESO DE MURIALDO<\/b><\/h2>\n<p><b>Alan Murialdo,<\/b> el delantero de \u00e1rea que se recuper\u00f3 tras una operaci\u00f3n en el brazo, asoma como titular para el domingo ante <b>Rafaela. Ingresar\u00eda por Joaqu\u00edn Mateo,<\/b> en el \u00fanico cambio de Carlos Bossio respecto a la fecha pasada. La otra opci\u00f3n es que vuelva a la titularidad <b>Franco Coronel para hacer dupla con Rodrigo Acosta.<\/b><\/p>\n<p>El plantel entrenar\u00e1 en el predio de Villa Esqui\u00fa este s\u00e1bado, y al mediod\u00eda viajar\u00e1 rumbo a Rafaela.<b> Calidad Rodr\u00edguez; Santiago Rinaudo, Marcio G\u00f3mez, Francisco Mattia y Gianfranco Ferrero; Leonel Monti, Emanuel Gim\u00e9nez, Pablo L\u00f3pez y Leandro Fern\u00e1ndez; Acosta y Murilado o Coronel;<\/b> la formaci\u00f3n de la Academia.<\/p>\n<\/section>\n<div class=\"noreadme-audima\">\n<h2>Temas Relacionados<\/h2>\n<\/div>\n","protected":false},"excerpt":{"rendered":"<p>Fecha hist\u00f3rica para Racing de Nueva Italia, que enfrentar\u00e1 a River por los 32avos de la Copa Argentina el mi\u00e9rcoles 8 de marzo. La fecha no se mueve, pero s\u00ed podr\u00eda cambiar la sede el encuentro, que en un principio ten\u00eda al estadio de Gimnasia de Jujuy como escenario. Ahora se suman Salta y Santiago [&hellip;]<\/p>\n","protected":false},"author":1,"featured_media":1583,"comment_status":"closed","ping_status":"closed","sticky":false,"template":"","format":"standard","meta":[],"categories":[15],"tags":[],"_links":{"self":[{"href":"https:\/\/latecordoba.com\/index.php\/wp-json\/wp\/v2\/posts\/1582"}],"collection":[{"href":"https:\/\/latecordoba.com\/index.php\/wp-json\/wp\/v2\/posts"}],"about":[{"href":"https:\/\/latecordoba.com\/index.php\/wp-json\/wp\/v2\/types\/post"}],"author":[{"embeddable":true,"href":"https:\/\/latecordoba.com\/index.php\/wp-json\/wp\/v2\/users\/1"}],"replies":[{"embeddable":true,"href":"https:\/\/latecordoba.com\/index.php\/wp-json\/wp\/v2\/comments?post=1582"}],"version-history":[{"count":0,"href":"https:\/\/latecordoba.com\/index.php\/wp-json\/wp\/v2\/posts\/1582\/revisions"}],"wp:featuredmedia":[{"embeddable":true,"href":"https:\/\/latecordoba.com\/index.php\/wp-json\/wp\/v2\/media\/1583"}],"wp:attachment":[{"href":"https:\/\/latecordoba.com\/index.php\/wp-json\/wp\/v2\/media?parent=1582"}],"wp:term":[{"taxonomy":"category","embeddable":true,"href":"https:\/\/latecordoba.com\/index.php\/wp-json\/wp\/v2\/categories?post=1582"},{"taxonomy":"post_tag","embeddable":true,"href":"https:\/\/latecordoba.com\/index.php\/wp-json\/wp\/v2\/tags?post=1582"}],"curies":[{"name":"wp","href":"https:\/\/api.w.org\/{rel}","templated":true}]}}