{"id":1568,"date":"2023-02-20T21:51:10","date_gmt":"2023-02-20T21:51:10","guid":{"rendered":"https:\/\/ar.marca.com\/claro\/futbol\/seleccion-argentina\/2023\/02\/20\/63f3c0bce2704ea5408b4582.html"},"modified":"2023-02-20T21:51:10","modified_gmt":"2023-02-20T21:51:10","slug":"scaloni-lautaro-siempre-fue-mi-delantero-favorito","status":"publish","type":"post","link":"https:\/\/latecordoba.com\/index.php\/2023\/02\/20\/scaloni-lautaro-siempre-fue-mi-delantero-favorito\/","title":{"rendered":"Scaloni: &#8220;Lautaro siempre fue mi delantero favorito&#8221;"},"content":{"rendered":"\n<div class=\"media_block\"><a href=\"https:\/\/e00-ar-marca.uecdn.es\/claro\/assets\/multimedia\/imagenes\/2023\/02\/21\/16770089818917.jpg\"><img decoding=\"async\" src=\"http:\/\/latecordoba.com\/wp-content\/uploads\/2023\/02\/scaloni-lautaro-siempre-fue-mi-delantero-favorito.jpg\" class=\"media_thumbnail\"><\/a><\/div>\n<p><h2 class=\"section-title-group izquierda\"><span class=\"section-type\">Selecci\u00f3n Argentina<\/span>&nbsp;<span class=\"subsection-type\">El Dt campe\u00f3n del mund habl\u00f3 sobre Mart\u00ednez, Messi y el Napoli<\/span><\/h2>\n<\/p>\n<div readability=\"73.271627906977\">\n<figure class=\"multimedia-item image\"><img decoding=\"async\" src=\"http:\/\/latecordoba.com\/wp-content\/uploads\/2023\/02\/scaloni-lautaro-siempre-fue-mi-delantero-favorito-1.jpg\" class=\"full-image\"><\/figure>\n<aside class=\"aside-tools byline-tools\"><\/aside>\n<p><strong>Lionel Scaloni<\/strong> estuvo presente en Italia, en la Panchina d&#8217;Oro, premio que se le otorga al mejor entrenador de la temporada de la Serie A. All\u00ed, brind\u00f3 declaraciones sobre <strong>Lautaro, goleador del Inter, Messi y su equipo preferido. <\/strong><\/p>\n<p>En dicho evento, el enternador campe\u00f3n del mundo hablo sobre el 9 del Inter: &#8220;<strong>Lautaro siempre fue fundamental para m\u00ed y siempre fue sido mi delantero favorito. Tuvo algunos problemas en el Mundial y tuvimos que pensar en lo mejor para el equipo<\/strong>, coment\u00f3 Scaloni con respecto a la titularidad de Juli\u00e1n \u00c1lvarez. Adem\u00e1s, remarc\u00f3: &#8220;<strong>Lo queremos y estamos felices de que tambi\u00e9n se haya hecho cargo del Inter&#8221;.<\/strong><\/p>\n<p>De su relaci\u00f3n con Messi, explic\u00f3 lo siguiente: &#8220;<strong>Fui su compa\u00f1ero y empec\u00e9 con esa ventaja. Manejarlo es maravilloso,<\/strong> sabe muy bien c\u00f3mo jugar un partido, c\u00f3mo presionar, c\u00f3mo defender. <strong>Messi estuvo perfecto, es un jugador que perdurar\u00e1 en el tiempo. Yo espero que siga jugando&#8221;.<\/strong><\/p>\n<blockquote class=\"twitter-tweet\" readability=\"7.1508379888268\">\n<p lang=\"es\" dir=\"ltr\">Messi podr\u00eda jugar el pr\u00f3ximo Mundial?&#8221;<\/p>\n<p>Lionel <a href=\"https:\/\/twitter.com\/hashtag\/Scaloni?src=hash&amp;ref_src=twsrc%5Etfw\">#Scaloni<\/a> : &#8220;Pienso que s\u00ed. Veremos qu\u00e9 decide \u00e9l&#8221;. <a href=\"https:\/\/t.co\/E8WntJnCQT\">pic.twitter.com\/E8WntJnCQT<\/a><\/p>\n<p>? Veronica Brunati (@verobrunati) <a href=\"https:\/\/twitter.com\/verobrunati\/status\/1627739299721449491?ref_src=twsrc%5Etfw\">February 20, 2023<\/a><\/p>\n<\/blockquote>\n<p>Con respecto a \u00c1ngel Di Mar\u00eda y sus ganas de estar en la pr\u00f3xima Copa Am\u00e9rica 2024: <strong>&#8220;\u00c1ngel es un campe\u00f3n, todos sabemos lo que puede hacer. Jugar\u00e1 todo el tiempo que quiera, espero que juegue mucho tiempo&#8221;.<\/strong><\/p>\n<p>Adem\u00e1s, nunca esta de m\u00e1s volver a recordar la final y la inolvidable consagraci\u00f3n en Qatar 2022: <strong>&#8220;Creo que lo m\u00e1s importante en el Mundial fue la comuni\u00f3n entre el equipo, los hinchas, el cuerpo t\u00e9cnico y la gente<\/strong>. Emocionarme y ver gente cercana a nosotros en cada partido. Sumamos emoci\u00f3n y sentido de pertenencia, de jugar por una sola camiseta&#8221;.<\/p>\n<p>\u00bfCu\u00e1l es el equipo favorito de Scaloni? &#8220;<strong>Me gusta el Napoli, tienen un gran entrenador que est\u00e1 marcando la diferencia. Ojal\u00e1 logren ganar. Juegan cada partido diferente, nunca hay problema en el campo. <\/strong>Me gusta c\u00f3mo enfocan los partidos y por eso son primeros .&#8221;<\/p>\n<aside class=\"related-tags\"><\/aside>\n<\/div>\n","protected":false},"excerpt":{"rendered":"\n<div class=\"media_block\"><a href=\"https:\/\/e00-ar-marca.uecdn.es\/claro\/assets\/multimedia\/imagenes\/2023\/02\/21\/16770089818917.jpg\"><img decoding=\"async\" src=\"http:\/\/latecordoba.com\/wp-content\/uploads\/2023\/02\/scaloni-lautaro-siempre-fue-mi-delantero-favorito.jpg\" class=\"media_thumbnail\"><\/a><\/div>\n<p>&nbsp;<a href=\"https:\/\/ar.marca.com\/claro\/futbol\/seleccion-argentina\/2023\/02\/20\/63f3c0bce2704ea5408b4582.html\"> Leer <\/a><img decoding=\"async\" src=\"http:\/\/latecordoba.com\/wp-content\/uploads\/2023\/02\/scaloni-lautaro-siempre-fue-mi-delantero-favorito.gif\" alt=\"\"\/> <\/p>\n","protected":false},"author":1,"featured_media":1569,"comment_status":"closed","ping_status":"closed","sticky":false,"template":"","format":"standard","meta":[],"categories":[17],"tags":[],"_links":{"self":[{"href":"https:\/\/latecordoba.com\/index.php\/wp-json\/wp\/v2\/posts\/1568"}],"collection":[{"href":"https:\/\/latecordoba.com\/index.php\/wp-json\/wp\/v2\/posts"}],"about":[{"href":"https:\/\/latecordoba.com\/index.php\/wp-json\/wp\/v2\/types\/post"}],"author":[{"embeddable":true,"href":"https:\/\/latecordoba.com\/index.php\/wp-json\/wp\/v2\/users\/1"}],"replies":[{"embeddable":true,"href":"https:\/\/latecordoba.com\/index.php\/wp-json\/wp\/v2\/comments?post=1568"}],"version-history":[{"count":0,"href":"https:\/\/latecordoba.com\/index.php\/wp-json\/wp\/v2\/posts\/1568\/revisions"}],"wp:featuredmedia":[{"embeddable":true,"href":"https:\/\/latecordoba.com\/index.php\/wp-json\/wp\/v2\/media\/1569"}],"wp:attachment":[{"href":"https:\/\/latecordoba.com\/index.php\/wp-json\/wp\/v2\/media?parent=1568"}],"wp:term":[{"taxonomy":"category","embeddable":true,"href":"https:\/\/latecordoba.com\/index.php\/wp-json\/wp\/v2\/categories?post=1568"},{"taxonomy":"post_tag","embeddable":true,"href":"https:\/\/latecordoba.com\/index.php\/wp-json\/wp\/v2\/tags?post=1568"}],"curies":[{"name":"wp","href":"https:\/\/api.w.org\/{rel}","templated":true}]}}