{"id":1564,"date":"2023-02-14T18:04:12","date_gmt":"2023-02-14T18:04:12","guid":{"rendered":"https:\/\/ar.marca.com\/claro\/futbol\/river-plate\/2023\/02\/14\/63ebcd1722601d142a8b4574.html"},"modified":"2023-02-14T18:04:12","modified_gmt":"2023-02-14T18:04:12","slug":"bruno-zuculini-operado-con-exito-de-una-rotura-de-ligamento-cruzado","status":"publish","type":"post","link":"https:\/\/latecordoba.com\/index.php\/2023\/02\/14\/bruno-zuculini-operado-con-exito-de-una-rotura-de-ligamento-cruzado\/","title":{"rendered":"Bruno Zuculini, operado con \u00e9xito de una rotura de ligamento cruzado"},"content":{"rendered":"\n<div class=\"media_block\"><a href=\"http:\/\/latecordoba.com\/wp-content\/uploads\/2023\/02\/bruno-zuculini-operado-con-exito-de-una-rotura-de-ligamento-cruzado-1.png\"><img decoding=\"async\" src=\"http:\/\/latecordoba.com\/wp-content\/uploads\/2023\/02\/bruno-zuculini-operado-con-exito-de-una-rotura-de-ligamento-cruzado.png\" class=\"media_thumbnail\"><\/a><\/div>\n<p><h2 class=\"section-title-group izquierda\"><span class=\"section-type\">River Plate<\/span>&nbsp;<span class=\"subsection-type\">Ya comienza su recuperaci\u00f3n<\/span><\/h2>\n<\/p>\n<div readability=\"54.091304347826\">\n<figure class=\"multimedia-item image\"><img decoding=\"async\" src=\"http:\/\/latecordoba.com\/wp-content\/uploads\/2023\/02\/bruno-zuculini-operado-con-exito-de-una-rotura-de-ligamento-cruzado-1.png\" class=\"full-image\" alt=\"Bruno Zuculini sufri\u00f3 una rotura de ligamentos cruzados\"><figcaption class=\"caption\"><i class=\"icon-caption-photo\"><\/i>Bruno Zuculini sufri\u00f3 una rotura de ligamentos cruzados <\/figcaption><\/figure>\n<aside class=\"aside-tools byline-tools\"><\/aside>\n<p><span class=\"capital-letter\">E<\/span>l mediocampista de <strong><a href=\"https:\/\/ar.marca.com\/claro\/futbol\/river-plate.html\" target=\"_blank\" rel=\"noopener\">River<\/a><\/strong><strong>Bruno Zuculini<\/strong> fue operado de manera exitosa tras sufrir una rotura del ligamento cruzado en su rodilla izquierda y ser\u00e1 dado de alta en las pr\u00f3ximas horas.<\/p>\n<p>El ex futbolista del Manchester City fue intervenido quir\u00fargicamente y, tras recibir el alta m\u00e9dica, <strong>comenzar\u00e1 su recuperaci\u00f3n que demorar\u00e1 entre seis y siete meses<\/strong> y durante la cual ser\u00e1 seguido de cerca por el cuerpo m\u00e9dico de la entidad de N\u00fa\u00f1ez.<\/p>\n<blockquote class=\"twitter-tweet\" readability=\"7.0935960591133\">\n<p lang=\"es\" dir=\"ltr\">Lleg\u00f3 el d\u00eda: Bruno Zuculini ya est\u00e1 en la cl\u00ednica para operarse de la rotura de los ligamentos cruzados de su rodilla izquierda. <a href=\"https:\/\/t.co\/xS3ip6nJ0O\">pic.twitter.com\/xS3ip6nJ0O<\/a><\/p>\n<p>? SportsCenter (@SC_ESPN) <a href=\"https:\/\/twitter.com\/SC_ESPN\/status\/1625443584144211968?ref_src=twsrc%5Etfw\">February 14, 2023<\/a><\/p>\n<\/blockquote>\n<p>El jugador formado en Racing termin\u00f3 la pr\u00e1ctica del 8 de febrero con un fuerte dolor en su rodilla izquierda y, al ser sometido a estudios, se confirm\u00f3 que se hab\u00eda roto el ligamento cruzado. Esto<strong> signific\u00f3 una baja sensible para el t\u00e9cnico Mart\u00edn Demichelis, ya que, para cubrir ese puesto no tiene disponible a Mat\u00edas Kranevitter<\/strong>, quien se est\u00e1 recuperando de una fractura, ni a <strong>Felipe Pe\u00f1a Biafore<\/strong> que fue cedido a Arsenal de Sarand\u00ed.<\/p>\n<p>En tanto, el equipo de N\u00fa\u00f1ez trabaj\u00f3 en el predio de Ezeiza preparando el partido del pr\u00f3ximo s\u00e1bado, cuando <strong>visitar\u00e1 a Tigre<\/strong> a partir de las 18 en el estadio Jos\u00e9 Dellagiovanna.<\/p>\n<aside class=\"related-tags\"><\/aside>\n<\/div>\n","protected":false},"excerpt":{"rendered":"\n<div class=\"media_block\"><a href=\"http:\/\/latecordoba.com\/wp-content\/uploads\/2023\/02\/bruno-zuculini-operado-con-exito-de-una-rotura-de-ligamento-cruzado-1.png\"><img decoding=\"async\" src=\"http:\/\/latecordoba.com\/wp-content\/uploads\/2023\/02\/bruno-zuculini-operado-con-exito-de-una-rotura-de-ligamento-cruzado.png\" class=\"media_thumbnail\"><\/a><\/div>\n<p>&nbsp;<a href=\"https:\/\/ar.marca.com\/claro\/futbol\/river-plate\/2023\/02\/14\/63ebcd1722601d142a8b4574.html\"> Leer <\/a><img decoding=\"async\" src=\"http:\/\/latecordoba.com\/wp-content\/uploads\/2023\/02\/bruno-zuculini-operado-con-exito-de-una-rotura-de-ligamento-cruzado.gif\" alt=\"\"\/> <\/p>\n","protected":false},"author":1,"featured_media":1565,"comment_status":"closed","ping_status":"closed","sticky":false,"template":"","format":"standard","meta":[],"categories":[17],"tags":[],"_links":{"self":[{"href":"https:\/\/latecordoba.com\/index.php\/wp-json\/wp\/v2\/posts\/1564"}],"collection":[{"href":"https:\/\/latecordoba.com\/index.php\/wp-json\/wp\/v2\/posts"}],"about":[{"href":"https:\/\/latecordoba.com\/index.php\/wp-json\/wp\/v2\/types\/post"}],"author":[{"embeddable":true,"href":"https:\/\/latecordoba.com\/index.php\/wp-json\/wp\/v2\/users\/1"}],"replies":[{"embeddable":true,"href":"https:\/\/latecordoba.com\/index.php\/wp-json\/wp\/v2\/comments?post=1564"}],"version-history":[{"count":0,"href":"https:\/\/latecordoba.com\/index.php\/wp-json\/wp\/v2\/posts\/1564\/revisions"}],"wp:featuredmedia":[{"embeddable":true,"href":"https:\/\/latecordoba.com\/index.php\/wp-json\/wp\/v2\/media\/1565"}],"wp:attachment":[{"href":"https:\/\/latecordoba.com\/index.php\/wp-json\/wp\/v2\/media?parent=1564"}],"wp:term":[{"taxonomy":"category","embeddable":true,"href":"https:\/\/latecordoba.com\/index.php\/wp-json\/wp\/v2\/categories?post=1564"},{"taxonomy":"post_tag","embeddable":true,"href":"https:\/\/latecordoba.com\/index.php\/wp-json\/wp\/v2\/tags?post=1564"}],"curies":[{"name":"wp","href":"https:\/\/api.w.org\/{rel}","templated":true}]}}