{"id":1553,"date":"2023-02-24T13:49:00","date_gmt":"2023-02-24T13:49:00","guid":{"rendered":"https:\/\/www.puntal.com.ar\/bts\/bts-es-la-primera-banda-asiatica-ingresar-al-top-10-la-lista-ifpi-cinco-ocasiones-n185421"},"modified":"2023-02-24T13:49:00","modified_gmt":"2023-02-24T13:49:00","slug":"bts-es-la-primera-banda-asiatica-en-ingresar-al-top-10-de-la-lista-ifpi-en-cinco-ocasiones","status":"publish","type":"post","link":"https:\/\/latecordoba.com\/index.php\/2023\/02\/24\/bts-es-la-primera-banda-asiatica-en-ingresar-al-top-10-de-la-lista-ifpi-en-cinco-ocasiones\/","title":{"rendered":"BTS es la primera banda asi\u00e1tica en ingresar al Top 10 de la lista IFPI en cinco ocasiones"},"content":{"rendered":"\n<div><img decoding=\"async\" src=\"http:\/\/latecordoba.com\/wp-content\/uploads\/2023\/02\/bts-es-la-primera-banda-asiatica-en-ingresar-al-top-10-de-la-lista-ifpi-en-cinco-ocasiones.jpg\" class=\"ff-og-image-inserted\"><\/div>\n<div class=\"cuerpo\" data-twitter-link readability=\"34\">\n<p> <strong>Alcanzando el segundo puesto,<\/strong> el grupo surcoreano se convirti\u00f3 en la <strong>primera y \u00fanica banda de habla no inglesa en ingresar en este ranking por quinto a\u00f1o consecutivo<\/strong> entre los 10 mejores de la lista. Adem\u00e1s de ser el <strong>primer artista asi\u00e1tico en conseguir este logro.<\/strong><\/p>\n<p>BTS ingres\u00f3 por primera vez al listado en 2018, cuando tambi\u00e9n alcanz\u00f3 el segundo puesto. En 2019, la banda compuesta por <strong>Jin, Suga, J-Hope, RM, Jimin, V<\/strong> y <strong>Jungkook<\/strong> se posicion\u00f3 en el s\u00e9ptimo lugar y durante 2020 y 2021 fueron quienes encabezaron la lista destac\u00e1ndose en el <strong>puesto 1<\/strong>.<\/p>\n<p>La m\u00fasica asi\u00e1tica tuvo un gran crecimiento durante los \u00faltimos a\u00f1os ya que BTS no fue el \u00fanico grupo en ingresar al Top 10 de la lista IFPI. La banda <strong>Seventeen<\/strong> volvi\u00f3 a ingresar al ranking por segundo a\u00f1o consecutivo alcanzando el <strong>puesto 6<\/strong>. Tambi\u00e9n, el grupo <strong>Stray Kids<\/strong>, ingres\u00f3 por primera vez a la lista y se posicion\u00f3 en el <strong>puesto 7.<\/strong><\/p>\n<p>La IFPI es una organizaci\u00f3n sin fines de lucro que busca clasificar artistas de todo el mundo teniendo en cuenta las ventas de \u00e1lbumes f\u00edsicos, descargas y reproducciones de audios digitales.<\/p>\n<p>El Top 10 de mejores artistas mundiales de 2022 seg\u00fan IFPI son:<\/p>\n<ul>\n<li>Taylor Swift<\/li>\n<li>BTS<\/li>\n<li>Drake<\/li>\n<li>Bad Bunny<\/li>\n<li>The Weeknd<\/li>\n<li>SEVENTEEN<\/li>\n<li>Stray Kids<\/li>\n<li>Harry Styles<\/li>\n<li>Jay Chou<\/li>\n<li>Ed Sheeran<\/li>\n<\/ul><\/div>\n","protected":false},"excerpt":{"rendered":"<p>\nEl grupo de K-pop surcoreano alcanz\u00f3 el segundo lugar dentro del ranking de la lista Artista de Grabaci\u00f3n Global de la Federaci\u00f3n Internacional de la Industria Fonogr\u00e1fica.  <\/p>\n","protected":false},"author":1,"featured_media":1554,"comment_status":"closed","ping_status":"closed","sticky":false,"template":"","format":"standard","meta":[],"categories":[14],"tags":[],"_links":{"self":[{"href":"https:\/\/latecordoba.com\/index.php\/wp-json\/wp\/v2\/posts\/1553"}],"collection":[{"href":"https:\/\/latecordoba.com\/index.php\/wp-json\/wp\/v2\/posts"}],"about":[{"href":"https:\/\/latecordoba.com\/index.php\/wp-json\/wp\/v2\/types\/post"}],"author":[{"embeddable":true,"href":"https:\/\/latecordoba.com\/index.php\/wp-json\/wp\/v2\/users\/1"}],"replies":[{"embeddable":true,"href":"https:\/\/latecordoba.com\/index.php\/wp-json\/wp\/v2\/comments?post=1553"}],"version-history":[{"count":0,"href":"https:\/\/latecordoba.com\/index.php\/wp-json\/wp\/v2\/posts\/1553\/revisions"}],"wp:featuredmedia":[{"embeddable":true,"href":"https:\/\/latecordoba.com\/index.php\/wp-json\/wp\/v2\/media\/1554"}],"wp:attachment":[{"href":"https:\/\/latecordoba.com\/index.php\/wp-json\/wp\/v2\/media?parent=1553"}],"wp:term":[{"taxonomy":"category","embeddable":true,"href":"https:\/\/latecordoba.com\/index.php\/wp-json\/wp\/v2\/categories?post=1553"},{"taxonomy":"post_tag","embeddable":true,"href":"https:\/\/latecordoba.com\/index.php\/wp-json\/wp\/v2\/tags?post=1553"}],"curies":[{"name":"wp","href":"https:\/\/api.w.org\/{rel}","templated":true}]}}