{"id":1551,"date":"2023-02-24T14:31:17","date_gmt":"2023-02-24T14:31:17","guid":{"rendered":"https:\/\/www.puntal.com.ar\/santiago-maratea\/santi-maratea-quiere-dejarle-su-legado-colectas-solidarias-marcos-gran-hermano-2022-n185423"},"modified":"2023-02-24T14:31:17","modified_gmt":"2023-02-24T14:31:17","slug":"santi-maratea-quiere-dejarle-su-legado-de-colectas-solidarias-a-marcos-de-gran-hermano-2022","status":"publish","type":"post","link":"https:\/\/latecordoba.com\/index.php\/2023\/02\/24\/santi-maratea-quiere-dejarle-su-legado-de-colectas-solidarias-a-marcos-de-gran-hermano-2022\/","title":{"rendered":"Santi Maratea quiere dejarle su legado de colectas solidarias a Marcos de Gran Hermano 2022"},"content":{"rendered":"\n<div><img decoding=\"async\" src=\"http:\/\/latecordoba.com\/wp-content\/uploads\/2023\/02\/santi-maratea-quiere-dejarle-su-legado-de-colectas-solidarias-a-marcos-de-gran-hermano-2022.jpg\" class=\"ff-og-image-inserted\"><\/div>\n<div class=\"cuerpo\" data-twitter-link readability=\"33\">\n<p class=\"ampp\"> El <strong>influencer revel\u00f3 lo que pasar\u00e1 con su proyecto de fundaci\u00f3n<\/strong> y qui\u00e9n considera que deber\u00eda tomar la posta de las colectas solidarias que lleva a cabo por Instagram.<\/p>\n<p class=\"ampp\">Santi recalc\u00f3 que se encuentra muy ocupado con el lanzamiento de su ONG, la D&amp;D. En sus historias, el influencer no descart\u00f3 continuar con las colectas solidarias m\u00e1s adelante, pero coment\u00f3 que est\u00e1 pensando en sumar a Marcos de Gran Hermano (Telefe) como su sucesor.<\/p>\n<p class=\"ampp\">\u201cEl otro d\u00eda pens\u00e9 una idea que por ah\u00ed es re falopa. Para m\u00ed, \u00bfsaben qui\u00e9n podr\u00eda seguir con las colectas que yo hago por Instagram mientras yo me empiezo a enfocar en lanzar la D&amp;D? Marcos de Gran Hermano. \u00bfNo es buen\u00edsima? \u00bfQui\u00e9n no conf\u00eda en Marcos de Gran Hermano?\u201d, asegur\u00f3 Santi Maratea en un video.<\/p>\n<p class=\"ampp\">Santi incluy\u00f3 una encuesta en su story para que sus seguidores dijeran si les gustaba la propuesta. <\/p>\n<p class=\"ampp\">\u201cLo pens\u00e9 el otro d\u00eda mientras manejaba. Posta. Podr\u00eda hablar con Marcos cuando salga de la casa y si a \u00e9l le parece buena la idea y a m\u00ed me da confianza de que realmente quiera hacer esto porque puede ser muy agotador&#8221;, sostuvo.<\/p>\n<p class=\"ampp\">Y a\u00f1adi\u00f3: &#8220;Yo lo re ayudar\u00eda y le explicar\u00eda c\u00f3mo hacerlo o la trabas que se puede encontrar para que se pueda adelantar a eso y superarlo\u201d.<\/p>\n<\/div>\n","protected":false},"excerpt":{"rendered":"<p>\nEl influencer, reconocido por sus diferentes campa\u00f1as para contribuir a causas sociales, anunci\u00f3 hace d\u00edas su retiro para centrarse en su fundaci\u00f3n.  <\/p>\n","protected":false},"author":1,"featured_media":1552,"comment_status":"closed","ping_status":"closed","sticky":false,"template":"","format":"standard","meta":[],"categories":[14],"tags":[],"_links":{"self":[{"href":"https:\/\/latecordoba.com\/index.php\/wp-json\/wp\/v2\/posts\/1551"}],"collection":[{"href":"https:\/\/latecordoba.com\/index.php\/wp-json\/wp\/v2\/posts"}],"about":[{"href":"https:\/\/latecordoba.com\/index.php\/wp-json\/wp\/v2\/types\/post"}],"author":[{"embeddable":true,"href":"https:\/\/latecordoba.com\/index.php\/wp-json\/wp\/v2\/users\/1"}],"replies":[{"embeddable":true,"href":"https:\/\/latecordoba.com\/index.php\/wp-json\/wp\/v2\/comments?post=1551"}],"version-history":[{"count":0,"href":"https:\/\/latecordoba.com\/index.php\/wp-json\/wp\/v2\/posts\/1551\/revisions"}],"wp:featuredmedia":[{"embeddable":true,"href":"https:\/\/latecordoba.com\/index.php\/wp-json\/wp\/v2\/media\/1552"}],"wp:attachment":[{"href":"https:\/\/latecordoba.com\/index.php\/wp-json\/wp\/v2\/media?parent=1551"}],"wp:term":[{"taxonomy":"category","embeddable":true,"href":"https:\/\/latecordoba.com\/index.php\/wp-json\/wp\/v2\/categories?post=1551"},{"taxonomy":"post_tag","embeddable":true,"href":"https:\/\/latecordoba.com\/index.php\/wp-json\/wp\/v2\/tags?post=1551"}],"curies":[{"name":"wp","href":"https:\/\/api.w.org\/{rel}","templated":true}]}}