{"id":1540,"date":"2023-02-23T15:10:31","date_gmt":"2023-02-23T15:10:31","guid":{"rendered":"https:\/\/www.eldiariodeturismo.com.ar\/?p=225773"},"modified":"2023-02-23T15:10:31","modified_gmt":"2023-02-23T15:10:31","slug":"iberostar-hotels-resorts-presenta-sus-novedades-en-la-feria-anato-2023","status":"publish","type":"post","link":"https:\/\/latecordoba.com\/index.php\/2023\/02\/23\/iberostar-hotels-resorts-presenta-sus-novedades-en-la-feria-anato-2023\/","title":{"rendered":"Iberostar Hotels &amp; Resorts presenta sus novedades en la Feria ANATO 2023\u00a0"},"content":{"rendered":"\n<p><span class=\"fontstyle0\">Iberostar Hotels &amp; Resorts vuelve a estar presente en la vitrina de ANATO 2023, la feria de turismo m\u00e1s importante del mercado colombiano. Desde el 22 hasta el 24 de febrero, la cadena hotelera presenta sus novedades en el <\/span><span class=\"fontstyle0\">Gran Sal\u00f3n Oscar Perez<\/span><span class=\"fontstyle0\">, stand <\/span><span class=\"fontstyle0\">1306-1308. La cadena hotelera espa\u00f1ola con m\u00e1s de 100 hoteles en 16 pa\u00edses destaca la renovaci\u00f3n <\/span><span class=\"fontstyle0\">del <\/span><strong><span class=\"fontstyle2\">Iberostar Selection Hacienda Dominicus<\/span><\/strong><span class=\"fontstyle0\">, la apertura de sus cavas <\/span><span class=\"fontstyle2\"><strong>The Grand Cellar<\/strong> <\/span><span class=\"fontstyle0\">y <\/span><span class=\"fontstyle0\">su nueva <\/span><span class=\"fontstyle2\"><strong>oferta de entretenimiento<\/strong><\/span><span class=\"fontstyle0\">.<\/span><\/p>\n<p><span class=\"fontstyle0\"><br \/><\/span><span class=\"fontstyle0\"><img decoding=\"async\" loading=\"lazy\" class=\"size-medium wp-image-225778 alignleft\" src=\"http:\/\/latecordoba.com\/wp-content\/uploads\/2023\/02\/iberostar-hotels-resorts-presenta-sus-novedades-en-la-feria-anato-2023.jpg\" alt width=\"300\" height=\"200\" srcset=\"http:\/\/latecordoba.com\/wp-content\/uploads\/2023\/02\/iberostar-hotels-resorts-presenta-sus-novedades-en-la-feria-anato-2023.jpg 300w, https:\/\/www.eldiariodeturismo.com.ar\/wp-content\/uploads\/2023\/02\/Habitaciones-Iberostar-Selection-Hacienda-Dominicus.jpg 500w\" sizes=\"(max-width: 300px) 100vw, 300px\">Uno de los principales trabajos de reacondicionamiento del hotel <\/span><strong><span class=\"fontstyle2\">Iberostar Selection Hacienda Dominicus<\/span><\/strong><span class=\"fontstyle0\">, en Bayah\u00edbe, Rep\u00fablica Dominicana, <\/span><span class=\"fontstyle0\">fue la renovaci\u00f3n de una de las piscinas para incluir un nuevo <\/span><span class=\"fontstyle3\">bubble pool <\/span><span class=\"fontstyle0\">y el <\/span><span class=\"fontstyle3\">lobby bar. <\/span><span class=\"fontstyle0\">Como principal novedad, el hotel incluye la instalaci\u00f3n de <\/span><strong><span class=\"fontstyle2\">alta tecnolog\u00eda en las habitaciones<\/span><\/strong><span class=\"fontstyle0\">, como Chromecast, tomas USB, nuevas l\u00e1mparas de lectura y un moderno sistema de llaves conectado con los brazaletes y los tel\u00e9fonos de los clientes a trav\u00e9s de c\u00f3digos QR.<\/span><\/p>\n<p><span class=\"fontstyle0\">&nbsp;<br \/><img decoding=\"async\" loading=\"lazy\" class=\"alignright wp-image-225781 size-medium\" src=\"http:\/\/latecordoba.com\/wp-content\/uploads\/2023\/02\/iberostar-hotels-resorts-presenta-sus-novedades-en-la-feria-anato-2023-1.jpg\" alt width=\"300\" height=\"200\" srcset=\"http:\/\/latecordoba.com\/wp-content\/uploads\/2023\/02\/iberostar-hotels-resorts-presenta-sus-novedades-en-la-feria-anato-2023-4.jpg 300w, https:\/\/www.eldiariodeturismo.com.ar\/wp-content\/uploads\/2023\/02\/Star-Camp-3.jpg 500w\" sizes=\"(max-width: 300px) 100vw, 300px\">Otro importante espacio totalmente remodelado en el hotel es <\/span><strong><span class=\"fontstyle2\">Star Camp<\/span><\/strong><span class=\"fontstyle0\">, un programa dedicado al entretenimiento de ni\u00f1os y j\u00f3venes con actividades multiculturales y educativas, que a partir de ahora cuenta con cocina para actividades de Mini Chef y un Mini Cine con pantalla gigante.<\/span><\/p>\n<p><span class=\"fontstyle0\"><br \/>Todas las renovaciones se han realizado siguiendo los criterios de sostenibilidad de Iberostar y en l\u00ednea con los exigentes objetivos de su <\/span><strong><span class=\"fontstyle2\">Agenda 2030<\/span><\/strong><span class=\"fontstyle0\">: ser libre de residuos en el a\u00f1o 2025 y neutral en huella de carbono en 2030, entre otros.<\/span><\/p>\n<p><span class=\"fontstyle0\"><img decoding=\"async\" loading=\"lazy\" class=\"alignleft wp-image-225777 size-medium\" src=\"http:\/\/latecordoba.com\/wp-content\/uploads\/2023\/02\/iberostar-hotels-resorts-presenta-sus-novedades-en-la-feria-anato-2023-2.jpg\" alt width=\"300\" height=\"300\" srcset=\"http:\/\/latecordoba.com\/wp-content\/uploads\/2023\/02\/iberostar-hotels-resorts-presenta-sus-novedades-en-la-feria-anato-2023-5.jpg 300w, http:\/\/latecordoba.com\/wp-content\/uploads\/2023\/02\/iberostar-hotels-resorts-presenta-sus-novedades-en-la-feria-anato-2023-6.jpg 150w, https:\/\/www.eldiariodeturismo.com.ar\/wp-content\/uploads\/2023\/02\/Cava-The-Grand-Cellar-2.jpeg 400w\" sizes=\"(max-width: 300px) 100vw, 300px\"><br \/>Iberostar Hotels &amp; Resorts est\u00e1 siempre innovando para que sus hu\u00e9spedes tengan la mejor experiencia en sus hoteles. <\/span><\/p>\n<p><span class=\"fontstyle0\">A finales del 2022 inaugur\u00f3 una <\/span><strong><span class=\"fontstyle2\">cava exclusiva <\/span><\/strong><span class=\"fontstyle0\">de m\u00e1s de 200 vinos importados desde las m\u00e1s prestigiosas zonas vin\u00edcolas mundiales.<\/span><\/p>\n<p><span class=\"fontstyle0\">Intitulada <\/span><strong><span class=\"fontstyle2\">The Grand Celar<\/span><\/strong><span class=\"fontstyle0\">, las cavas est\u00e1n ubicadas en los complejos de Punta Cana, Rep\u00fablica Dominicana, y Playa Para\u00edso, en Riviera Maya, M\u00e9xico.<\/span><\/p>\n<p><span class=\"fontstyle0\"><img decoding=\"async\" loading=\"lazy\" class=\"alignright wp-image-225780\" src=\"http:\/\/latecordoba.com\/wp-content\/uploads\/2023\/02\/iberostar-hotels-resorts-presenta-sus-novedades-en-la-feria-anato-2023-3.jpg\" alt width=\"250\" height=\"375\" srcset=\"http:\/\/latecordoba.com\/wp-content\/uploads\/2023\/02\/iberostar-hotels-resorts-presenta-sus-novedades-en-la-feria-anato-2023-7.jpg 200w, https:\/\/www.eldiariodeturismo.com.ar\/wp-content\/uploads\/2023\/02\/Iluzio.jpg 400w\" sizes=\"(max-width: 250px) 100vw, 250px\"><\/span><\/p>\n<p><span class=\"fontstyle0\">Pensando en ofrecer inolvidables experiencias, Iberostar reinvent\u00f3 tambi\u00e9n su oferta de entretenimiento. <\/span><\/p>\n<p><span class=\"fontstyle0\">Con espect\u00e1culos para todas las edades, la cadena ha establecido una alianza con <\/span><span class=\"fontstyle0\"><strong>RWS Entertainment Group<\/strong> <\/span><span class=\"fontstyle0\">presenta su nueva oferta de entretenimiento, con opciones como <\/span><strong><span class=\"fontstyle2\">Il\u00fazio, una cena\/show que combina la alta cocina con un espect\u00e1culo musical <\/span><\/strong><span class=\"fontstyle0\">y espectaculares trucos de magia; <\/span><strong><span class=\"fontstyle2\">Dolce<\/span><\/strong><span class=\"fontstyle0\">, una <\/span><strong><span class=\"fontstyle2\">degustaci\u00f3n de alta gastronom\u00eda<\/span><span class=\"fontstyle0\">, <\/span><\/strong><span class=\"fontstyle0\">en la cual los espectadores podr\u00e1n complacer a su paladar con una variedad de sabores; y <\/span><strong><span class=\"fontstyle2\">Rocktails<\/span><span class=\"fontstyle0\">, una <\/span><span class=\"fontstyle2\">divertida clase de c\u00f3cteles al ritmo de los mejores \u00e9xitos<\/span><span class=\"fontstyle0\">.<\/span><\/strong><\/p>\n<p>.<\/p>\n<p>FUENTE: Iberostar Hotels &amp; Resorts<\/p>\n","protected":false},"excerpt":{"rendered":"<p> Iberostar Hotels &#38; Resorts vuelve a estar presente en la vitrina de ANATO 2023, la feria de turismo m\u00e1s importante  <\/p>\n","protected":false},"author":1,"featured_media":1541,"comment_status":"open","ping_status":"closed","sticky":false,"template":"","format":"standard","meta":[],"categories":[19],"tags":[],"_links":{"self":[{"href":"https:\/\/latecordoba.com\/index.php\/wp-json\/wp\/v2\/posts\/1540"}],"collection":[{"href":"https:\/\/latecordoba.com\/index.php\/wp-json\/wp\/v2\/posts"}],"about":[{"href":"https:\/\/latecordoba.com\/index.php\/wp-json\/wp\/v2\/types\/post"}],"author":[{"embeddable":true,"href":"https:\/\/latecordoba.com\/index.php\/wp-json\/wp\/v2\/users\/1"}],"replies":[{"embeddable":true,"href":"https:\/\/latecordoba.com\/index.php\/wp-json\/wp\/v2\/comments?post=1540"}],"version-history":[{"count":0,"href":"https:\/\/latecordoba.com\/index.php\/wp-json\/wp\/v2\/posts\/1540\/revisions"}],"wp:featuredmedia":[{"embeddable":true,"href":"https:\/\/latecordoba.com\/index.php\/wp-json\/wp\/v2\/media\/1541"}],"wp:attachment":[{"href":"https:\/\/latecordoba.com\/index.php\/wp-json\/wp\/v2\/media?parent=1540"}],"wp:term":[{"taxonomy":"category","embeddable":true,"href":"https:\/\/latecordoba.com\/index.php\/wp-json\/wp\/v2\/categories?post=1540"},{"taxonomy":"post_tag","embeddable":true,"href":"https:\/\/latecordoba.com\/index.php\/wp-json\/wp\/v2\/tags?post=1540"}],"curies":[{"name":"wp","href":"https:\/\/api.w.org\/{rel}","templated":true}]}}