{"id":1535,"date":"2023-02-23T12:27:05","date_gmt":"2023-02-23T12:27:05","guid":{"rendered":"https:\/\/www.diariocronica.com.ar\/noticias\/2023\/02\/23\/77623-presentaron-el-festival-profesional-de-boxeo"},"modified":"2023-02-23T12:27:05","modified_gmt":"2023-02-23T12:27:05","slug":"presentaron-el-festival-profesional-de-boxeo","status":"publish","type":"post","link":"https:\/\/latecordoba.com\/index.php\/2023\/02\/23\/presentaron-el-festival-profesional-de-boxeo\/","title":{"rendered":"Presentaron el festival profesional de boxeo"},"content":{"rendered":"\n<div class=\"media_block\"><a href=\"http:\/\/latecordoba.com\/wp-content\/uploads\/2023\/02\/presentaron-el-festival-profesional-de-boxeo.jpg\"><img decoding=\"async\" src=\"http:\/\/latecordoba.com\/wp-content\/uploads\/2023\/02\/presentaron-el-festival-profesional-de-boxeo.jpg\" class=\"media_thumbnail\"><\/a><\/div>\n<div><img decoding=\"async\" src=\"http:\/\/latecordoba.com\/wp-content\/uploads\/2023\/02\/presentaron-el-festival-profesional-de-boxeo-1.jpg\" class=\"ff-og-image-inserted\"><\/div>\n<p>Ayer, en instalaciones del Club de Boxeo Comodoro se hizo la presentaci\u00f3n del festival profesional de boxeo que se llevar\u00e1 a cabo ma\u00f1ana en instalaciones del gimnasio Municipal N\u00ba 1. Por razones laborales el comodorense Ariel Leonel \u201cMorito\u201d L\u00f3pez (3-0-0) no estuvo presente, en cambio se dio cita Mart\u00edn D\u00e9cima como promotor de la velada, acompa\u00f1ado por el t\u00e9cnico Juan Alvarado y el presidente del Ente Comodoro Deportes, profesor Hern\u00e1n Mart\u00ednez.<\/p>\n<p>La primera novedad sobresaliente de ayer fue que ma\u00f1ana en la pelea de fondo profesional no estar\u00e1 Norberto Oyola de Buenos Aires, para enfrentar al mediano local Ariel L\u00f3pez, y en su lugar s\u00ed lo har\u00e1 el trelewense Federico Daniel Vega (0-3-0), quien llegar\u00e1 entrenado por el t\u00e9cnico cubano Iv\u00e1n Peque\u00f1o. La pelea central est\u00e1 pactada en seis rounds; Oyola no pudo venir porque tuvo un problema familiar lo cual lo alej\u00f3 de este compromiso.<\/p>\n<p>\u201cAgradecido de la presencia de las distintas escuelas de boxeo, que van a estar en el evento del viernes. Estamos muy entusiasmados y contentos de tener nuevamente boxeo profesional. El boxeo es el segundo deporte nacional detr\u00e1s del f\u00fatbol, y el que m\u00e1s medallas ol\u00edmpicas le dio a la Argentina. Tener el primer nivel en Comodoro, como la pelea profesional de Ariel L\u00f3pez y Jos\u00e9 Vargas entusiasma mucho. Igual que puedan estar las escuelas del Moure, Isidro Quiroga, Team Achaval, el equipo de Juan Alvarado, todas las escuelas. Por eso les quiero agradecer a todos, a los t\u00e9cnicos, nuestro intendente Juan Pablo Luque, Ezequiel Turienzo, \u201cLeo\u201d Rocha, Hern\u00e1n Mart\u00ednez. Los esperamos a todos ma\u00f1ana para vivir una nueva fiesta del boxeo\u201d, dijo Mart\u00edn D\u00e9cima.<\/p>\n<h4>El pesaje se har\u00e1 en el Club de Boxeo Comodoro<\/h4>\n<p>El festival est\u00e1 organizado en el marco del 122\u00ba Aniversario de Comodoro Rivadavia y fiscaliza la comisi\u00f3n municipal de boxeo a cargo de Rodolfo Simos. En semifondo, siguen confirmados el esquelense Jos\u00e9 \u201cEl Paisa\u201d Vargas (8-4-2) enfrentando al s\u00faper ligero Rub\u00e9n Juan Gabriel Corn\u00fa de Or\u00e1n (Salta) con un r\u00e9cord de 2-1-0.<\/p>\n<p>Por su parte el presidente del Ente Comodoro Deportes, Hern\u00e1n Mart\u00ednez, asegur\u00f3. \u201cEs un festival m\u00e1s de boxeo donde podremos tener a nuestros deportistas, los que entrenan d\u00eda a d\u00eda para poder subirse al ring. Felicitar a Mart\u00edn D\u00e9cima que siempre est\u00e1 empujando para que el boxeo vaya para adelante, que las cosas se puedan concretar. A los t\u00e9cnicos, muchos entrenadores que d\u00eda a d\u00eda trabajan con los chicos, tambi\u00e9n nos pone muy contentos. Esperamos que sea un festival acorde y que se disfrute, la gente acompa\u00f1e, para poder llevar a cabo un evento de esta magnitud. Creo que el estado est\u00e1 en acciones concretas no en palabras, esto es el resultado de ello, que sea un buen festival\u201d.<\/p>\n<p>Hoy a las 11.00 en el Club de Boxeo Comodoro ser\u00e1 el pesaje de los boxeadores amateur que tambi\u00e9n sufri\u00f3 una variaci\u00f3n a \u00faltimo momento, algo bastante normal entre los no rentados. Mientras que el pesaje profesional est\u00e1 previsto a las 18.00 en instalaciones del mencionado Club.<\/p>\n<p>El festival comenzar\u00e1 ma\u00f1ana a las 21.00 en instalaciones del Gimnasio municipal N\u00ba 1, siempre contando con el apoyo del estado municipal mediante el Ente Comodoro Deportes.<\/p>\n","protected":false},"excerpt":{"rendered":"\n<div class=\"media_block\"><a href=\"http:\/\/latecordoba.com\/wp-content\/uploads\/2023\/02\/presentaron-el-festival-profesional-de-boxeo.jpg\"><img decoding=\"async\" src=\"http:\/\/latecordoba.com\/wp-content\/uploads\/2023\/02\/presentaron-el-festival-profesional-de-boxeo.jpg\" class=\"media_thumbnail\"><\/a><\/div>\n<p> Presentaron el festival profesional de boxeo  <\/p>\n","protected":false},"author":1,"featured_media":1536,"comment_status":"closed","ping_status":"closed","sticky":false,"template":"","format":"standard","meta":[],"categories":[17],"tags":[],"_links":{"self":[{"href":"https:\/\/latecordoba.com\/index.php\/wp-json\/wp\/v2\/posts\/1535"}],"collection":[{"href":"https:\/\/latecordoba.com\/index.php\/wp-json\/wp\/v2\/posts"}],"about":[{"href":"https:\/\/latecordoba.com\/index.php\/wp-json\/wp\/v2\/types\/post"}],"author":[{"embeddable":true,"href":"https:\/\/latecordoba.com\/index.php\/wp-json\/wp\/v2\/users\/1"}],"replies":[{"embeddable":true,"href":"https:\/\/latecordoba.com\/index.php\/wp-json\/wp\/v2\/comments?post=1535"}],"version-history":[{"count":0,"href":"https:\/\/latecordoba.com\/index.php\/wp-json\/wp\/v2\/posts\/1535\/revisions"}],"wp:featuredmedia":[{"embeddable":true,"href":"https:\/\/latecordoba.com\/index.php\/wp-json\/wp\/v2\/media\/1536"}],"wp:attachment":[{"href":"https:\/\/latecordoba.com\/index.php\/wp-json\/wp\/v2\/media?parent=1535"}],"wp:term":[{"taxonomy":"category","embeddable":true,"href":"https:\/\/latecordoba.com\/index.php\/wp-json\/wp\/v2\/categories?post=1535"},{"taxonomy":"post_tag","embeddable":true,"href":"https:\/\/latecordoba.com\/index.php\/wp-json\/wp\/v2\/tags?post=1535"}],"curies":[{"name":"wp","href":"https:\/\/api.w.org\/{rel}","templated":true}]}}