{"id":1531,"date":"2023-02-24T03:04:20","date_gmt":"2023-02-24T03:04:20","guid":{"rendered":"https:\/\/viapais.com.ar\/cordoba\/el-presente-goleador-de-michael-santos-talleres-renovo-su-contrato\/"},"modified":"2023-02-24T03:04:20","modified_gmt":"2023-02-24T03:04:20","slug":"el-presente-goleador-de-michael-santos-talleres-renovo-el-contrato-del-uruguayo","status":"publish","type":"post","link":"https:\/\/latecordoba.com\/index.php\/2023\/02\/24\/el-presente-goleador-de-michael-santos-talleres-renovo-el-contrato-del-uruguayo\/","title":{"rendered":"El presente goleador de Michael Santos: Talleres renov\u00f3 el contrato del uruguayo"},"content":{"rendered":"<br \/>\n<section readability=\"31.059880239521\">\n<p>\u201cPodemos confirmar que<a href=\"https:\/\/viapais.com.ar\/cordoba\/michael-santos-y-su-gol-en-el-talleres-boca-el-sicologo-y-canalizar-el-fastidio\/\" target=\"_blank\" rel=\"noopener\"> <b>Michael Santos<\/b><\/a><b> renovar\u00e1 su contrato con <\/b><a href=\"https:\/\/viapais.com.ar\/cordoba\/andres-fassi-despues-de-boca-y-river-talleres-supero-a-muchos-equipos-en-todo-aspecto\/\" target=\"_blank\" rel=\"noopener\"><b>Talleres.<\/b><\/a> Es un jugador que nos ha dado mucho, dentro y fuera de la cancha Est\u00e1 muy contento en C\u00f3rdoba y<b> se ha metido en el coraz\u00f3n de los hinchas\u201d. Textual de Andr\u00e9s Fassi en Radio Sucesos,<\/b> sobre la continuidad del delantero uruguayo.<\/p>\n<article class=\"article card \">\n<div class=\"article-inner \">\n<div class=\"article-image \"><a href=\"https:\/\/viapais.com.ar\/cordoba\/la-boutique-volvio-a-iluminarse-para-la-reserva-de-talleres\/\" title=\"Talleres\"><\/p>\n<figure><picture><img decoding=\"async\" loading=\"lazy\" alt=\"Talleres\" class=\"lazyload block \" src=\"http:\/\/latecordoba.com\/wp-content\/uploads\/2023\/02\/el-presente-goleador-de-michael-santos-talleres-renovo-el-contrato-del-uruguayo.png\" sizes=\"auto\" data-src=\"https:\/\/viapais.com.ar\/resizer\/11rzXJeBge0lPn-SNx5pZIySyLQ=\/307x173\/smart\/filters:quality(75):format(webp)\/cloudfront-us-east-1.images.arcpublishing.com\/grupoclarin\/N25CHEUVXFF73J6NAFET5F2GEQ.jpg\" width=\"307px\" height=\"173px\"><\/picture><\/figure>\n<p><\/a><\/div>\n<\/div>\n<\/article>\n<p><b>\u201cEn Talleres no se puede quedar nadie que tenga un a\u00f1o de contrato\u201d,<\/b> explic\u00f3 el mandam\u00e1s Albiazul, con las situaciones por definir para Santos, <b>Rafael P\u00e9rez, Diego Valoyes y Mat\u00edas Catal\u00e1n. <\/b>Hasta aqu\u00ed el \u00fanico que se emigr\u00f3 fue el zaguero colombiano, a San Lorenzo.<\/p>\n<figure><picture><img alt=\"Talleres enfrent\u00f3 a Independiente en el Kempes. (Facundo Luque)\" class=\"lazyload block \" sizes=\"auto\" data-src=\"http:\/\/latecordoba.com\/wp-content\/uploads\/2023\/02\/el-presente-goleador-de-michael-santos-talleres-renovo-el-contrato-del-uruguayo.jpg\" width=\"1023px\" height=\"681px\"><\/picture><figcaption class>Talleres enfrent\u00f3 a Independiente en el Kempes. (Facundo Luque)<\/figcaption><\/figure>\n<article class=\"article card \">\n<div class=\"article-inner \">\n<div class=\"article-image \"><a href=\"https:\/\/viapais.com.ar\/cordoba\/video-el-resumen-del-triunfo-de-talleres-en-su-mejor-comienzo-desde-que-volvio-a-primera\/\" title=\"Talleres vs Central C\u00f3rdoba Santiago - Ramon Sosa\"><\/p>\n<figure><picture><img decoding=\"async\" loading=\"lazy\" alt=\"Talleres vs Central C\u00f3rdoba Santiago - Ramon Sosa\" class=\"lazyload block \" src=\"http:\/\/latecordoba.com\/wp-content\/uploads\/2023\/02\/el-presente-goleador-de-michael-santos-talleres-renovo-el-contrato-del-uruguayo.png\" sizes=\"auto\" data-src=\"https:\/\/viapais.com.ar\/resizer\/kcao4TvoUDL_6qoYyYcQeE1dkVo=\/307x173\/smart\/filters:quality(75):format(webp)\/cloudfront-us-east-1.images.arcpublishing.com\/grupoclarin\/XEOFVRO5SBCUPMIRXH2AWVM6F4.jpg\" width=\"307px\" height=\"173px\"><\/picture><\/figure>\n<p><\/a><\/div>\n<\/div>\n<\/article>\n<p>Lo que no precis\u00f3 Fassi es por cu\u00e1nto tiempo extender\u00e1 su contrato el goleador Albiazul, de<b> 29 a\u00f1os, quien lleva 83 partidos jugados y 23 goles convertidos desde que lleg\u00f3 al club hace dos a\u00f1os.<\/b><\/p>\n<figure><picture><img alt=\"F\u00fatbol Talleres derrot\u00f3 a Central C\u00f3rdoba de Santiago del Estero por 2 a 0 en el Kempes ( Ramiro Pereyra \/ La Voz) \" class=\"lazyload block \" sizes=\"auto\" data-src=\"http:\/\/latecordoba.com\/wp-content\/uploads\/2023\/02\/el-presente-goleador-de-michael-santos-talleres-renovo-el-contrato-del-uruguayo-1.jpg\" width=\"1023px\" height=\"682px\"><\/picture><figcaption class>F\u00fatbol Talleres derrot\u00f3 a Central C\u00f3rdoba de Santiago del Estero por 2 a 0 en el Kempes ( Ramiro Pereyra \/ La Voz) Foto: Ramiro Pereyra<\/figcaption><\/figure>\n<p>En la presente Liga Profesional ya lleva dos convertidos: <b>a Boca y a Central C\u00f3rdoba,<\/b> ambos en el Kempes. Ante el Xeneize fue un desahogo, y lo dedic\u00f3 a un primo fallecido recientemente.<\/p>\n<h2 class><b>LA T, DUE\u00d1O DE LA MITAD DEL PASE<\/b><\/h2>\n<p>Talleres compr\u00f3 <b>la mitad de su pase cuando Santos ten\u00eda 28, en una acci\u00f3n similar a la de Rafael P\u00e9rez, <\/b>a quien se le compr\u00f3 el pase con 30 a\u00f1os, tras su primer pr\u00e9stamo en el club. Se estima que ahora prorrogar\u00eda su v\u00ednculo hasta fines de 2025, como sucedi\u00f3 <b>recientemente con Catal\u00e1n.<\/b><\/p>\n<\/section>\n<div class=\"noreadme-audima\">\n<h2>Temas Relacionados<\/h2>\n<\/div>\n","protected":false},"excerpt":{"rendered":"<p>\u201cPodemos confirmar que Michael Santos renovar\u00e1 su contrato con Talleres. Es un jugador que nos ha dado mucho, dentro y fuera de la cancha Est\u00e1 muy contento en C\u00f3rdoba y se ha metido en el coraz\u00f3n de los hinchas\u201d. Textual de Andr\u00e9s Fassi en Radio Sucesos, sobre la continuidad del delantero uruguayo. \u201cEn Talleres no [&hellip;]<\/p>\n","protected":false},"author":1,"featured_media":1532,"comment_status":"closed","ping_status":"closed","sticky":false,"template":"","format":"standard","meta":[],"categories":[15],"tags":[],"_links":{"self":[{"href":"https:\/\/latecordoba.com\/index.php\/wp-json\/wp\/v2\/posts\/1531"}],"collection":[{"href":"https:\/\/latecordoba.com\/index.php\/wp-json\/wp\/v2\/posts"}],"about":[{"href":"https:\/\/latecordoba.com\/index.php\/wp-json\/wp\/v2\/types\/post"}],"author":[{"embeddable":true,"href":"https:\/\/latecordoba.com\/index.php\/wp-json\/wp\/v2\/users\/1"}],"replies":[{"embeddable":true,"href":"https:\/\/latecordoba.com\/index.php\/wp-json\/wp\/v2\/comments?post=1531"}],"version-history":[{"count":0,"href":"https:\/\/latecordoba.com\/index.php\/wp-json\/wp\/v2\/posts\/1531\/revisions"}],"wp:featuredmedia":[{"embeddable":true,"href":"https:\/\/latecordoba.com\/index.php\/wp-json\/wp\/v2\/media\/1532"}],"wp:attachment":[{"href":"https:\/\/latecordoba.com\/index.php\/wp-json\/wp\/v2\/media?parent=1531"}],"wp:term":[{"taxonomy":"category","embeddable":true,"href":"https:\/\/latecordoba.com\/index.php\/wp-json\/wp\/v2\/categories?post=1531"},{"taxonomy":"post_tag","embeddable":true,"href":"https:\/\/latecordoba.com\/index.php\/wp-json\/wp\/v2\/tags?post=1531"}],"curies":[{"name":"wp","href":"https:\/\/api.w.org\/{rel}","templated":true}]}}