{"id":1515,"date":"2023-02-15T13:14:55","date_gmt":"2023-02-15T13:14:55","guid":{"rendered":"https:\/\/ar.marca.com\/claro\/futbol\/boca-juniors\/2023\/02\/15\/63ecd851e2704ef4018b45e0.html"},"modified":"2023-02-15T13:14:55","modified_gmt":"2023-02-15T13:14:55","slug":"bernd-schuster-sueno-con-dirigir-a-boca","status":"publish","type":"post","link":"https:\/\/latecordoba.com\/index.php\/2023\/02\/15\/bernd-schuster-sueno-con-dirigir-a-boca\/","title":{"rendered":"Bernd Schuster: &#8220;Sue\u00f1o con dirigir a Boca&#8221;"},"content":{"rendered":"\n<div class=\"media_block\"><a href=\"https:\/\/e00-ar-marca.uecdn.es\/claro\/assets\/multimedia\/imagenes\/2023\/02\/15\/16764668346712.png\"><img decoding=\"async\" src=\"http:\/\/latecordoba.com\/wp-content\/uploads\/2023\/02\/bernd-schuster-sueno-con-dirigir-a-boca.png\" class=\"media_thumbnail\"><\/a><img decoding=\"async\" src=\"http:\/\/videosar.marca.com\/v\/0_2xe68pvq-bernd-schuster-sueno-con-dirigir-a-boca\" class=\"media_thumbnail\"><\/div>\n<p><h2 class=\"section-title-group izquierda\"><span class=\"section-type\">Boca Juniors<\/span>&nbsp;<span class=\"subsection-type\">El t\u00e9cnico alem\u00e1n est\u00e1 sin equipo y en los \u00faltimos d\u00edas se rumoreaba su regreso al Getafe<\/span><\/h2>\n<\/p>\n<div readability=\"52.271762208068\">\n<figure class=\"multimedia-item video\"><meta content=\"Bernd Schuster: &quot;Sue\u00f1o con dirigir a Boca&quot;\"><meta content=\"Descubre mas videos\"><meta content=\"http:\/\/latecordoba.com\/wp-content\/uploads\/2023\/02\/bernd-schuster-sueno-con-dirigir-a-boca.jpg\"><meta itemprop=\"contentURL\" content=\"https:\/\/ak.uecdn.es\/index.php\/kwidget\/wid\/_119\/uiconf_id\/8705453\/entry_id\/0_2xe68pvq\"><noscript><img decoding=\"async\" src=\"http:\/\/latecordoba.com\/wp-content\/uploads\/2023\/02\/bernd-schuster-sueno-con-dirigir-a-boca.jpg\"><\/noscript><figcaption class=\"caption\"><i class=\"icon-caption-video\"><\/i>Bernd Schuster: &#8220;Sue\u00f1o con dirigir a Boca&#8221; <\/figcaption><\/figure>\n<aside class=\"aside-tools byline-tools\"><\/aside>\n<p><a href=\"https:\/\/ar.marca.com\/claro\/futbol-internacional\/liga-espanola\/2023\/02\/15\/63ecd211e2704e41608b4576.html\">El t\u00e9cnico alem\u00e1n <strong>Bernd Schuster<\/strong><\/a>, que jug\u00f3 por<strong> los tres grandes de Espa\u00f1a (Barcelona, Atl\u00e9tico de Madrid y Real Madrid)<\/strong> pas\u00f3 por los micr\u00f3fonos de <strong>Emiliano Nunia<\/strong> para hacer en <strong><em>&#8216;S\u00faper Deportivo Radio&#8217;<\/em><\/strong> el programa de <strong>Radio Villa Trinidad (Santa Fe)<\/strong> un repaso de todos los nombres propios del <strong>f\u00fatbol argentino en el mundo<\/strong>. <\/p>\n<p><strong>Schuster estuvo en la carpeta del due\u00f1o del Getafe,<\/strong> \u00c1ngel Torres, como una de las opciones por si desped\u00eda al actual t\u00e9cnico del equipo, el ex jugador internacional <strong>Quique S\u00e1nchez Fl\u00f3rez<\/strong>, pero no pas\u00f3 de esas intenciones ya que no hubo movimientos en el banco del <strong>equipo <em>&#8216;azul\u00f3n&#8217;<\/em><\/strong>.<\/p>\n<p>La \u00faltima vez que el <strong>alem\u00e1n <\/strong>estuvo en un banco fue en el equipo chino del <strong>Dalian Yifang en 2019<\/strong> y desde ese momento est\u00e1 libre para cualquier oferta que le llega y <strong>uno de sus m\u00e1ximos deseos es entrenar a Boca<\/strong>.<\/p>\n<p>&#8220;<strong>Yo me puedo imaginar dirigiendo a Boca. A mi siempre me gust\u00f3 so\u00f1ar con cosas. Me gusta hacerlo. Yo necesito so\u00f1ar.<\/strong> Conozco gente que no quiere so\u00f1ar, porque dicen que trae mala suerte, pero no tendr\u00eda ning\u00fan problema en dirigir a <strong>Boca<\/strong>. A m\u00ed me encanta so\u00f1ar. <strong>Boca es un grande en el mundo del f\u00fatbol.<\/strong> No s\u00e9, si ser\u00eda una posibilidad, pero yo <strong>no lo sac\u00f3 de mi lista de sue\u00f1os<\/strong>&#8220;.<\/p>\n<aside class=\"related-tags\"><\/aside>\n<\/div>\n","protected":false},"excerpt":{"rendered":"\n<div class=\"media_block\"><a href=\"https:\/\/e00-ar-marca.uecdn.es\/claro\/assets\/multimedia\/imagenes\/2023\/02\/15\/16764668346712.png\"><img decoding=\"async\" src=\"http:\/\/latecordoba.com\/wp-content\/uploads\/2023\/02\/bernd-schuster-sueno-con-dirigir-a-boca.png\" class=\"media_thumbnail\"><\/a><img decoding=\"async\" src=\"http:\/\/videosar.marca.com\/v\/0_2xe68pvq-bernd-schuster-sueno-con-dirigir-a-boca\" class=\"media_thumbnail\"><\/div>\n<p>&nbsp;<a href=\"https:\/\/ar.marca.com\/claro\/futbol\/boca-juniors\/2023\/02\/15\/63ecd851e2704ef4018b45e0.html\"> Leer <\/a><img decoding=\"async\" src=\"http:\/\/latecordoba.com\/wp-content\/uploads\/2023\/02\/bernd-schuster-sueno-con-dirigir-a-boca.gif\" alt=\"\"\/> <\/p>\n","protected":false},"author":1,"featured_media":1516,"comment_status":"closed","ping_status":"closed","sticky":false,"template":"","format":"standard","meta":[],"categories":[17],"tags":[],"_links":{"self":[{"href":"https:\/\/latecordoba.com\/index.php\/wp-json\/wp\/v2\/posts\/1515"}],"collection":[{"href":"https:\/\/latecordoba.com\/index.php\/wp-json\/wp\/v2\/posts"}],"about":[{"href":"https:\/\/latecordoba.com\/index.php\/wp-json\/wp\/v2\/types\/post"}],"author":[{"embeddable":true,"href":"https:\/\/latecordoba.com\/index.php\/wp-json\/wp\/v2\/users\/1"}],"replies":[{"embeddable":true,"href":"https:\/\/latecordoba.com\/index.php\/wp-json\/wp\/v2\/comments?post=1515"}],"version-history":[{"count":0,"href":"https:\/\/latecordoba.com\/index.php\/wp-json\/wp\/v2\/posts\/1515\/revisions"}],"wp:featuredmedia":[{"embeddable":true,"href":"https:\/\/latecordoba.com\/index.php\/wp-json\/wp\/v2\/media\/1516"}],"wp:attachment":[{"href":"https:\/\/latecordoba.com\/index.php\/wp-json\/wp\/v2\/media?parent=1515"}],"wp:term":[{"taxonomy":"category","embeddable":true,"href":"https:\/\/latecordoba.com\/index.php\/wp-json\/wp\/v2\/categories?post=1515"},{"taxonomy":"post_tag","embeddable":true,"href":"https:\/\/latecordoba.com\/index.php\/wp-json\/wp\/v2\/tags?post=1515"}],"curies":[{"name":"wp","href":"https:\/\/api.w.org\/{rel}","templated":true}]}}