{"id":1513,"date":"2023-02-15T15:01:50","date_gmt":"2023-02-15T15:01:50","guid":{"rendered":"https:\/\/ar.marca.com\/claro\/futbol\/primera-division\/2023\/02\/15\/63ecf3d9ca474130588b45e1.html"},"modified":"2023-02-15T15:01:50","modified_gmt":"2023-02-15T15:01:50","slug":"el-insolito-motivo-por-el-cual-ezequiel-lavezzi-no-se-retiro-en-rosario-central","status":"publish","type":"post","link":"https:\/\/latecordoba.com\/index.php\/2023\/02\/15\/el-insolito-motivo-por-el-cual-ezequiel-lavezzi-no-se-retiro-en-rosario-central\/","title":{"rendered":"El ins\u00f3lito motivo por el cual Ezequiel Lavezzi no se retir\u00f3 en Rosario Central"},"content":{"rendered":"\n<div class=\"media_block\"><a href=\"http:\/\/latecordoba.com\/wp-content\/uploads\/2023\/02\/el-insolito-motivo-por-el-cual-ezequiel-lavezzi-no-se-retiro-en-rosario-central-1.jpg\"><img decoding=\"async\" src=\"http:\/\/latecordoba.com\/wp-content\/uploads\/2023\/02\/el-insolito-motivo-por-el-cual-ezequiel-lavezzi-no-se-retiro-en-rosario-central.jpg\" class=\"media_thumbnail\"><\/a><\/div>\n<p><h2 class=\"section-title-group izquierda\"><span class=\"section-type\">Liga Profesional<\/span>&nbsp;<span class=\"subsection-type\">Quer\u00eda terminar su carrera all\u00ed<\/span><\/h2>\n<\/p>\n<div readability=\"56.021573604061\">\n<figure class=\"multimedia-item image\"><img decoding=\"async\" src=\"http:\/\/latecordoba.com\/wp-content\/uploads\/2023\/02\/el-insolito-motivo-por-el-cual-ezequiel-lavezzi-no-se-retiro-en-rosario-central-1.jpg\" class=\"full-image\" alt=\"Ezequiel Lavezzi quer\u00eda jugar en Rosario Central\"><figcaption class=\"caption\"><i class=\"icon-caption-photo\"><\/i>Ezequiel Lavezzi quer\u00eda jugar en Rosario Central <\/figcaption><\/figure>\n<aside class=\"aside-tools byline-tools\"><\/aside>\n<p><span class=\"capital-letter\">E<\/span>l ex delantero <strong>Ezequiel Lavezzi revel\u00f3 que ten\u00eda el deseo de terminar su carrera en Rosario Central<\/strong>, club del que es hincha confeso, pero que no lo llamaron y por eso decidi\u00f3 ponerle fin a su carrera a fines de 2019.<\/p>\n<p>En un stream junto a Sergio Ag\u00fcero, Lavezzi se\u00f1al\u00f3: &#8220;No me llamaron de Central, <strong>no es que no jugu\u00e9 porque yo no quise. Fue porque no me llamaron ellos<\/strong>&#8220;.<\/p>\n<blockquote class=\"twitter-tweet\" readability=\"7.559670781893\">\n<p lang=\"es\" dir=\"ltr\">\u00bfPor qu\u00e9 el Pocho Lavezzi no jug\u00f3 en Rosario Central? Atenci\u00f3n a su respuesta. \u00bfLe pas\u00f3 lo mismo que al Kun?<\/p>\n<p>Mir\u00e1 a <a href=\"https:\/\/twitter.com\/hashtag\/ElKunEnStarPlus?src=hash&amp;ref_src=twsrc%5Etfw\">#ElKunEnStarPlus<\/a> | <a href=\"https:\/\/twitter.com\/hashtag\/MiraloEnStarPlus?src=hash&amp;ref_src=twsrc%5Etfw\">#MiraloEnStarPlus<\/a><a href=\"https:\/\/t.co\/sIr5dSb1h9\">pic.twitter.com\/sIr5dSb1h9<\/a><\/p>\n<p>? ESPN F\u00fatbol Argentina (@ESPNFutbolArg) <a href=\"https:\/\/twitter.com\/ESPNFutbolArg\/status\/1625610138030866435?ref_src=twsrc%5Etfw\">February 14, 2023<\/a><\/p>\n<\/blockquote>\n<p>Ante eso, el &#8220;Kun&#8221; le respondi\u00f3: &#8220;<strong>Bueno, algo parecido pas\u00f3 en Independiente<\/strong>. Mucho bla bla bla y despu\u00e9s no concretan, viste&#8230; \u00bfA vos no te llamaron nunca?&#8221;.<\/p>\n<p>&#8220;Yo dej\u00e9 de jugar teniendo un mont\u00f3n de ofertas. <strong>En el \u00fanico lugar que quer\u00eda jugar era en Central y no me llamaron<\/strong>. En un momento, iba a volver &#8216;Fideo&#8217; (\u00c1ngel Di Mar\u00eda) y medio me convenci\u00f3. Ahora ya est\u00e1, no fue y por algo no fue&#8221;, respondi\u00f3 el &#8220;Pocho&#8221;.<\/p>\n<p><strong>Lavezzi jam\u00e1s escondi\u00f3 que es hincha del &#8220;Canalla&#8221;<\/strong>, ni cuando jugaba en San Lorenzo ni a lo largo de su trayectoria por el Napoli de Italia, el Paris Saint Germain de Francia y el Hebei FC de China, pero no lleg\u00f3 a ponerse la camiseta del conjunto rosarino antes de colgar los botines.<\/p>\n<aside class=\"related-tags\"><\/aside>\n<\/div>\n","protected":false},"excerpt":{"rendered":"\n<div class=\"media_block\"><a href=\"http:\/\/latecordoba.com\/wp-content\/uploads\/2023\/02\/el-insolito-motivo-por-el-cual-ezequiel-lavezzi-no-se-retiro-en-rosario-central-1.jpg\"><img decoding=\"async\" src=\"http:\/\/latecordoba.com\/wp-content\/uploads\/2023\/02\/el-insolito-motivo-por-el-cual-ezequiel-lavezzi-no-se-retiro-en-rosario-central.jpg\" class=\"media_thumbnail\"><\/a><\/div>\n<p>&nbsp;<a href=\"https:\/\/ar.marca.com\/claro\/futbol\/primera-division\/2023\/02\/15\/63ecf3d9ca474130588b45e1.html\"> Leer <\/a><img decoding=\"async\" src=\"http:\/\/latecordoba.com\/wp-content\/uploads\/2023\/02\/el-insolito-motivo-por-el-cual-ezequiel-lavezzi-no-se-retiro-en-rosario-central.gif\" alt=\"\"\/> <\/p>\n","protected":false},"author":1,"featured_media":1514,"comment_status":"closed","ping_status":"closed","sticky":false,"template":"","format":"standard","meta":[],"categories":[17],"tags":[],"_links":{"self":[{"href":"https:\/\/latecordoba.com\/index.php\/wp-json\/wp\/v2\/posts\/1513"}],"collection":[{"href":"https:\/\/latecordoba.com\/index.php\/wp-json\/wp\/v2\/posts"}],"about":[{"href":"https:\/\/latecordoba.com\/index.php\/wp-json\/wp\/v2\/types\/post"}],"author":[{"embeddable":true,"href":"https:\/\/latecordoba.com\/index.php\/wp-json\/wp\/v2\/users\/1"}],"replies":[{"embeddable":true,"href":"https:\/\/latecordoba.com\/index.php\/wp-json\/wp\/v2\/comments?post=1513"}],"version-history":[{"count":0,"href":"https:\/\/latecordoba.com\/index.php\/wp-json\/wp\/v2\/posts\/1513\/revisions"}],"wp:featuredmedia":[{"embeddable":true,"href":"https:\/\/latecordoba.com\/index.php\/wp-json\/wp\/v2\/media\/1514"}],"wp:attachment":[{"href":"https:\/\/latecordoba.com\/index.php\/wp-json\/wp\/v2\/media?parent=1513"}],"wp:term":[{"taxonomy":"category","embeddable":true,"href":"https:\/\/latecordoba.com\/index.php\/wp-json\/wp\/v2\/categories?post=1513"},{"taxonomy":"post_tag","embeddable":true,"href":"https:\/\/latecordoba.com\/index.php\/wp-json\/wp\/v2\/tags?post=1513"}],"curies":[{"name":"wp","href":"https:\/\/api.w.org\/{rel}","templated":true}]}}