{"id":1511,"date":"2023-02-15T15:23:12","date_gmt":"2023-02-15T15:23:12","guid":{"rendered":"https:\/\/ar.marca.com\/claro\/futbol\/boca-juniors\/2023\/02\/15\/63ecf87cca4741d87e8b4592.html"},"modified":"2023-02-15T15:23:12","modified_gmt":"2023-02-15T15:23:12","slug":"hugo-ibarra-sobre-el-inicio-de-boca-en-el-torneo-del-equipo-me-preocupa-todo","status":"publish","type":"post","link":"https:\/\/latecordoba.com\/index.php\/2023\/02\/15\/hugo-ibarra-sobre-el-inicio-de-boca-en-el-torneo-del-equipo-me-preocupa-todo\/","title":{"rendered":"Hugo Ibarra, sobre el inicio de Boca en el torneo: &#8220;Del equipo me preocupa todo&#8221;"},"content":{"rendered":"\n<div class=\"media_block\"><a href=\"http:\/\/latecordoba.com\/wp-content\/uploads\/2023\/02\/hugo-ibarra-sobre-el-inicio-de-boca-en-el-torneo-del-equipo-me-preocupa-todo-1.jpg\"><img decoding=\"async\" src=\"http:\/\/latecordoba.com\/wp-content\/uploads\/2023\/02\/hugo-ibarra-sobre-el-inicio-de-boca-en-el-torneo-del-equipo-me-preocupa-todo.jpg\" class=\"media_thumbnail\"><\/a><\/div>\n<p><h2 class=\"section-title-group izquierda\"><span class=\"section-type\">Boca<\/span>&nbsp;<span class=\"subsection-type\">Meter\u00eda varios cambios<\/span><\/h2>\n<\/p>\n<div readability=\"76.888254486134\">\n<figure class=\"multimedia-item image\"><img decoding=\"async\" src=\"http:\/\/latecordoba.com\/wp-content\/uploads\/2023\/02\/hugo-ibarra-sobre-el-inicio-de-boca-en-el-torneo-del-equipo-me-preocupa-todo-1.jpg\" class=\"full-image\" alt=\"Boca no tuvo un buen comienzo del campeonato\"><figcaption class=\"caption\"><i class=\"icon-caption-photo\"><\/i>Boca no tuvo un buen comienzo del campeonato <\/figcaption><\/figure>\n<aside class=\"aside-tools byline-tools\"><\/aside>\n<p><span class=\"capital-letter\">E<\/span>l entrenador de <strong><a href=\"https:\/\/ar.marca.com\/claro\/futbol\/boca-juniors.html\" target=\"_blank\" rel=\"noopener\">Boca<\/a><\/strong>, <strong>Hugo Ibarra<\/strong>, se refiri\u00f3 al inicio de Boca en el torneo de la Liga Profesional y admiti\u00f3 que del rendimiento del equipo le &#8220;preocupa todo&#8221;, aunque sostuvo que va a mejorar y que &#8220;hay que tener paciencia&#8221;.<\/p>\n<p>&#8220;<strong>Del equipo me preocupa todo, pero lo tengo que trabajar en la semana, d\u00eda a d\u00eda<\/strong>. Ojal\u00e1 el fin de semana se pueda dar. Hay entrenamientos que lo hacemos muy bien y a veces no se lleva a cabo en los partidos, tambi\u00e9n por el rival&#8221;, indic\u00f3 Ibarra en rueda de prensa.<\/p>\n<blockquote class=\"twitter-tweet\" readability=\"10.319218241042\">\n<p lang=\"es\" dir=\"ltr\">&#8220;ME PREOCUPA TODO DEL EQUIPO&#8221; <\/p>\n<p>Hugo Ibarra se mostr\u00f3 preocupado por el inicio de Boca en la Liga Profesional y asegur\u00f3 que el partido ante Platense en la Bombonera ser\u00e1 crucial: &#8220;Ojal\u00e1 podamos jugar bien y tener una semana tranquila&#8221;. <a href=\"https:\/\/t.co\/kZuDgVKjR4\">pic.twitter.com\/kZuDgVKjR4<\/a><\/p>\n<p>? TyC Sports (@TyCSports) <a href=\"https:\/\/twitter.com\/TyCSports\/status\/1625865083342430211?ref_src=twsrc%5Etfw\">February 15, 2023<\/a><\/p>\n<\/blockquote>\n<p>Y a\u00f1adi\u00f3: &#8220;Me quedo conforme con algunos pasajes de los partidos en la Bombonera. <strong>Despu\u00e9s de tres meses de inactividad es dif\u00edcil jugar<\/strong>. Me ha pasado como jugador, tengo la tranquilidad de que mi equipo va a salir, hay que tener paciencia&#8221;.<\/p>\n<p>En cuanto al encuentro con Platense del pr\u00f3ximo fin de semana, el &#8220;Negro&#8221; <strong>evit\u00f3 dar pistas sobre el once que saldr\u00e1 a la cancha<\/strong>: &#8220;No voy a hablar de forma individual, s\u00e9 internamente, lo charlo con ellos y lo que tenga que hacer lo har\u00e9. Tengo tres d\u00edas para pensar el equipo y trabajarlo&#8221;.<\/p>\n<p>&#8220;Ahora vamos a jugar contra Platense con nuestro p\u00fablico en casa. <strong>Queremos ganar y si logramos eso podremos tener una semana tranquila para trabajar de otra manera<\/strong>. Y ojal\u00e1 podamos jugar bien tambi\u00e9n, yo soy el principal que quiere eso y el responsable cuando no sucede&#8221;, agreg\u00f3.<\/p>\n<p>Consultado por los minutos que sumaron los juveniles en el certamen, respondi\u00f3: &#8220;Yo m\u00e1s que nadie conozco a los chicos, los he tenido en Reserva y a todos nos pas\u00f3 ser j\u00f3venes y que te caigan si no rend\u00eds. <strong>Yo s\u00e9 los momentos que los tengo que poner y cuando decida van a entrar, ya sea de titular o suplente<\/strong>&#8220;.<\/p>\n<p>Boca debut\u00f3 en el torneo con una victoria ajustada por 1 a 0 con Atl\u00e9tico Tucum\u00e1n, luego empat\u00f3 sin goles con Central C\u00f3rdoba de Santiago del Estero y en la \u00faltima jornada cay\u00f3 por 2 a 1 con Talleres, por lo que <strong>sum\u00f3 cuatro unidades de nueve en las primeras tres fechas<\/strong>.<\/p>\n<aside class=\"related-tags\"><\/aside>\n<\/div>\n","protected":false},"excerpt":{"rendered":"\n<div class=\"media_block\"><a href=\"http:\/\/latecordoba.com\/wp-content\/uploads\/2023\/02\/hugo-ibarra-sobre-el-inicio-de-boca-en-el-torneo-del-equipo-me-preocupa-todo-1.jpg\"><img decoding=\"async\" src=\"http:\/\/latecordoba.com\/wp-content\/uploads\/2023\/02\/hugo-ibarra-sobre-el-inicio-de-boca-en-el-torneo-del-equipo-me-preocupa-todo.jpg\" class=\"media_thumbnail\"><\/a><\/div>\n<p>&nbsp;<a href=\"https:\/\/ar.marca.com\/claro\/futbol\/boca-juniors\/2023\/02\/15\/63ecf87cca4741d87e8b4592.html\"> Leer <\/a><img decoding=\"async\" src=\"http:\/\/latecordoba.com\/wp-content\/uploads\/2023\/02\/hugo-ibarra-sobre-el-inicio-de-boca-en-el-torneo-del-equipo-me-preocupa-todo.gif\" alt=\"\"\/> <\/p>\n","protected":false},"author":1,"featured_media":1512,"comment_status":"closed","ping_status":"closed","sticky":false,"template":"","format":"standard","meta":[],"categories":[17],"tags":[],"_links":{"self":[{"href":"https:\/\/latecordoba.com\/index.php\/wp-json\/wp\/v2\/posts\/1511"}],"collection":[{"href":"https:\/\/latecordoba.com\/index.php\/wp-json\/wp\/v2\/posts"}],"about":[{"href":"https:\/\/latecordoba.com\/index.php\/wp-json\/wp\/v2\/types\/post"}],"author":[{"embeddable":true,"href":"https:\/\/latecordoba.com\/index.php\/wp-json\/wp\/v2\/users\/1"}],"replies":[{"embeddable":true,"href":"https:\/\/latecordoba.com\/index.php\/wp-json\/wp\/v2\/comments?post=1511"}],"version-history":[{"count":0,"href":"https:\/\/latecordoba.com\/index.php\/wp-json\/wp\/v2\/posts\/1511\/revisions"}],"wp:featuredmedia":[{"embeddable":true,"href":"https:\/\/latecordoba.com\/index.php\/wp-json\/wp\/v2\/media\/1512"}],"wp:attachment":[{"href":"https:\/\/latecordoba.com\/index.php\/wp-json\/wp\/v2\/media?parent=1511"}],"wp:term":[{"taxonomy":"category","embeddable":true,"href":"https:\/\/latecordoba.com\/index.php\/wp-json\/wp\/v2\/categories?post=1511"},{"taxonomy":"post_tag","embeddable":true,"href":"https:\/\/latecordoba.com\/index.php\/wp-json\/wp\/v2\/tags?post=1511"}],"curies":[{"name":"wp","href":"https:\/\/api.w.org\/{rel}","templated":true}]}}