{"id":1509,"date":"2023-02-23T19:12:29","date_gmt":"2023-02-23T19:12:29","guid":{"rendered":"https:\/\/elnoticierodigital.com.ar\/?p=1278291"},"modified":"2023-02-23T19:12:29","modified_gmt":"2023-02-23T19:12:29","slug":"la-foto-amorosa-que-luciano-pereyra-le-dedico-a-su-novia-brillante-como","status":"publish","type":"post","link":"https:\/\/latecordoba.com\/index.php\/2023\/02\/23\/la-foto-amorosa-que-luciano-pereyra-le-dedico-a-su-novia-brillante-como\/","title":{"rendered":"La foto amorosa que Luciano Pereyra le dedic\u00f3 a su novia: \u201cBrillante como\u2026\u201d"},"content":{"rendered":"<p> <!-- image --><\/p>\n<div class=\"td-post-featured-image\"><a href=\"https:\/\/i0.wp.com\/elnoticierodigital.com.ar\/wp-content\/uploads\/2023\/02\/1278291.png?fit=662%2C422&amp;ssl=1\" data-caption><img decoding=\"async\" loading=\"lazy\" width=\"662\" height=\"422\" class=\"entry-thumb td-modal-image\" src=\"http:\/\/latecordoba.com\/wp-content\/uploads\/2023\/02\/la-foto-amorosa-que-luciano-pereyra-le-dedico-a-su-novia-brillante-como.png\" srcset=\"http:\/\/latecordoba.com\/wp-content\/uploads\/2023\/02\/la-foto-amorosa-que-luciano-pereyra-le-dedico-a-su-novia-brillante-como.png 662w, http:\/\/latecordoba.com\/wp-content\/uploads\/2023\/02\/la-foto-amorosa-que-luciano-pereyra-le-dedico-a-su-novia-brillante-como-1.png 300w, https:\/\/i0.wp.com\/elnoticierodigital.com.ar\/wp-content\/uploads\/2023\/02\/1278291.png?resize=150%2C96&amp;ssl=1 150w\" sizes=\"(max-width: 662px) 100vw, 662px\" alt title=\"1278291\"><\/a><\/div>\n<p> <!-- content --><\/p>\n<article readability=\"55\">Durante la jornada de este martes se celebr\u00f3 el D\u00eda de San Valent\u00edn, este 14 de febrero y como parte de una jornada en la que varias parejas se demostraron el amor que se tienen con citas rom\u00e1nticas y diferentes demostraciones de afecto que intercambiaron.<\/p>\n<p>Uno de los que celebr\u00f3 esta fecha especial fue Luciano Pereyra. El cantante se encuentra en pareja con Mar\u00eda Julia Rezzuto, desde hace casi cuatro a\u00f1os, a quien present\u00f3 hace unos a\u00f1os y quien mantuvo en cierto hermetismo dado que no suele dar muchos detalles de su vida privada.<\/p>\n<p>\u201cY x dejar #LaVidaAlViento vivo cosas maravillosas y una de ellas es vivir este amor!!! Una tristeza compartida es la mitad de la tristeza, Pero una alegr\u00eda compartida es el doble de alegr\u00eda. Por eso hoy decido compartirla con la flia, amigos y Antes q nada con todos Uds #JuliaYLucho\u201d, fue el mensaje que escribi\u00f3 Luciano en sus redes cuando present\u00f3 a su pareja, all\u00e1 por 2019.<\/p>\n<p>Si bien de momento la pareja no tendr\u00eda planes de boda o hijos, nada de eso impide que se muestren muy felices en las redes, s\u00faper enamorados y continuando con esta relaci\u00f3n que tan bien los tiene. Es por eso que, para este martes, el cantante decidi\u00f3 hacer un posteo particular dedicado a su novia.<\/p>\n<p>Compartiendo una foto que se sacaron durante un viaje a Par\u00eds, en lo que definitivamente es la postal so\u00f1ada para cualquier pareja de enamorados. En la misma se los puede ver d\u00e1ndose un rom\u00e1ntico beso, con la Torre Eiffel de fondo y posando de manera muy enternecedora.<\/p>\n<p>Dicho posteo que caus\u00f3 furor entre sus seguidores, Luciano decidi\u00f3 escribir unas sentidas palabras en el pie de su publicaci\u00f3n. \u201cFabulosa, m\u00e1gica, de ensue\u00f1os!. Ahh\u2026lo del fondo es Par\u00eds. Quedan viajes por hacer, ya conocimos la Torre Eiffel\u201d, comenz\u00f3 explicando el morocho, que m\u00e1s de una vez estuvo cerca de la muerte.<\/p>\n<p>Luego de esto, el cantante se torn\u00f3 un poco m\u00e1s serio y no dudo en expresar abiertamente todo el amor que siente para con su pareja. \u201cA cualquier parte del mundo pero siempre contigo\u2026 Feliz d\u00eda. Te amo\u201d, escribi\u00f3, generando una reacci\u00f3n de puro amor para con sus fans.<\/p>\n<p>El posteo de Pereyra cosech\u00f3 m\u00e1s de 100 mil me gusta. All\u00ed muchos famosos se proclamaron dej\u00e1ndole muchos elogios a la pareja. Sin ir m\u00e1s lejos, una de las que coment\u00f3 la publicaci\u00f3n fue Claudia Villafa\u00f1e, que escribi\u00f3 \u201cEllos \u00a1M\u00e1s lindos! \u00a1Los quiero!\u201d; mientras que Catherine Fulop les dej\u00f3 un simple pero claro mensaje: \u201cBellos\u201d.<\/p>\n<\/article>\n<p>Fuente: <a href=\"https:\/\/www.paparazzi.com.ar\/romances\/la-foto-amorosa-que-luciano-pereyra-le-dedico-a-su-novia-brillante-como\/\">https:\/\/www.paparazzi.com.ar\/<\/a><\/p>\n","protected":false},"excerpt":{"rendered":"<p> Durante la jornada de este martes se celebr\u00f3 el D\u00eda de San Valent\u00edn, este 14 de febrero y como parte de una jornada en la que varias parejas se demostraron el amor que se tienen con citas rom\u00e1nticas y diferentes demostraciones de afecto que intercambiaron. Uno de los que celebr\u00f3 esta fecha especial fue Luciano [&#8230;]  <\/p>\n","protected":false},"author":1,"featured_media":1510,"comment_status":"closed","ping_status":"closed","sticky":false,"template":"","format":"standard","meta":[],"categories":[14],"tags":[],"_links":{"self":[{"href":"https:\/\/latecordoba.com\/index.php\/wp-json\/wp\/v2\/posts\/1509"}],"collection":[{"href":"https:\/\/latecordoba.com\/index.php\/wp-json\/wp\/v2\/posts"}],"about":[{"href":"https:\/\/latecordoba.com\/index.php\/wp-json\/wp\/v2\/types\/post"}],"author":[{"embeddable":true,"href":"https:\/\/latecordoba.com\/index.php\/wp-json\/wp\/v2\/users\/1"}],"replies":[{"embeddable":true,"href":"https:\/\/latecordoba.com\/index.php\/wp-json\/wp\/v2\/comments?post=1509"}],"version-history":[{"count":0,"href":"https:\/\/latecordoba.com\/index.php\/wp-json\/wp\/v2\/posts\/1509\/revisions"}],"wp:featuredmedia":[{"embeddable":true,"href":"https:\/\/latecordoba.com\/index.php\/wp-json\/wp\/v2\/media\/1510"}],"wp:attachment":[{"href":"https:\/\/latecordoba.com\/index.php\/wp-json\/wp\/v2\/media?parent=1509"}],"wp:term":[{"taxonomy":"category","embeddable":true,"href":"https:\/\/latecordoba.com\/index.php\/wp-json\/wp\/v2\/categories?post=1509"},{"taxonomy":"post_tag","embeddable":true,"href":"https:\/\/latecordoba.com\/index.php\/wp-json\/wp\/v2\/tags?post=1509"}],"curies":[{"name":"wp","href":"https:\/\/api.w.org\/{rel}","templated":true}]}}