{"id":15083,"date":"2023-08-09T12:24:05","date_gmt":"2023-08-09T12:24:05","guid":{"rendered":"https:\/\/www.diariocronica.com.ar\/noticias\/2023\/08\/09\/84439-es-una-desilusion-muy-grande-el-lamento-de-martin-demichelis-tras-la-eliminacion-de-river"},"modified":"2023-08-09T12:24:05","modified_gmt":"2023-08-09T12:24:05","slug":"es-una-desilusion-muy-grande-el-lamento-de-martin-demichelis-tras-la-eliminacion-de-river","status":"publish","type":"post","link":"https:\/\/latecordoba.com\/index.php\/2023\/08\/09\/es-una-desilusion-muy-grande-el-lamento-de-martin-demichelis-tras-la-eliminacion-de-river\/","title":{"rendered":"&#8220;Es una desilusi\u00f3n muy grande\u201d, el lamento de Mart\u00edn Demichelis tras la eliminaci\u00f3n de River"},"content":{"rendered":"\n<div class=\"media_block\"><a href=\"http:\/\/latecordoba.com\/wp-content\/uploads\/2023\/08\/es-una-desilusion-muy-grande-el-lamento-de-martin-demichelis-tras-la-eliminacion-de-river.jpg\"><img decoding=\"async\" src=\"http:\/\/latecordoba.com\/wp-content\/uploads\/2023\/08\/es-una-desilusion-muy-grande-el-lamento-de-martin-demichelis-tras-la-eliminacion-de-river.jpg\" class=\"media_thumbnail\"><\/a><\/div>\n<div><img decoding=\"async\" src=\"http:\/\/latecordoba.com\/wp-content\/uploads\/2023\/08\/es-una-desilusion-muy-grande-el-lamento-de-martin-demichelis-tras-la-eliminacion-de-river.jpg\" class=\"ff-og-image-inserted\"><\/div>\n<p>\nEl entrenador millonario analiz\u00f3 el duelo ante Internacional de Porto Alegre y las decisiones que tom\u00f3 para contrarrestar a su rival. &#8220;Ahora habr\u00e1 que hablar con los dirigentes para lo que se viene&#8221;, anticip\u00f3.\n<\/p>\n<div readability=\"65.727165817327\">\n<p>El entrenador de River,<strong>&nbsp;Mart\u00edn Demichelis, asegur\u00f3 este mi\u00e9rcoles por la noche que&nbsp;<span><a href=\"https:\/\/www.diariocronica.com.ar\/noticias\/2023\/08\/08\/84415-river-quedo-eliminado-de-la-copa-libertadores-ante-internacional-en-una-eterna-tanda-de-penales\" target=\"_blank\" rel=\"noopener noreferrer\">la eliminaci\u00f3n de su equipo en la Copa Libertadores<\/a><\/span>&nbsp;ante Internacional de Porto Alegre \u201ces una desilusi\u00f3n muy grande\u201d.&nbsp;<\/strong><\/p>\n<p><strong>\u201cNos toca quedar eliminados y es totalmente inesperado<\/strong>&#8220;, declar\u00f3 ante la prensa el DT luego del partido disputado en Brasil por la vuelta de los octavos de final en el que cay\u00f3 por 9 a 8 en la tanda de penales, tras el 2 a 1 en los 90 minutos (hab\u00eda ganado en la ida por ese mismo resultado).<\/p>\n<p>&#8220;Fue una serie muy igualada, por Rochet no pudimos extender la ventaja en casa.&nbsp;<strong>Inter estuvo mejor que en el primer partido, fue mucho m\u00e1s igualado, situaciones para ambos lados.<\/strong>&nbsp;Tuvieron dos claras con Valencia, un desborde que gener\u00f3 peligro\u201d, analiz\u00f3.<\/p>\n<p>Y sigui\u00f3: \u201cTerminamos situaciones como la de Colidio, el remate de Aliendro, el cabezazo de Enzo D\u00edaz y los penales fueron un golpe duro. Hab\u00eda una ilusi\u00f3n grande, el equipo trabaj\u00f3 bien en los \u00faltimos meses y nos toca quedar eliminados y es algo totalmente inesperado&#8221;.<\/p>\n<blockquote class=\"twitter-tweet\" readability=\"4.5606060606061\">\n<p lang=\"es\">&#8220;INTER NOS HIZO UN PARTIDO M\u00c1S IGUALADO&#8221; Demichelis analiz\u00f3 la eliminaci\u00f3n de River. <\/p>\n<p>\u00f0\u009f\u0093\u00ba <a href=\"https:\/\/twitter.com\/hashtag\/ESPNenStarPlus?src=hash&amp;ref_src=twsrc%5Etfw\">#ESPNenStarPlus<\/a> | <a href=\"https:\/\/twitter.com\/ESPNFutbolArg?ref_src=twsrc%5Etfw\">@ESPNFutbolArg<\/a> <a href=\"https:\/\/t.co\/vvyD65J5I2\">pic.twitter.com\/vvyD65J5I2<\/a><\/p>\n<p>\u2014 SportsCenter (@SC_ESPN) <a href=\"https:\/\/twitter.com\/SC_ESPN\/status\/1689109495018872833?ref_src=twsrc%5Etfw\">August 9, 2023<\/a><\/p><\/blockquote>\n<p>Sobre la inclusi\u00f3n de Pablo Solari en el primer equipo en reemplazo de Ignacio \u201cNacho\u201d Fern\u00e1ndez, Demichelis expres\u00f3: \u201c<strong>Estoy en la posici\u00f3n que estoy para tomar decisiones\u201d.&nbsp;<\/strong><\/p>\n<p>&#8220;Si hubi\u00e9semos jugado con cinco volantes como en la ida seguramente Coudet lo habr\u00eda analizado y hubiera sumado un mediocampista m\u00e1s, as\u00ed que decidimos hacerlo con cuatro y dos arriba con Pablo Solari y Lucas Beltr\u00e1n&#8221;, cont\u00f3.<\/p>\n<p>&#8220;<strong>El ingreso de Pablo Solari por Ignacio Fern\u00e1ndez de hoy puede ser cuestionado como la otra vez lo fue a la inversa en el partido de ida, pero la explicaci\u00f3n es esa<\/strong>&#8220;, remarc\u00f3 el entrenador.<\/p>\n<p>Por otro lado, el DT habl\u00f3 sobre las ca\u00eddas de River como visitante en la copa: &#8220;De los tres partidos que se perdieron de visitantes en esta Copa Libertadores se puede decir que con su altura, La Paz es La Paz, ante Fluminense River fue superado en el tercio final del cotejo y hoy el encuentro fue equilibrado&#8221;.<\/p>\n<h4>Demichelis y el futuro de River sin Copa Libertadores<\/h4>\n<p>Demichelis, que semanas atr\u00e1s sufri\u00f3 la eliminaci\u00f3n en Copa Argentina, consider\u00f3 que \u201c<strong>despu\u00e9s de esta derrota habr\u00e1 que mantener la calma y seguir construyendo para bien del club y de este equipo\u201d.<\/strong><\/p>\n<p>&#8220;<strong>Ahora habr\u00e1 que hablar con los dirigentes para lo que se viene, porque tenemos un plantel numeroso<\/strong>&#8220;, mencion\u00f3. (NA)<\/p>\n<\/div>\n","protected":false},"excerpt":{"rendered":"\n<div class=\"media_block\"><a href=\"http:\/\/latecordoba.com\/wp-content\/uploads\/2023\/08\/es-una-desilusion-muy-grande-el-lamento-de-martin-demichelis-tras-la-eliminacion-de-river.jpg\"><img decoding=\"async\" src=\"http:\/\/latecordoba.com\/wp-content\/uploads\/2023\/08\/es-una-desilusion-muy-grande-el-lamento-de-martin-demichelis-tras-la-eliminacion-de-river.jpg\" class=\"media_thumbnail\"><\/a><\/div>\n<p>El entrenador millonario analiz\u00f3 el duelo ante Internacional de Porto Alegre y las decisiones que tom\u00f3 para contrarrestar a su rival. &#8220;Ahora habr\u00e1 que hablar con los dirigentes para lo que se viene&#8221;, anticip\u00f3. <\/p>\n","protected":false},"author":1,"featured_media":15084,"comment_status":"closed","ping_status":"closed","sticky":false,"template":"","format":"standard","meta":[],"categories":[17],"tags":[],"_links":{"self":[{"href":"https:\/\/latecordoba.com\/index.php\/wp-json\/wp\/v2\/posts\/15083"}],"collection":[{"href":"https:\/\/latecordoba.com\/index.php\/wp-json\/wp\/v2\/posts"}],"about":[{"href":"https:\/\/latecordoba.com\/index.php\/wp-json\/wp\/v2\/types\/post"}],"author":[{"embeddable":true,"href":"https:\/\/latecordoba.com\/index.php\/wp-json\/wp\/v2\/users\/1"}],"replies":[{"embeddable":true,"href":"https:\/\/latecordoba.com\/index.php\/wp-json\/wp\/v2\/comments?post=15083"}],"version-history":[{"count":0,"href":"https:\/\/latecordoba.com\/index.php\/wp-json\/wp\/v2\/posts\/15083\/revisions"}],"wp:featuredmedia":[{"embeddable":true,"href":"https:\/\/latecordoba.com\/index.php\/wp-json\/wp\/v2\/media\/15084"}],"wp:attachment":[{"href":"https:\/\/latecordoba.com\/index.php\/wp-json\/wp\/v2\/media?parent=15083"}],"wp:term":[{"taxonomy":"category","embeddable":true,"href":"https:\/\/latecordoba.com\/index.php\/wp-json\/wp\/v2\/categories?post=15083"},{"taxonomy":"post_tag","embeddable":true,"href":"https:\/\/latecordoba.com\/index.php\/wp-json\/wp\/v2\/tags?post=15083"}],"curies":[{"name":"wp","href":"https:\/\/api.w.org\/{rel}","templated":true}]}}