{"id":15071,"date":"2023-08-09T10:00:00","date_gmt":"2023-08-09T10:00:00","guid":{"rendered":"https:\/\/www.iprofesional.com\/economia\/386619-la-economia-cruje-por-falta-de-dolares-que-medidas-prepara-massa"},"modified":"2023-08-09T10:00:00","modified_gmt":"2023-08-09T10:00:00","slug":"la-economia-cruje-por-falta-de-dolares-las-medidas-de-alto-impacto-que-massa-evalua-para-despues-de-las-paso","status":"publish","type":"post","link":"https:\/\/latecordoba.com\/index.php\/2023\/08\/09\/la-economia-cruje-por-falta-de-dolares-las-medidas-de-alto-impacto-que-massa-evalua-para-despues-de-las-paso\/","title":{"rendered":"La econom\u00eda cruje por falta de d\u00f3lares: las medidas de alto impacto que Massa eval\u00faa para despu\u00e9s de las PASO"},"content":{"rendered":"\n<div class=\"media_block\"><img decoding=\"async\" src=\"http:\/\/latecordoba.com\/wp-content\/uploads\/2023\/08\/la-economia-cruje-por-falta-de-dolares-las-medidas-de-alto-impacto-que-massa-evalua-para-despues-de-las-paso.jpg\"><\/div>\n<p>Sergio <a href=\"https:\/\/www.iprofesional.com\/politica\/386442-el-dolar-marcara-una-semana-definitoria-para-massa\" target=\"_blank\" rel=\"noopener\">Massa tiene una agenda s\u00faper nutrida hasta el viernes<\/a>, ante el cierre de la campa\u00f1a m\u00e1s importante de su vida. El tigrense quiere ser el pr\u00f3ximo jefe de Estado. Pero, en simult\u00e1neo, ya sabe que las obligaciones como ministro no le dejar\u00e1n tiempo para el relax una vez que se conozcan los resultados de las PASO, el domingo por la noche.\n<\/p>\n<p>La semana que viene, Massa debe encaminar el <strong>preacuerdo con el Fondo Monetario<\/strong> que qued\u00f3 pendiente de resoluci\u00f3n en la parte final de la campa\u00f1a electoral. Para convertir ese acercamiento en la realidad de un acuerdo, que le habilite al pa\u00eds un <strong>desembolso de u$s7.500 millones<\/strong>, por parte del organismo.\n<\/p>\n<p>La paradoja es que esos fondos le permitir\u00e1n al FMI cobrar un vencimiento que de otra forma no podr\u00eda hacerlo. Pero, m\u00e1s all\u00e1 de esa cuesti\u00f3n, lo m\u00e1s trascendente es que <strong>el Gobierno se ver\u00e1 obligado a tomar medidas adicionales<\/strong> para acceder a esas divisas.\n<\/p>\n<p><span>Se sabe, el FMI pretende que el Gobierno vaya por una devaluaci\u00f3n que sincere el mercado cambiario. El Gobierno seguir\u00e1 bloqueando esa posibilidad<\/span>.\n<\/p>\n<p>Hace un par de semanas, Massa lanz\u00f3 una &#8220;evaluaci\u00f3n fiscal&#8221;, que <a href=\"https:\/\/www.iprofesional.com\/economia\/385610-fmi-y-nuevas-medidas-el-inquietante-riesgo-que-asume-massa\" target=\"_blank\" rel=\"noopener\">encareci\u00f3 las importaciones de bienes y servicios<\/a>. Puso el impuesto PAIS del 7,5% para los bienes -con excepci\u00f3n de los productos de la canasta b\u00e1sica- y del 25% para los servicios.\n<\/p>\n<p>Lo m\u00e1s probable es que ese escenario se profundizar\u00e1 despu\u00e9s de las PASO.\n<\/p>\n<div class=\"imagen\" readability=\"8\"><img decoding=\"async\" loading=\"lazy\" class=\"lazyload\" src=\"http:\/\/latecordoba.com\/wp-content\/uploads\/2023\/08\/la-economia-cruje-por-falta-de-dolares-las-medidas-de-alto-impacto-que-massa-evalua-para-despues-de-las-paso-1.jpg\" alt=\"Que se confirme el nuevo pacto con el FMI, clave para el escenario post-PASO.\" width=\"880\" height=\"495\"><\/p>\n<p>Que se confirme el nuevo pacto con el FMI, clave para el escenario post-PASO.<\/p>\n<\/div>\n<h2>Medidas de alto impacto, bajo an\u00e1lisis<\/h2>\n<p>Exceptuada la chance de una devaluaci\u00f3n, la posibilidad de <strong>generalizar al impuesto PAIS hasta un 30%<\/strong> es algo concreto. Ser\u00eda la manera de desbaratar la idea de una devaluaci\u00f3n durante la campa\u00f1a rumbo a las presidenciales de octubre.\n<\/p>\n<p>La imposici\u00f3n, no obstante, persigue el objetivo de <strong>disminuir las importaciones<\/strong>. Un camino que inevitablemente provocar\u00eda un <strong>enfriamiento de la actividad econ\u00f3mica<\/strong>.\n<\/p>\n<p>La extensi\u00f3n del impuesto PAIS podr\u00eda evitar una devaluaci\u00f3n abrupta pero no <a href=\"https:\/\/www.iprofesional.com\/finanzas\/386290-dolar-oficial-con-reservas-en-rojo-habra-devaluacion-este-mes\" target=\"_blank\" rel=\"noopener\">una aceleraci\u00f3n en la din\u00e1mica del &#8220;crawling peg&#8221; del d\u00f3lar oficial<\/a> -algo que se est\u00e1 viendo en la actualidad- y que tambi\u00e9n impacta en los precios internos.\n<\/p>\n<p>Adem\u00e1s, una medida de ese alcance provocar\u00eda una aceleraci\u00f3n inflacionaria. Algo de eso, de hecho, ya se constata en las g\u00f3ndolas de los supermercados y tambi\u00e9n en otros sectores, como el automotor, por citar algunos, ante el incremento en los costos de los fabricantes.\n<\/p>\n<h2>El d\u00f3lar paralelo trepa y se ensancha la brecha cambiaria<\/h2>\n<p><span>Por otra parte, el bloqueo a las importaciones, de manera tan determinante, tuvo un impacto muy negativo en el mercado cambiario.<\/span>\n<\/p>\n<p>El <a href=\"https:\/\/www.iprofesional.com\/finanzas\/386556-dolar-blue-hoy-la-cotizacion-del-8-de-agosto-de-2023\" target=\"_blank\" rel=\"noopener\">d\u00f3lar blue volvi\u00f3 a escalar<\/a> y, acaso todav\u00eda m\u00e1s relevante, tambi\u00e9n lo hicieron las cotizaciones de los d\u00f3lares financieros. La brecha se volvi\u00f3 a ampliar, con lo cual recrudecen tambi\u00e9n las presiones sobre el tipo de cambio oficial.\n<\/p>\n<div class=\"imagen\" readability=\"8\"><img decoding=\"async\" loading=\"lazy\" class=\"lazyload\" src=\"http:\/\/latecordoba.com\/wp-content\/uploads\/2023\/08\/la-economia-cruje-por-falta-de-dolares-las-medidas-de-alto-impacto-que-massa-evalua-para-despues-de-las-paso-2.jpg\" alt=\"En la \u00faltima semana antes de las PASO, Massa enfrenta una corrida del d\u00f3lar blue.\" width=\"880\" height=\"495\"><\/p>\n<p>En la \u00faltima semana antes de las PASO, Massa enfrenta una corrida del d\u00f3lar blue.<\/p>\n<\/div>\n<p>En este contexto, la din\u00e1mica inflacionaria se recaliente. Sucedi\u00f3 cada vez que la brecha cambiaria se ensanch\u00f3.\n<\/p>\n<p>Sucedi\u00f3 en marzo de este a\u00f1o, cuando el d\u00f3lar blue se escap\u00f3 a los $500 y la inflaci\u00f3n de abril trep\u00f3 al 8,4% y reci\u00e9n pudo desacelerar al 6% tres meses m\u00e1s tarde, b\u00e1sicamente porque el precio de la carne se estabiliz\u00f3.\n<\/p>\n<p>Los precios volvieron a acelerar. Por la aparici\u00f3n de un nuevo &#8220;d\u00f3lar ma\u00edz&#8221; de $340, pero tambi\u00e9n por las turbulencias cambiarias.\n<\/p>\n<h2>Inflaci\u00f3n recalentada<\/h2>\n<p>De acuerdo al relevamiento de Eco Go, la consultora dirigida por Marina Dal Poggetto y que semanalmente monitorea la evoluci\u00f3n de los precios, <strong>la inflaci\u00f3n de la \u00faltima semana marc\u00f3 un nuevo pico<\/strong>.\n<\/p>\n<p>La suba promedio estuvo en el 2,8%, m\u00e1s de un punto por encima de la inflaci\u00f3n de la semana anterior, que fue del 1,7%. Incluso por arriba del 1,4% de la primera semana de julio, que es la que se debe cotejar para evitar la influencia de la estacionalidad.\n<\/p>\n<p>La gran diferencia la est\u00e1 marcando el <strong>precio de la carne<\/strong>.\n<\/p>\n<div class=\"imagen\" readability=\"7\"><img decoding=\"async\" loading=\"lazy\" class=\"lazyload\" src=\"http:\/\/latecordoba.com\/wp-content\/uploads\/2023\/08\/la-economia-cruje-por-falta-de-dolares-las-medidas-de-alto-impacto-que-massa-evalua-para-despues-de-las-paso-3.jpg\" alt=\"Inflaci\u00f3n: el cepo a las importaciones ya se hace sentir en los precios.\" width=\"880\" height=\"495\"><\/p>\n<p>Inflaci\u00f3n: el cepo a las importaciones ya se hace sentir en los precios.<\/p>\n<\/div>\n<p><span>Una fuerte suba de los precios justo en la previa de las elecciones puede enfriar las chances del candidato oficialista. Y m\u00e1s si el candidato es el ministro de Econom\u00eda en funciones.<\/span> Ese doble rol es que en estos momentos tiene Massa.\n<\/p>\n<p>Seg\u00fan Eco Go, el precio de la carne lider\u00f3 la inflaci\u00f3n semanal, con un alza promedio del 8,6%. Est\u00e1 claro que la carne se despert\u00f3 justo en el peor momento, visto desde la \u00f3ptica del ministro-candidato.&nbsp;\n<\/p>\n<p>La <strong>proyecci\u00f3n de inflaci\u00f3n para agosto<\/strong>, para Eco Go, trepa al <strong>8,5%<\/strong>, bien por encima del 6% de junio y del estimado de 7% como m\u00e1ximo para julio.\n<\/p>\n<p>La inflaci\u00f3n de los alimentos se ubica incluso un escal\u00f3n por arriba del promedio, en torno al 8,9% seg\u00fan Dal Poggetto y Sebasti\u00e1n Menescaldi.\n<\/p>\n<h2>\u00bfMedidas para compensar?<\/h2>\n<p>En caso de que, finalmente, Massa se inclina por el &#8220;nuevo&#8221; impuesto PAIS para todas las importaciones, hay dos o tres medidas que ayudar\u00edan a compensar a una franja de trabajadores.\n<\/p>\n<p>Por eso en las \u00faltimas horas se habl\u00f3 de la posibilidad de un <strong>bono de suma fija para trabajadores<\/strong> de bajos ingresos, tanto estatales como privados. Algo que Massa prometi\u00f3 poner a consideraci\u00f3n de la CGT, que se vino resistiendo a esa posibilidad.\n<\/p>\n<p>Tambi\u00e9n se renovar\u00e1n los <strong>bonos para jubilados y pensionados de la m\u00ednima<\/strong>, tal como viene sucediendo.\n<\/p>\n<p>Y una actualizaci\u00f3n de la AUH y de la &#8220;tarjeta Alimentar&#8221;, que vienen perdiendo contra la inflaci\u00f3n.\n<\/p>\n<div class=\"tepuedeinteresar\">\n<p>Te puede interesar<\/p>\n<\/p><\/div>\n<p>Se vienen m\u00e1s momentos complejos para una econom\u00eda que cruje ante la falta de d\u00f3lares.<\/p>\n","protected":false},"excerpt":{"rendered":"\n<div class=\"media_block\"><img decoding=\"async\" src=\"http:\/\/latecordoba.com\/wp-content\/uploads\/2023\/08\/la-economia-cruje-por-falta-de-dolares-las-medidas-de-alto-impacto-que-massa-evalua-para-despues-de-las-paso.jpg\"><\/div>\n<p> Luego de las elecciones primarias se define la negociaci\u00f3n con el FMI y el ministro tiene en carpeta un nuevo paquete de medidas. Lo que viene <iframe width=\"0\" height=\"0\" border=\"0\"> <script> (function(i,s,o,g,r,a,m){i['GoogleAnalyticsObject']=r;i[r]=i[r]||function(){ (i[r].q=i[r].q||[]).push(arguments)},i[r].l=1*new Date();a=s.createElement(o), m=s.getElementsByTagName(o)[0];a.async=1;a.src=g;m.parentNode.insertBefore(a,m) })(window,document,'script','https:\/\/www.google-analytics.com\/analytics.js','ga'); ga('create', 'GTM-5LW5KQD', 'auto'); ga('require', 'displayfeatures'); ga('set', 'campaignSource', 'RSS Client for iProfesional'); ga('set', 'campaignMedium', 'RSS Client for iProfesional'); ga('set', {\"dataSource\": \"rss.atom.iprofesional.com\"}); ga('set', {\"referrer\": \"rss.atom.iprofesional.com\"}); ga('set', 'title', 'RSS Client for iProfesional'); ga('send', 'pageview'); <\/script> <!-- Begin comScore Tag --> <script> var _comscore = _comscore || []; _comscore.push({ c1: \"2\", c2: \"16597048\" }); (function() { var s = document.createElement(\"script\"), el = document.getElementsByTagName(\"script\")[0]; s.async = true; s.src = \"https:\/\/sb.scorecardresearch.com\/cs\/16597048\/beacon.js\"; el.parentNode.insertBefore(s, el); })(); <\/script> <noscript> <img decoding=\"async\" src=\"http:\/\/latecordoba.com\/wp-content\/uploads\/2023\/08\/la-economia-cruje-por-falta-de-dolares-las-medidas-de-alto-impacto-que-massa-evalua-para-despues-de-las-paso.gif\"> <\/noscript> <!-- End comScore Tag --> <\/iframe> <iframe border=\"0px\" style=\"display: none\" width=0 height=0 src=\"https:\/\/www.iprofesional.com\/ga4.html?gtag_id=G-N13KWJP8BK&amp;title=La econom\u00eda cruje por falta de d\u00f3lares: las medidas de alto impacto que Massa eval\u00faa para despu\u00e9s de las PASO&amp;location=https:\/\/www.iprofesional.com\/economia\/386619-la-economia-cruje-por-falta-de-dolares-que-medidas-prepara-massa&amp;referrer=rss.atom.iprofesional.com&amp;ci=RSS Client for iProfesional&amp;cs=RSS Client for iProfesional&amp;cm=RSS&amp;cn=RSS Client for iProfesional&amp;cc=RSS Client for iProfesional\"><\/iframe>  <\/p>\n","protected":false},"author":1,"featured_media":15072,"comment_status":"closed","ping_status":"closed","sticky":false,"template":"","format":"standard","meta":[],"categories":[18],"tags":[],"_links":{"self":[{"href":"https:\/\/latecordoba.com\/index.php\/wp-json\/wp\/v2\/posts\/15071"}],"collection":[{"href":"https:\/\/latecordoba.com\/index.php\/wp-json\/wp\/v2\/posts"}],"about":[{"href":"https:\/\/latecordoba.com\/index.php\/wp-json\/wp\/v2\/types\/post"}],"author":[{"embeddable":true,"href":"https:\/\/latecordoba.com\/index.php\/wp-json\/wp\/v2\/users\/1"}],"replies":[{"embeddable":true,"href":"https:\/\/latecordoba.com\/index.php\/wp-json\/wp\/v2\/comments?post=15071"}],"version-history":[{"count":0,"href":"https:\/\/latecordoba.com\/index.php\/wp-json\/wp\/v2\/posts\/15071\/revisions"}],"wp:featuredmedia":[{"embeddable":true,"href":"https:\/\/latecordoba.com\/index.php\/wp-json\/wp\/v2\/media\/15072"}],"wp:attachment":[{"href":"https:\/\/latecordoba.com\/index.php\/wp-json\/wp\/v2\/media?parent=15071"}],"wp:term":[{"taxonomy":"category","embeddable":true,"href":"https:\/\/latecordoba.com\/index.php\/wp-json\/wp\/v2\/categories?post=15071"},{"taxonomy":"post_tag","embeddable":true,"href":"https:\/\/latecordoba.com\/index.php\/wp-json\/wp\/v2\/tags?post=15071"}],"curies":[{"name":"wp","href":"https:\/\/api.w.org\/{rel}","templated":true}]}}