{"id":1507,"date":"2023-02-23T12:00:00","date_gmt":"2023-02-23T12:00:00","guid":{"rendered":"https:\/\/www.puntal.com.ar\/agencia-cordoba-cultura\/llega-una-nueva-edicion-noche-rio-cuarto-n185269"},"modified":"2023-02-23T12:00:00","modified_gmt":"2023-02-23T12:00:00","slug":"llega-una-nueva-edicion-de-noche-de-rio-cuarto","status":"publish","type":"post","link":"https:\/\/latecordoba.com\/index.php\/2023\/02\/23\/llega-una-nueva-edicion-de-noche-de-rio-cuarto\/","title":{"rendered":"Llega una nueva edici\u00f3n de Noche de R\u00edo Cuarto"},"content":{"rendered":"\n<div><img decoding=\"async\" src=\"http:\/\/latecordoba.com\/wp-content\/uploads\/2023\/02\/llega-una-nueva-edicion-de-noche-de-rio-cuarto.jpg\" class=\"ff-og-image-inserted\"><\/div>\n<p> Se trata de una propuesta para toda la familia, con entrada libre y gratuita, con la que se dar\u00e1 por concluida la exitosa temporada estival que se despedir\u00e1 con un show protagonizado por<strong> Va Kon To\u2019, Ramiro Luna y Arriba las Palmas<\/strong>. As\u00ed, el Anfiteatro Griego ser\u00e1 el escenario donde los riocuartenses y vecinos del sur provincial podr\u00e1n disfrutar de manera libre y gratuita de reconocidos artistas de la m\u00fasica tropical.<\/p>\n<p><strong>Los protagonistas<\/strong><\/p>\n<p><strong> VA KON TO\u2019.- <\/strong>Naci\u00f3 en el 2022 como un proyecto musical entre amigos que proven\u00edan de diferentes bandas. Va Kon To\u00b4 intenta crear un estilo propio en donde combina el cuarteto cl\u00e1sico con el cuarteto moderno, con el objetivo de captar oyentes de todas las edades. Desde fines de 2022, la banda entr\u00f3 en la escena musical con mucha fuerza. Cabe destacar que su camino no ha sido f\u00e1cil ya que es una agrupaci\u00f3n completamente independiente. Su trabajo y esfuerzo han logrado que se presente en diversos escenarios de R\u00edo Cuarto, la zona y de otras provincias, as\u00ed como participado de grandes eventos. Integrantes: Mat\u00edas Rocha en voz, Facundo L\u00f3pez en piano y direcci\u00f3n general, Gerardo Gonz\u00e1lez en guitarra el\u00e9ctrica, Mayco Maldonado en teclados y arreglos, Leandro Gallardo en timbal y direcci\u00f3n de percusi\u00f3n, Pablo Gonz\u00e1lez en congas y bong\u00f3, Luciano Abramor en guira, Sebasti\u00e1n Barreto en tambora y locuci\u00f3n, y Jes\u00fas Carboneli en segunda voz y coros.<\/p>\n<p><strong>RAMIRO LUNA.- <\/strong>Joven m\u00fasico y cantante que, desde muy peque\u00f1o comenz\u00f3 a vivenciar experiencias en distintos escenarios junto a su padre, el reconocido guitarrista, Sergio Luna, de la ciudad de R\u00edo Cuarto. Su original propuesta, su color de voz, y su versatilidad hicieron que formara parte de diferentes agrupaciones musicales, entre ellas, la reconocida banda tropical &#8220;Sabroso&#8221;, donde fue vocalista durante 5 a\u00f1os; adem\u00e1s, pas\u00f3 por las c\u00e1maras de Telefe de la mano de Marcelo Tinelli.<\/p>\n<div contenteditable=\"false\" class=\"embed_cont type_freetext\" rel=\"freetext\" id=\"embed6374_wrap\" data-provider=\"YouTube\" readability=\"32\">\n<p> RAMIRO LUNA &#8211; UNIVERSO PARALELO<span onclick=\"parent.parent.TinyMCETdcuerpo.preview_embed('embed6374')\" class=\"embed_colapse less\" id=\"embed6374_colapse\"><\/span><span onclick=\"parent.parent.TinyMCETdcuerpo.delete_embed('embed6374')\" class=\"embed_delete less\" id=\"embed6374_delete\"><\/span><\/p>\n<div id=\"embed6374_content\" class=\"embed_content\">\n<p> <iframe loading=\"lazy\" width=\"200\" height=\"113\" src=\"https:\/\/www.youtube.com\/embed\/HpTF6QU8DoI?feature=oembed\" frameborder=\"0\" allow=\"accelerometer; autoplay; clipboard-write; encrypted-media; gyroscope; picture-in-picture; web-share\" allowfullscreen title=\"RAMIRO LUNA - UNIVERSO PARALELO\">[embedded content]<\/iframe><\/p>\n<\/p><\/div>\n<\/p><\/div>\n<p><strong> ARRIBA LAS PALMAS.- <\/strong>Naci\u00f3 como un proyecto musical a fines de la pandemia, de la mano de los hermanos Roberto y Pedro Oca\u00f1a, creadores, adem\u00e1s, de otras bandas de cuarteto junto al arreglador y director musical, Carlos Barjacoba, y Mat\u00edas Castro como primera voz. Juntos se lanzaron al mercado del cuarteto iniciando con much\u00edsimo \u00e9xito con su primer single de autor\u00eda propia &#8220;Hola beb\u00e9&#8221; que, tambi\u00e9n incorpor\u00f3 a Brian como segundo cantante. Junto a Q\u00b4 Lokura grabaron el tema &#8220;Qui\u00e9reme as\u00ed&#8221;, que fue un verdadero \u00e9xito musical. Con tan s\u00f3lo un a\u00f1o de trayectoria, la compa\u00f1\u00eda discogr\u00e1fica Magenta postula a los premios Carlos Gardel como mejor canci\u00f3n de cuarteto su tema &#8220;P\u00f3ngase buena&#8221;. Actualmente, la agrupaci\u00f3n recorre todos los fines de semana los escenarios de nuestra provincia y de otras vecinas, siendo una de las bandas con mayor proyecci\u00f3n.<\/p>\n<div contenteditable=\"false\" class=\"embed_cont type_freetext\" rel=\"freetext\" id=\"embed4689_wrap\" data-provider=\"YouTube\" readability=\"32\">\n<p> Arriba Las Palmas &#8211; P\u00f3ngase Buena Videoclip Oficial<span onclick=\"parent.parent.TinyMCETdcuerpo.preview_embed('embed4689')\" class=\"embed_colapse less\" id=\"embed4689_colapse\"><\/span><span onclick=\"parent.parent.TinyMCETdcuerpo.delete_embed('embed4689')\" class=\"embed_delete less\" id=\"embed4689_delete\"><\/span><\/p>\n<div id=\"embed4689_content\" class=\"embed_content\">\n<p> <iframe loading=\"lazy\" width=\"200\" height=\"113\" src=\"https:\/\/www.youtube.com\/embed\/iphUB6f3UuI?feature=oembed\" frameborder=\"0\" allow=\"accelerometer; autoplay; clipboard-write; encrypted-media; gyroscope; picture-in-picture; web-share\" allowfullscreen title=\"Arriba Las Palmas - P\u00f3ngase Buena Videoclip Oficial\">[embedded content]<\/iframe><\/p>\n<\/p><\/div>\n<\/p><\/div>\n","protected":false},"excerpt":{"rendered":"<p>\nEl ya cl\u00e1sico cierre de los ciclos de verano que organiza la provincia se realizar\u00e1 este domingo 26 en el Anfiteatro Griego del Parque Costas del R\u00edo Cuarto con las actuaciones de Va Kon To&#8217;, Ramiro Luna y Arriba las Palmas  <\/p>\n","protected":false},"author":1,"featured_media":1508,"comment_status":"closed","ping_status":"closed","sticky":false,"template":"","format":"standard","meta":[],"categories":[14],"tags":[],"_links":{"self":[{"href":"https:\/\/latecordoba.com\/index.php\/wp-json\/wp\/v2\/posts\/1507"}],"collection":[{"href":"https:\/\/latecordoba.com\/index.php\/wp-json\/wp\/v2\/posts"}],"about":[{"href":"https:\/\/latecordoba.com\/index.php\/wp-json\/wp\/v2\/types\/post"}],"author":[{"embeddable":true,"href":"https:\/\/latecordoba.com\/index.php\/wp-json\/wp\/v2\/users\/1"}],"replies":[{"embeddable":true,"href":"https:\/\/latecordoba.com\/index.php\/wp-json\/wp\/v2\/comments?post=1507"}],"version-history":[{"count":0,"href":"https:\/\/latecordoba.com\/index.php\/wp-json\/wp\/v2\/posts\/1507\/revisions"}],"wp:featuredmedia":[{"embeddable":true,"href":"https:\/\/latecordoba.com\/index.php\/wp-json\/wp\/v2\/media\/1508"}],"wp:attachment":[{"href":"https:\/\/latecordoba.com\/index.php\/wp-json\/wp\/v2\/media?parent=1507"}],"wp:term":[{"taxonomy":"category","embeddable":true,"href":"https:\/\/latecordoba.com\/index.php\/wp-json\/wp\/v2\/categories?post=1507"},{"taxonomy":"post_tag","embeddable":true,"href":"https:\/\/latecordoba.com\/index.php\/wp-json\/wp\/v2\/tags?post=1507"}],"curies":[{"name":"wp","href":"https:\/\/api.w.org\/{rel}","templated":true}]}}