{"id":15062,"date":"2023-08-09T12:18:00","date_gmt":"2023-08-09T12:18:00","guid":{"rendered":"https:\/\/www.puntal.com.ar\/musica\/noche-cine-y-musica-n197291"},"modified":"2023-08-09T12:18:00","modified_gmt":"2023-08-09T12:18:00","slug":"noche-de-cine-y-musica","status":"publish","type":"post","link":"https:\/\/latecordoba.com\/index.php\/2023\/08\/09\/noche-de-cine-y-musica\/","title":{"rendered":"Noche de cine y m\u00fasica"},"content":{"rendered":"\n<div><img decoding=\"async\" src=\"http:\/\/latecordoba.com\/wp-content\/uploads\/2023\/08\/noche-de-cine-y-musica.jpg\" class=\"ff-og-image-inserted\"><\/div>\n<div class=\"cuerpo\" data-twitter-link readability=\"24\">\n<div contenteditable=\"false\" class=\"embed_cont type_freetext\" rel=\"freetext\" id=\"embed5878_wrap\" data-provider=\"YouTube\" readability=\"32\">\n<p> Los Chicos del Coro &#8211; Trailer (espa\u00f1ol)<span onclick=\"parent.parent.TinyMCETdcuerpo.preview_embed('embed5878')\" class=\"embed_colapse less\" id=\"embed5878_colapse\"><\/span><span onclick=\"parent.parent.TinyMCETdcuerpo.delete_embed('embed5878')\" class=\"embed_delete less\" id=\"embed5878_delete\"><\/span><\/p>\n<div id=\"embed5878_content\" class=\"embed_content\">\n<p> <iframe loading=\"lazy\" width=\"200\" height=\"150\" src=\"https:\/\/www.youtube.com\/embed\/OVBgzo5tGp4?feature=oembed\" frameborder=\"0\" allow=\"accelerometer; autoplay; clipboard-write; encrypted-media; gyroscope; picture-in-picture; web-share\" allowfullscreen title=\"Los Chicos del Coro - Trailer (espa\u00f1ol)\">[embedded content]<\/iframe><\/p>\n<\/p><\/div>\n<\/p><\/div>\n<p>Sinopsis: En 1948, el profesor de m\u00fasica contempor\u00e1nea Clement Mathieu, acepta el puesto en un internado para reeducaci\u00f3n de menores. Ense\u00f1\u00e1ndoles m\u00fasica y canto coral, transformar\u00e1 la vida cotidiana de esos chicos dif\u00edciles\u2026 Aunque un tanto previsible, resulta ser ingeniosa, c\u00e1lida y agradable.<\/p>\n<p><strong>VELAGA DE GALA AREA DE MATERIAL R\u00cdO CUARTO.-<\/strong> Esta noche a las 21hs. en el Teatro Municipal, con entrada gratuita, se realiza la Velada de Gala con motivo del 79\u00b0 Aniversario del \u00c1rea de Material RIO IV y del D\u00eda de la Fuerza A\u00e9rea Argentina, con las actuaciones de la Banda Militar de M\u00fasica &#8220;Brigadier Mayor Juan de San Mart\u00edn&#8221; y el grupo folcl\u00f3rico De Amanecidas.<\/p>\n<\/div>\n","protected":false},"excerpt":{"rendered":"<p>\nLos coristas en el Teatrino y Velada de Gala \u00c1rea de Material en el Teatro Municipal  <\/p>\n","protected":false},"author":1,"featured_media":15063,"comment_status":"closed","ping_status":"closed","sticky":false,"template":"","format":"standard","meta":[],"categories":[14],"tags":[],"_links":{"self":[{"href":"https:\/\/latecordoba.com\/index.php\/wp-json\/wp\/v2\/posts\/15062"}],"collection":[{"href":"https:\/\/latecordoba.com\/index.php\/wp-json\/wp\/v2\/posts"}],"about":[{"href":"https:\/\/latecordoba.com\/index.php\/wp-json\/wp\/v2\/types\/post"}],"author":[{"embeddable":true,"href":"https:\/\/latecordoba.com\/index.php\/wp-json\/wp\/v2\/users\/1"}],"replies":[{"embeddable":true,"href":"https:\/\/latecordoba.com\/index.php\/wp-json\/wp\/v2\/comments?post=15062"}],"version-history":[{"count":0,"href":"https:\/\/latecordoba.com\/index.php\/wp-json\/wp\/v2\/posts\/15062\/revisions"}],"wp:featuredmedia":[{"embeddable":true,"href":"https:\/\/latecordoba.com\/index.php\/wp-json\/wp\/v2\/media\/15063"}],"wp:attachment":[{"href":"https:\/\/latecordoba.com\/index.php\/wp-json\/wp\/v2\/media?parent=15062"}],"wp:term":[{"taxonomy":"category","embeddable":true,"href":"https:\/\/latecordoba.com\/index.php\/wp-json\/wp\/v2\/categories?post=15062"},{"taxonomy":"post_tag","embeddable":true,"href":"https:\/\/latecordoba.com\/index.php\/wp-json\/wp\/v2\/tags?post=15062"}],"curies":[{"name":"wp","href":"https:\/\/api.w.org\/{rel}","templated":true}]}}