{"id":15034,"date":"2023-08-09T10:00:01","date_gmt":"2023-08-09T10:00:01","guid":{"rendered":"https:\/\/viapais.com.ar\/politica\/el-congreso-que-viene-ninguna-fuerza-tendria-quorum-propio-pero-juntos-por-el-cambio-pelea-por-ser-primera-minoria\/"},"modified":"2023-08-09T10:00:01","modified_gmt":"2023-08-09T10:00:01","slug":"el-congreso-que-viene-ninguna-fuerza-tendria-quorum-propio-pero-juntos-por-el-cambio-pelea-por-ser-primera-minoria","status":"publish","type":"post","link":"https:\/\/latecordoba.com\/index.php\/2023\/08\/09\/el-congreso-que-viene-ninguna-fuerza-tendria-quorum-propio-pero-juntos-por-el-cambio-pelea-por-ser-primera-minoria\/","title":{"rendered":"El Congreso que viene: ninguna fuerza tendr\u00eda qu\u00f3rum propio, pero Juntos por el Cambio pelea por ser primera minor\u00eda"},"content":{"rendered":"\n<p>Sea quien sea el pr\u00f3ximo presidente, se enfrentar\u00e1 a un escenario verdaderamente desafiante en el Congreso Nacional para conseguir las leyes que necesite. Es que <b>ninguna fuerza pol\u00edtica tendr\u00eda el qu\u00f3rum propio<\/b>, aunque <b>Juntos por el Cambio<\/b> tiene posibilidades de quedarse con la <b>primera minor\u00eda en la C\u00e1mara de Diputados<\/b> y disputarla en el Senado.<\/p>\n<article class=\"article card \">\n<div class=\"article-inner \">\n<div class=\"article-image \"><a href=\"https:\/\/viapais.com.ar\/economia\/el-dolar-en-la-mira-a-dias-de-las-paso-expectativas-inflacionarias-y-devaluacion-dos-temas-que-aparecen-para-despues-del-domingo\/\" title=\"d\u00f3lar\"><\/p>\n<figure><picture><img alt=\"d\u00f3lar\" class=\" block \" src=\"http:\/\/latecordoba.com\/wp-content\/uploads\/2023\/08\/el-congreso-que-viene-ninguna-fuerza-tendria-quorum-propio-pero-juntos-por-el-cambio-pelea-por-ser-primera-minoria.jpg\" sizes=\"auto\" loading=\"lazy\" data-src=\"http:\/\/latecordoba.com\/wp-content\/uploads\/2023\/08\/el-congreso-que-viene-ninguna-fuerza-tendria-quorum-propio-pero-juntos-por-el-cambio-pelea-por-ser-primera-minoria.jpg\" width=\"307px\" fetchpriority=\"low\" decoding=\"async\" height=\"173px\"><\/picture><\/figure>\n<p><\/a><\/div>\n<\/div>\n<\/article>\n<figure><picture><img alt=\"Sesi\u00f3n en la C\u00e1mara de Diputados. \" class=\" block \" src=\"http:\/\/latecordoba.com\/wp-content\/uploads\/2023\/08\/el-congreso-que-viene-ninguna-fuerza-tendria-quorum-propio-pero-juntos-por-el-cambio-pelea-por-ser-primera-minoria-1.jpg\" sizes=\"auto\" loading=\"lazy\" data-src=\"http:\/\/latecordoba.com\/wp-content\/uploads\/2023\/08\/el-congreso-que-viene-ninguna-fuerza-tendria-quorum-propio-pero-juntos-por-el-cambio-pelea-por-ser-primera-minoria-1.jpg\" width=\"1023px\" fetchpriority=\"low\" decoding=\"async\" height=\"680px\"><\/picture><figcaption class>Sesi\u00f3n en la C\u00e1mara de Diputados. Foto: Federico Claro<\/figcaption><\/figure>\n<p>Las PASO del domingo ofrecer\u00e1n la foto m\u00e1s fidedigna de lo que podr\u00eda suceder en la elecci\u00f3n de octubre con la distribuci\u00f3n de las bancas. All\u00ed s<b>e elegir\u00e1n 130 diputados nacionales de todos los distritos, y 24 senadores nacionales por ocho provincias: Buenos Aires, Formosa, Jujuy, La Rioja, Misiones, San Juan, San Luis y Santa Cruz.<\/b><\/p>\n<p>En Diputados, donde las bancas se reparten por sistema D\u2019Hont, se renueva la elecci\u00f3n de 2019, cuando el reci\u00e9n constituido Frente de Todos gan\u00f3 la Presidencia. <b>El escenario ahora es muy distinto, puesto que ya no se tratar\u00eda de una elecci\u00f3n polarizada, sino de tercios, por la irrupci\u00f3n del libertario Javier Milei.<\/b><\/p>\n<figure><picture><img alt=\"La irrupci\u00f3n de Javier Milei hizo que el panorama pol\u00edtico dejase de estar polarizado, para pasar a ser de tercios.\" class=\" block \" src=\"http:\/\/latecordoba.com\/wp-content\/uploads\/2023\/08\/el-congreso-que-viene-ninguna-fuerza-tendria-quorum-propio-pero-juntos-por-el-cambio-pelea-por-ser-primera-minoria-2.jpg\" sizes=\"auto\" loading=\"lazy\" data-src=\"http:\/\/latecordoba.com\/wp-content\/uploads\/2023\/08\/el-congreso-que-viene-ninguna-fuerza-tendria-quorum-propio-pero-juntos-por-el-cambio-pelea-por-ser-primera-minoria-2.jpg\" width=\"1023px\" fetchpriority=\"low\" decoding=\"async\" height=\"681px\"><\/picture><figcaption class>La irrupci\u00f3n de Javier Milei hizo que el panorama pol\u00edtico dejase de estar polarizado, para pasar a ser de tercios. Foto: Clar\u00edn<\/figcaption><\/figure>\n<p>En aquellos comicios, Alberto Fern\u00e1ndez recibi\u00f3 el 48,2% de los votos, y Mauricio Macri, el 40,2%. No hubo segunda vuelta. Hoy, pr\u00e1cticamente ning\u00fan sondeo les da a las dos principales fuerzas el mismo porcentaje que hace cuatro a\u00f1os y todo indica que habr\u00e1 balotaje.<\/p>\n<p>Por eso es que, en Diputados, <b>el desaf\u00edo m\u00e1s grande lo enfrenta el actual Frente de Todos, que expone 68 de sus 118 bancas actuales. Juntos por el Cambio, en tanto, arriesga 55 esca\u00f1os de un total de 116.<\/b> Si se concreta el mapa de tercios, ambos espacios perder\u00edan bancas.<\/p>\n<p>En un escenario tripartito estricto, similar al que se dio en la primera vuelta de 2015, Uni\u00f3n por la Patria quedar\u00eda con unos 103 diputados, y Juntos por el Cambio con unos 114, mientras que Milei tendr\u00eda alrededor de 21. Son n\u00fameros que circulan en algunos despachos de la principal oposici\u00f3n. Otros c\u00e1lculos m\u00e1s austeros le atribuyen a la alianza opositora unos 105 legisladores.<\/p>\n<p>M\u00e1s all\u00e1 de los n\u00fameros finos, todav\u00eda prematuros, es muy probable que, independientemente de qui\u00e9n sea el pr\u00f3ximo presidente, ninguno de los dos principales espacios tenga el qu\u00f3rum propio de 129. <b>El futuro oficialismo se ver\u00e1 obligado a negociar con el bloque de Milei, o bien con las fuerzas provinciales, como los oficialismos de C\u00f3rdoba, Misiones y R\u00edo Negro.<\/b><\/p>\n<h2 class>Los votos \u201cde oro\u201d<\/h2>\n<p>El espacio que lleva todas las de ganar es La Libertad Avanza, porque tanto Milei como su compa\u00f1era Victoria Villarruel asumieron en 2021, es decir, que tienen mandato por dos a\u00f1os m\u00e1s. El Frente de Izquierda est\u00e1 en la misma situaci\u00f3n, porque sus cuatro miembros siguen hasta 2025.<\/p>\n<p><b>\u201c<\/b>Prevemos que el pr\u00f3ximo Congreso est\u00e9 conformado principalmente por dos grandes bloques dominantes, Uni\u00f3n por la Patria y Juntos por el Cambio. A su vez, se espera que crezcan en representaci\u00f3n las bancadas m\u00e1s radicales e intransigentes de Diputados, como La Libertad Avanza y el Frente de Izquierda\u201d, analiz\u00f3 Leandro Dom\u00ednguez, director de An\u00e1lisis Pol\u00edtico de la Fundaci\u00f3n Directorio Legislativo.<\/p>\n<p>El especialista afirm\u00f3 a este medio que \u201cen ese contexto, es probable que los partidos alineados a los gobernadores o integrantes de una porci\u00f3n de peronismo disidente disminuyan en representaci\u00f3n en t\u00e9rminos matem\u00e1ticos. No obstante, en t\u00e9rminos pol\u00edticos su relevancia legislativa aumentar\u00e1\u201d.<\/p>\n<p>\u201cEn un escenario en donde ni Juntos por el Cambio ni Uni\u00f3n por la Patria tendr\u00edan quorum propio, combinado con el crecimiento de los espacios m\u00e1s radicales o intransigentes, esos partidos alineados a la representaci\u00f3n local o provincial ser\u00e1n una de las claves para destrabar el funcionamiento del pr\u00f3ximo Congreso\u201d, evalu\u00f3 Dom\u00ednguez.<\/p>\n<p>Actualmente, hay dos bancadas \u201cfederales\u201d que ponen en juego la mitad de su representaci\u00f3n. Son el Interbloque Federal, encabezado por el bonaerense Alejandro \u201cTopo\u201d Rodr\u00edguez, que arriesga 4 de 8 bancas; y Provincias Unidas, liderado por el rionegrino Luis Di Gi\u00e1como, que expone 2 bancas de un total de 4.<\/p>\n<h2 class>Senado<\/h2>\n<p><b>En la elecci\u00f3n de senadores no hay medias tintas: se reparten tres bancas por provincia, dos para la agrupaci\u00f3n pol\u00edtica que obtenga la mayor cantidad de votos, y una para la que resulte segunda.<\/b> Se renuevan las 24 bancas que se repartieron en la elecci\u00f3n legislativa de 2017, que gan\u00f3 Juntos por el Cambio.<\/p>\n<figure><picture><img alt=\"En el Senado, que preside Cristina Kirchner, se renuevan 24 bancas correspondientes a ocho provincias (Foto: Federico L\u00f3pez Claro)\" class=\" block \" src=\"http:\/\/latecordoba.com\/wp-content\/uploads\/2023\/08\/el-congreso-que-viene-ninguna-fuerza-tendria-quorum-propio-pero-juntos-por-el-cambio-pelea-por-ser-primera-minoria-3.jpg\" sizes=\"auto\" loading=\"lazy\" data-src=\"http:\/\/latecordoba.com\/wp-content\/uploads\/2023\/08\/el-congreso-que-viene-ninguna-fuerza-tendria-quorum-propio-pero-juntos-por-el-cambio-pelea-por-ser-primera-minoria-3.jpg\" width=\"1023px\" fetchpriority=\"low\" decoding=\"async\" height=\"614px\"><\/picture><figcaption class>En el Senado, que preside Cristina Kirchner, se renuevan 24 bancas correspondientes a ocho provincias (Foto: Federico L\u00f3pez Claro)<\/figcaption><\/figure>\n<p>Esta promete ser la batalla m\u00e1s re\u00f1ida, porque el Frente de Todos y Juntos por el Cambio hoy est\u00e1n separados por apenas dos bancas de diferencia, y arriesgan 9 el primero (m\u00e1s dos aliadas) y 11 el segundo. En otras palabras, hay probabilidades de que el tablero se mantenga muy similar al actual, con dos fuerzas que pelear\u00e1n la primera minor\u00eda, de las cuales ninguna llegar\u00eda por s\u00ed sola al qu\u00f3rum de 37.<\/p>\n<p>El interbloque oficialista, al mando de Jos\u00e9 Mayans (quien busca renovar mandato) hoy tiene 31 integrantes y necesitar\u00eda sumar 6 m\u00e1s para llegar a la mayor\u00eda propia. Juntos por el Cambio, en tanto, tendr\u00eda que sumar 4. Ambos espacios podr\u00edan tambi\u00e9n acercarse al n\u00famero con el apoyo de partidos provinciales que se acomodan seg\u00fan el oficialismo de turno.<\/p>\n<p>Una de las claves est\u00e1 en la provincia de Buenos Aires, donde en 2017 la lista encabezada por Esteban Bullrich venci\u00f3 a la de Cristina Kirchner. Por eso el PRO pone en juego dos bancas y el kirchnerismo una. Si Uni\u00f3n por la Patria retiene la gobernaci\u00f3n bonaerense con Axel Kicillof, es probable que el arrastre lo favorezca y termine recuperando la banca perdida hace seis a\u00f1os, logrando as\u00ed el desembarco del actual ministro Eduardo \u201cWado\u201d De Pedro junto a Juliana Di Tullio.<\/p>\n<p>Otras dos provincias fundamentales para el actual oficialismo son La Rioja y Misiones, porque all\u00ed vencen mandato dos socias fieles: la riojana Clara Vega, muy identificada con el precandidato presidencial Sergio Massa; y la misionera Magdalena Solari Quintana, del Frente de la Concordia Misionero, el partido que gobierna la provincia y fue revalidado en las urnas.<\/p>\n<p>El peronismo retendr\u00eda la mayor\u00eda en Formosa, donde el gobernador Gildo Insfr\u00e1n volvi\u00f3 a ganar c\u00f3modo. Pero hay incertidumbre en otras dos provincias donde ya gan\u00f3 Juntos por el Cambio: San Juan (con Marcelo Orrego) y San Luis (Claudio Poggi). Si esos resultados se replican en octubre, podr\u00edan darle a la coalici\u00f3n opositora dos bancas m\u00e1s.<\/p>\n<p>Adem\u00e1s, se espera que Juntos por el Cambio retenga la mayor\u00eda en Jujuy, provincia que seguir\u00e1 gobernando. El mapa se completa con Santa Cruz, donde la mayor\u00eda hoy la tiene Juntos por el Cambio. La provincia elegir\u00e1 gobernador el mismo d\u00eda que las PASO nacionales, con Ley de Lemas.<\/p>\n","protected":false},"excerpt":{"rendered":"<p>Sea quien sea el pr\u00f3ximo presidente, se enfrentar\u00e1 a un escenario verdaderamente desafiante en el Congreso Nacional para conseguir las leyes que necesite. Es que ninguna fuerza pol\u00edtica tendr\u00eda el qu\u00f3rum propio, aunque Juntos por el Cambio tiene posibilidades de quedarse con la primera minor\u00eda en la C\u00e1mara de Diputados y disputarla en el Senado. [&hellip;]<\/p>\n","protected":false},"author":1,"featured_media":15035,"comment_status":"closed","ping_status":"closed","sticky":false,"template":"","format":"standard","meta":[],"categories":[15],"tags":[],"_links":{"self":[{"href":"https:\/\/latecordoba.com\/index.php\/wp-json\/wp\/v2\/posts\/15034"}],"collection":[{"href":"https:\/\/latecordoba.com\/index.php\/wp-json\/wp\/v2\/posts"}],"about":[{"href":"https:\/\/latecordoba.com\/index.php\/wp-json\/wp\/v2\/types\/post"}],"author":[{"embeddable":true,"href":"https:\/\/latecordoba.com\/index.php\/wp-json\/wp\/v2\/users\/1"}],"replies":[{"embeddable":true,"href":"https:\/\/latecordoba.com\/index.php\/wp-json\/wp\/v2\/comments?post=15034"}],"version-history":[{"count":0,"href":"https:\/\/latecordoba.com\/index.php\/wp-json\/wp\/v2\/posts\/15034\/revisions"}],"wp:featuredmedia":[{"embeddable":true,"href":"https:\/\/latecordoba.com\/index.php\/wp-json\/wp\/v2\/media\/15035"}],"wp:attachment":[{"href":"https:\/\/latecordoba.com\/index.php\/wp-json\/wp\/v2\/media?parent=15034"}],"wp:term":[{"taxonomy":"category","embeddable":true,"href":"https:\/\/latecordoba.com\/index.php\/wp-json\/wp\/v2\/categories?post=15034"},{"taxonomy":"post_tag","embeddable":true,"href":"https:\/\/latecordoba.com\/index.php\/wp-json\/wp\/v2\/tags?post=15034"}],"curies":[{"name":"wp","href":"https:\/\/api.w.org\/{rel}","templated":true}]}}