{"id":1476,"date":"2023-02-22T19:00:00","date_gmt":"2023-02-22T19:00:00","guid":{"rendered":"https:\/\/www.eldiariodeturismo.com.ar\/?p=225716"},"modified":"2023-02-22T19:00:00","modified_gmt":"2023-02-22T19:00:00","slug":"culturar-guale-caminata-por-la-costanera-y-charla-sobre-la-fundacion-de-gualeguaychu","status":"publish","type":"post","link":"https:\/\/latecordoba.com\/index.php\/2023\/02\/22\/culturar-guale-caminata-por-la-costanera-y-charla-sobre-la-fundacion-de-gualeguaychu\/","title":{"rendered":"Culturar Guale: caminata por la costanera y charla sobre la Fundaci\u00f3n de Gualeguaych\u00fa"},"content":{"rendered":"\n<div class=\"entry-content\">\n<h5 class=\"lead\">Este jueves 23 de febrero a las 20,30 horas se llevar\u00e1 adelante una caminata por la costanera y charla sobre la \u00abFundaci\u00f3n de Gualeguaych\u00fa\u201d.<\/h5>\n<\/div>\n<p>En el marco del programa&nbsp;<strong>Culturar Guale<\/strong>&nbsp;que lleva adelante la direcci\u00f3n de Cultura de la Municipalidad de Gualeguaych\u00fa, se llevar\u00e1 adelante una charla sobre la \u00ab<em>Fundaci\u00f3n de Gualeguaych\u00fa<\/em>\u00ab, con la metodolog\u00eda de caminata peripat\u00e9tica, es decir, que la charla se realizar\u00e1 caminando por un tramo de la Costanera, hablando sobre los pueblos originarios, Cabildo y vida colonial.<\/p>\n<p>El punto de concentraci\u00f3n ser\u00e1 en el Hotel Agua\u00fd (Avda. Costanera 130) hasta los galpones del puerto. La actividad tendr\u00e1 una duraci\u00f3n de 40 minutos y estar\u00e1 a cargo del licenciado en Historia Marcos Henchoz, y no requiere inscripci\u00f3n previa.<\/p>\n<p>Este evento cuenta con el acompa\u00f1amiento de&nbsp;<strong>UADER FCG<\/strong>&nbsp;sede Gualeguaych\u00fa, Biblioteca Popular \u00abRodolfo A. Garc\u00eda\u00bb y Hotel Agua\u00fd. La actividad ser\u00e1 a la gorra.<\/p>\n<p><img decoding=\"async\" loading=\"lazy\" class=\"aligncenter wp-image-225717 size-full\" src=\"http:\/\/latecordoba.com\/wp-content\/uploads\/2023\/02\/culturar-guale-caminata-por-la-costanera-y-charla-sobre-la-fundacion-de-gualeguaychu.jpg\" alt width=\"500\" height=\"333\" srcset=\"http:\/\/latecordoba.com\/wp-content\/uploads\/2023\/02\/culturar-guale-caminata-por-la-costanera-y-charla-sobre-la-fundacion-de-gualeguaychu.jpg 500w, https:\/\/www.eldiariodeturismo.com.ar\/wp-content\/uploads\/2023\/02\/Culturar-Guale-caminata-por-la-costanera-y-charla-sobre-la-Fundacion-de-Gualeguaychu-2-300x200.jpg 300w\" sizes=\"(max-width: 500px) 100vw, 500px\"><\/p>\n<h2><\/h2>\n<p><strong>Casa de la Cultura de Gualeguaych\u00fa<\/strong><\/p>\n<p><a href=\"mailto:cultura@gualeguaychu.gov.ar\" target=\"_blank\" rel=\"noopener\">&nbsp;cultura@gualeguaychu.gov.ar<\/a><\/p>\n<p><a href=\"https:\/\/www.google.com.ar\/maps\/search\/25+de+Mayo+734,%20Gualeguaych%C3%BA\" target=\"_blank\" rel=\"noopener\">&nbsp;25 de Mayo 734, Gualeguaych\u00fa<\/a><\/p>\n<p>+54 (03446) 427989<\/p>\n<p>.<\/p>\n<p>FUENTE: CULTURA \u2013 MUNICIPALIDAD DE GUALEGUAYCH\u00da<\/p>\n","protected":false},"excerpt":{"rendered":"<p> Este jueves 23 de febrero a las 20,30 horas se llevar\u00e1 adelante una caminata por la costanera y charla sobre  <\/p>\n","protected":false},"author":1,"featured_media":1477,"comment_status":"open","ping_status":"closed","sticky":false,"template":"","format":"standard","meta":[],"categories":[19],"tags":[],"_links":{"self":[{"href":"https:\/\/latecordoba.com\/index.php\/wp-json\/wp\/v2\/posts\/1476"}],"collection":[{"href":"https:\/\/latecordoba.com\/index.php\/wp-json\/wp\/v2\/posts"}],"about":[{"href":"https:\/\/latecordoba.com\/index.php\/wp-json\/wp\/v2\/types\/post"}],"author":[{"embeddable":true,"href":"https:\/\/latecordoba.com\/index.php\/wp-json\/wp\/v2\/users\/1"}],"replies":[{"embeddable":true,"href":"https:\/\/latecordoba.com\/index.php\/wp-json\/wp\/v2\/comments?post=1476"}],"version-history":[{"count":0,"href":"https:\/\/latecordoba.com\/index.php\/wp-json\/wp\/v2\/posts\/1476\/revisions"}],"wp:featuredmedia":[{"embeddable":true,"href":"https:\/\/latecordoba.com\/index.php\/wp-json\/wp\/v2\/media\/1477"}],"wp:attachment":[{"href":"https:\/\/latecordoba.com\/index.php\/wp-json\/wp\/v2\/media?parent=1476"}],"wp:term":[{"taxonomy":"category","embeddable":true,"href":"https:\/\/latecordoba.com\/index.php\/wp-json\/wp\/v2\/categories?post=1476"},{"taxonomy":"post_tag","embeddable":true,"href":"https:\/\/latecordoba.com\/index.php\/wp-json\/wp\/v2\/tags?post=1476"}],"curies":[{"name":"wp","href":"https:\/\/api.w.org\/{rel}","templated":true}]}}