{"id":1470,"date":"2023-02-23T03:00:00","date_gmt":"2023-02-23T03:00:00","guid":{"rendered":"https:\/\/viapais.com.ar\/entretenimiento\/mirtha-legrand-cumple-95-anos-datos-curiosos-para-celebrar-con-la-diva-de-la-television\/"},"modified":"2023-02-23T03:00:00","modified_gmt":"2023-02-23T03:00:00","slug":"mirtha-legrand-cumple-96-anos-datos-curiosos-para-celebrar-con-la-diva-de-la-television","status":"publish","type":"post","link":"https:\/\/latecordoba.com\/index.php\/2023\/02\/23\/mirtha-legrand-cumple-96-anos-datos-curiosos-para-celebrar-con-la-diva-de-la-television\/","title":{"rendered":"Mirtha Legrand cumple 96 a\u00f1os: datos curiosos para celebrar con la diva de la televisi\u00f3n"},"content":{"rendered":"<br \/>\n<section readability=\"45.763880771479\">\n<p>Este jueves hay un motivo para celebrar y es que<a href=\"https:\/\/viapais.com.ar\/entretenimiento\/como-sera-el-festejo-del-cumpleanos-de-mirtha-legrand\/\" target=\"_blank\" rel=\"noopener\"> <b>Mirtha Legrand <\/b><\/a><b>cumple 96 a\u00f1os<\/b>. La actriz y conductora de los legendarios almuerzos naci\u00f3 el 23 de febrero de 1927 en Villa Ca\u00f1as, ciudad de la provincia de Santa Fe.<\/p>\n<article class=\"article card \">\n<div class=\"article-inner \">\n<div class=\"article-image \"><a href=\"https:\/\/viapais.com.ar\/entretenimiento\/mirtha-legrand-confeso-si-le-teme-a-la-muerte-adoro-la-vida\/\" title=\"Mirtha Legrand\"><\/p>\n<figure><picture><img decoding=\"async\" loading=\"lazy\" alt=\"Mirtha Legrand\" class=\"lazyload block \" src=\"http:\/\/latecordoba.com\/wp-content\/uploads\/2023\/02\/mirtha-legrand-cumple-96-anos-datos-curiosos-para-celebrar-con-la-diva-de-la-television.png\" sizes=\"auto\" data-src=\"https:\/\/viapais.com.ar\/resizer\/Z_LfnOmJCBWrH1iOmqlDNMGI2Z8=\/307x173\/smart\/filters:quality(75):format(webp)\/cloudfront-us-east-1.images.arcpublishing.com\/grupoclarin\/IIBVAOA5XVDGFAIVR2XIPEDBM4.jpg\" width=\"307px\" height=\"173px\"><\/picture><\/figure>\n<p><\/a><\/div>\n<\/div>\n<\/article>\n<figure><picture><img alt=\"La cuarentena de Mirtha Legrand: sus d\u00edas de soledad y tristeza tras la muerte de Goldie \" class=\"lazyload block \" sizes=\"auto\" data-src=\"http:\/\/latecordoba.com\/wp-content\/uploads\/2023\/02\/mirtha-legrand-cumple-96-anos-datos-curiosos-para-celebrar-con-la-diva-de-la-television.jpg\" width=\"1023px\" height=\"850px\"><\/picture><figcaption class>La cuarentena de Mirtha Legrand: sus d\u00edas de soledad y tristeza tras la muerte de Goldie <\/figcaption><\/figure>\n<p>Quien tambi\u00e9n celebrar\u00eda un aniversario m\u00e1s de vida ser\u00eda<b> Silvia Legrand<\/b>, m\u00e1s conocida como<b> \u201c<\/b><a href=\"https:\/\/viapais.com.ar\/argentina\/1735787-quien-fue-silvia-goldie-legrand-la-gemela-bajo-perfil-de-mirtha-que-brillo-como-actriz\/\" target=\"_blank\" rel=\"noopener\"><b>Goldy<\/b><\/a><b>\u201d<\/b>, la gemela de la conductora, quien tambi\u00e9n fue estrella del cine nacional y <b>muri\u00f3 en 2020 en plena cuarentena estricta por la pandemia.<\/b><\/p>\n<figure><picture><img alt=\"Mirtha Legrand y su hermana Goldy. \" class=\"lazyload block \" sizes=\"auto\" data-src=\"http:\/\/latecordoba.com\/wp-content\/uploads\/2023\/02\/mirtha-legrand-cumple-96-anos-datos-curiosos-para-celebrar-con-la-diva-de-la-television-1.jpg\" width=\"1023px\" height=\"564px\"><\/picture><figcaption class>Mirtha Legrand y su hermana Goldy. <\/figcaption><\/figure>\n<p>Tanto Mirtha como Silvia optaron por nombres art\u00edstico. El que figura en el documento de identidad de la diva es<b> Rosa Mar\u00eda Juana Mart\u00ednez Su\u00e1rez<\/b>, mientras que el de su hermana era <b>Mar\u00eda Aurelia Paula Mart\u00ednez Su\u00e1rez.<\/b> Sin embargo, no fueron las \u00fanicas personalidades del arte en la familia, ya que <b>Jos\u00e9 Antonio Mart\u00ednez Su\u00e1rez<\/b>, hermano de ambas, tambi\u00e9n estuvo relacionado a este mundo. El director de cine y guionista falleci\u00f3 en 2019.<\/p>\n<figure><picture><img alt=\"Mirtha, junto a su hermano Jos\u00e9 Mart\u00ednez Su\u00e1rez, en la muestra homenaje.\" class=\"lazyload block \" sizes=\"auto\" data-src=\"http:\/\/latecordoba.com\/wp-content\/uploads\/2023\/02\/mirtha-legrand-cumple-96-anos-datos-curiosos-para-celebrar-con-la-diva-de-la-television-2.jpg\" width=\"1023px\" height=\"681px\"><\/picture><figcaption class>Mirtha, junto a su hermano Jos\u00e9 Mart\u00ednez Su\u00e1rez, en la muestra homenaje.<\/figcaption><\/figure>\n<p>En 1945, durante el rodaje de<i> <\/i><b>\u201cCinco besos\u201d<\/b><i>,<\/i> Mirtha conoci\u00f3 al director<b> Daniel Tinayre<\/b>. Ambos se enamoraron y meses despu\u00e9s dieron el s\u00ed, cuando ella ten\u00eda 19 a\u00f1os y \u00e9l 36. Juntos fueron padres de Daniel, quien falleci\u00f3 en 1999 a causa de un c\u00e1ncer de p\u00e1ncreas, y Marcela, tambi\u00e9n conductora de TV.<\/p>\n<figure><picture><img alt=\"Daniel Tinayre\" class=\"lazyload block \" sizes=\"auto\" data-src=\"http:\/\/latecordoba.com\/wp-content\/uploads\/2023\/02\/mirtha-legrand-cumple-96-anos-datos-curiosos-para-celebrar-con-la-diva-de-la-television-3.jpg\" width=\"1023px\" height=\"1019px\"><\/picture><figcaption class>Daniel Tinayre<\/figcaption><\/figure>\n<p>En 1968 \u201cLa Chiqui\u201d comenz\u00f3 con su programa <b>\u201cAlmorzando con las estrellas\u201d<\/b><i><b> <\/b><\/i><i>(Canal 9)<\/i>, el cual se convirti\u00f3 en un \u00e9xito y sigui\u00f3 bajo otros nombres y en distintos canales hasta hace unos meses, bajo la conducci\u00f3n de su nieta <b>Juana Viale.<\/b><\/p>\n<figure><picture><img alt=\"La conductora se emocion\u00f3 con un homenaje en su vuelta al programa \/ Gentileza\" class=\"lazyload block \" sizes=\"auto\" data-src=\"http:\/\/latecordoba.com\/wp-content\/uploads\/2023\/02\/mirtha-legrand-cumple-96-anos-datos-curiosos-para-celebrar-con-la-diva-de-la-television-4.jpg\" width=\"1023px\" height=\"573px\"><\/picture><figcaption class>La conductora se emocion\u00f3 con un homenaje en su vuelta al programa \/ Gentileza<\/figcaption><\/figure>\n<p>Durante sus m\u00e1s de <b>80 a\u00f1os de carrera<\/b>, actu\u00f3 en treinta y seis pel\u00edculas, once obras teatrales y tres series televisivas, y condujo dos ciclos de radio. Por esa raz\u00f3n se gan\u00f3 el t\u00edtulo de la diva de Argentina, siendo una de las personalidades m\u00e1s llamativas del pa\u00eds. <b>Con motivo de este cumplea\u00f1os, hacemos un recorrido por las curiosidades de la gran Mirtha Legrand. <\/b><\/p>\n<article class=\"article card \">\n<div class=\"article-inner \">\n<div class=\"article-image \"><a href=\"https:\/\/viapais.com.ar\/gourmet\/cual-es-y-como-se-hace-el-postre-favorito-de-mirtha-legrand\/\" title=\"Mirtha Legrand\"><\/p>\n<figure><picture><img decoding=\"async\" loading=\"lazy\" alt=\"Mirtha Legrand\" class=\"lazyload block \" src=\"http:\/\/latecordoba.com\/wp-content\/uploads\/2023\/02\/mirtha-legrand-cumple-96-anos-datos-curiosos-para-celebrar-con-la-diva-de-la-television.png\" sizes=\"auto\" data-src=\"https:\/\/viapais.com.ar\/resizer\/WF-ekp7OcingbCuqzvq6FwmKGGU=\/307x173\/smart\/filters:quality(75):format(webp)\/cloudfront-us-east-1.images.arcpublishing.com\/grupoclarin\/2AV4RPO5KNHADFLCFMXH6TQ3OY.jpg\" width=\"307px\" height=\"173px\"><\/picture><\/figure>\n<p><\/a><\/div>\n<\/div>\n<\/article>\n<h2 class>Datos curiosos sobre Mirtha Legrand, la diva de la televisi\u00f3n argentina<\/h2>\n<ul>\n<li><span>Con este nuevo cumplea\u00f1os, Mirtha est\u00e1 a tan solo 4 a\u00f1os de llegar a los 100.<\/span><\/li>\n<li><span>Cuando Mirtha Legrand naci\u00f3 hab\u00edan pasado solamente <b>77 a\u00f1os<\/b> desde la muerte de <b>San Mart\u00edn.<\/b><\/span><\/li>\n<li><span>El primer mundial de f\u00fatbol se jug\u00f3 en <b>1930, solamente<\/b> <b>3 a\u00f1os<\/b> despu\u00e9s de que naciera.<\/span><\/li>\n<li><span><b>Plut\u00f3n<\/b> todav\u00eda no hab\u00eda sido descubierto al momento de su nacimiento.<\/span><\/li>\n<li><span>Para cuando <b>Mickey Mouse<\/b> fue dibujado por <b>Walt Disney, Mirtha<\/b> ya ten\u00eda 3 a\u00f1os.<\/span><\/li>\n<li><span>A lo largo de su vida, utiliz\u00f3 los todos los tipos de monedas que tuvo la <b>Rep\u00fablica Argentina<\/b> en su historia.<\/span><\/li>\n<li><span>La \u00faltima pel\u00edcula en la que particip\u00f3 fue en <b>1965,<\/b> pero su \u00faltima actuaci\u00f3n en una serie o novela fue en <b>2012<\/b> en <b>\u201cLa Due\u00f1a\u201d.<\/b><\/span><\/li>\n<li><span>Durante su vida conoci\u00f3<b> 36 de los 50<\/b> presidentes que hubo en Argentina desde <b>Rivadavia<\/b> en adelante.<\/span><\/li>\n<li><span><a href=\"https:\/\/viapais.com.ar\/rosario\/celia-cuccittini-le-regalo-a-mirtha-legrand-una-camiseta-de-lionel-messi\/\" target=\"_blank\" rel=\"noopener\"><b>La mam\u00e1 de Lionel Messi le regal\u00f3 a Mirtha la camiseta que us\u00f3 el futbolista <\/b><\/a>y que est\u00e1 autografiada por \u00e9l mismo. Sin embargo, la diva decidi\u00f3 usarla para un fin ben\u00e9fico: \u201cLa vamos a rematar, es todo para el Hospital\u201d, explic\u00f3 Legrand haciendo referencia al hospital Materno Infantil Victorio Tetamanti.<\/span><\/li>\n<\/ul>\n<\/section>\n<div class=\"noreadme-audima\">\n<h2>Temas Relacionados<\/h2>\n<\/div>\n","protected":false},"excerpt":{"rendered":"<p>Este jueves hay un motivo para celebrar y es que Mirtha Legrand cumple 96 a\u00f1os. La actriz y conductora de los legendarios almuerzos naci\u00f3 el 23 de febrero de 1927 en Villa Ca\u00f1as, ciudad de la provincia de Santa Fe. La cuarentena de Mirtha Legrand: sus d\u00edas de soledad y tristeza tras la muerte de [&hellip;]<\/p>\n","protected":false},"author":1,"featured_media":1471,"comment_status":"closed","ping_status":"closed","sticky":false,"template":"","format":"standard","meta":[],"categories":[15],"tags":[],"_links":{"self":[{"href":"https:\/\/latecordoba.com\/index.php\/wp-json\/wp\/v2\/posts\/1470"}],"collection":[{"href":"https:\/\/latecordoba.com\/index.php\/wp-json\/wp\/v2\/posts"}],"about":[{"href":"https:\/\/latecordoba.com\/index.php\/wp-json\/wp\/v2\/types\/post"}],"author":[{"embeddable":true,"href":"https:\/\/latecordoba.com\/index.php\/wp-json\/wp\/v2\/users\/1"}],"replies":[{"embeddable":true,"href":"https:\/\/latecordoba.com\/index.php\/wp-json\/wp\/v2\/comments?post=1470"}],"version-history":[{"count":0,"href":"https:\/\/latecordoba.com\/index.php\/wp-json\/wp\/v2\/posts\/1470\/revisions"}],"wp:featuredmedia":[{"embeddable":true,"href":"https:\/\/latecordoba.com\/index.php\/wp-json\/wp\/v2\/media\/1471"}],"wp:attachment":[{"href":"https:\/\/latecordoba.com\/index.php\/wp-json\/wp\/v2\/media?parent=1470"}],"wp:term":[{"taxonomy":"category","embeddable":true,"href":"https:\/\/latecordoba.com\/index.php\/wp-json\/wp\/v2\/categories?post=1470"},{"taxonomy":"post_tag","embeddable":true,"href":"https:\/\/latecordoba.com\/index.php\/wp-json\/wp\/v2\/tags?post=1470"}],"curies":[{"name":"wp","href":"https:\/\/api.w.org\/{rel}","templated":true}]}}