{"id":1458,"date":"2023-02-16T17:40:58","date_gmt":"2023-02-16T17:40:58","guid":{"rendered":"https:\/\/ar.marca.com\/claro\/futbol\/boca-juniors\/2023\/02\/16\/63ee6864268e3e8b3d8b45dc.html"},"modified":"2023-02-16T17:40:58","modified_gmt":"2023-02-16T17:40:58","slug":"riquelme-respaldo-a-ibarra-y-deseo-que-sea-el-tecnico-de-boca-por-20-anos","status":"publish","type":"post","link":"https:\/\/latecordoba.com\/index.php\/2023\/02\/16\/riquelme-respaldo-a-ibarra-y-deseo-que-sea-el-tecnico-de-boca-por-20-anos\/","title":{"rendered":"Riquelme respald\u00f3 a Ibarra y dese\u00f3 que &#8220;sea el t\u00e9cnico de Boca por 20 a\u00f1os&#8221;"},"content":{"rendered":"\n<div class=\"media_block\"><a href=\"http:\/\/latecordoba.com\/wp-content\/uploads\/2023\/02\/riquelme-respaldo-a-ibarra-y-deseo-que-sea-el-tecnico-de-boca-por-20-anos-1.jpg\"><img decoding=\"async\" src=\"http:\/\/latecordoba.com\/wp-content\/uploads\/2023\/02\/riquelme-respaldo-a-ibarra-y-deseo-que-sea-el-tecnico-de-boca-por-20-anos.jpg\" class=\"media_thumbnail\"><\/a><\/div>\n<p><h2 class=\"section-title-group izquierda\"><span class=\"section-type\">Boca Juniors<\/span>&nbsp;<span class=\"subsection-type\">Tambi\u00e9n se refiri\u00f3 a la clausura de una tribuna y asegur\u00f3 que &#8220;est\u00e1 todo en regla&#8221;<\/span><\/h2>\n<\/p>\n<div readability=\"63.612728310502\">\n<figure class=\"multimedia-item image\"><img decoding=\"async\" src=\"http:\/\/latecordoba.com\/wp-content\/uploads\/2023\/02\/riquelme-respaldo-a-ibarra-y-deseo-que-sea-el-tecnico-de-boca-por-20-anos-1.jpg\" class=\"full-image\"><\/figure>\n<aside class=\"aside-tools byline-tools\"><\/aside>\n<p><strong>El vicepresidente de Boca, Juan Rom\u00e1n Riquelme, respald\u00f3 hoy al entrenador Hugo Ibarra y dese\u00f3 que sea el t\u00e9cnico del elenco de La Ribera &#8220;por 20 a\u00f1os&#8221;,<\/strong> . Se lo vio relajado y firme en sus convicciones. <\/p>\n<p>&#8220;<strong>Nos toc\u00f3 jugar con Racing y los tres partidos de Liga. Yo pienso muchas veces como jugador de f\u00fatbol y a m\u00ed me costaba mucho volver despu\u00e9s de tres meses. Hubo un parate largo con el tema del Mundial. Miro todos los partidos y creo que todo el f\u00fatbol argentino est\u00e1 sufriendo el parate<\/strong>&#8220;, consider\u00f3 Riquelme en rueda de prensa.<\/p>\n<p>Y agreg\u00f3:<strong> &#8220;El primer tiempo con Central C\u00f3rdoba fue bueno, pero el segundo no. Con Tucum\u00e1n hemos tenido momentos buenos y otros que no. Pero es lo que nos va a pasar hasta que encontremos el ritmo normal que tiene que encontrar el jugador de f\u00fatbol. Tenemos plantel para jugar mucho mejor&#8221;.<\/strong><\/p>\n<p>En cuanto a Ibarra, expres\u00f3: &#8220;<strong>Van tres partidos reci\u00e9n. Tenemos en claro que cada partido que jugamos se analiza mucho m\u00e1s que el del resto. Igual que los problemas. El hincha lo tiene claro.<\/strong> Estamos contentos porque en estos tres a\u00f1os hemos ganado tres t\u00edtulos y competido muy bien. Tenemos un entrenador en el que confiamos&#8221;.<\/p>\n<p><strong>&#8220;Queremos jugar mejor y no tengo dudas de que lo vamos a hacer porque estos jugadores se acostumbraron a eso<\/strong>, les gusta competir&#8221;, continu\u00f3 el ex enganche.<\/p>\n<p>En esa l\u00ednea, Riquelme a\u00f1adi\u00f3: &#8220;<strong>Ojal\u00e1 que Ibarra sea el t\u00e9cnico por 20 a\u00f1os y ojal\u00e1 que yo me pueda quedar en el club 20 a\u00f1os.<\/strong> Est\u00e1 contento, esta es su casa y disfruta estar d\u00eda a d\u00eda ac\u00e1. Confiamos en el cuerpo t\u00e9cnico y los jugadores, y no tengo dudas que vamos a competir todo el a\u00f1o&#8221;.<\/p>\n<aside class=\"related-tags\"><\/aside>\n<\/div>\n","protected":false},"excerpt":{"rendered":"\n<div class=\"media_block\"><a href=\"http:\/\/latecordoba.com\/wp-content\/uploads\/2023\/02\/riquelme-respaldo-a-ibarra-y-deseo-que-sea-el-tecnico-de-boca-por-20-anos-1.jpg\"><img decoding=\"async\" src=\"http:\/\/latecordoba.com\/wp-content\/uploads\/2023\/02\/riquelme-respaldo-a-ibarra-y-deseo-que-sea-el-tecnico-de-boca-por-20-anos.jpg\" class=\"media_thumbnail\"><\/a><\/div>\n<p>&nbsp;<a href=\"https:\/\/ar.marca.com\/claro\/futbol\/boca-juniors\/2023\/02\/16\/63ee6864268e3e8b3d8b45dc.html\"> Leer <\/a><img decoding=\"async\" src=\"http:\/\/latecordoba.com\/wp-content\/uploads\/2023\/02\/riquelme-respaldo-a-ibarra-y-deseo-que-sea-el-tecnico-de-boca-por-20-anos.gif\" alt=\"\"\/> <\/p>\n","protected":false},"author":1,"featured_media":1459,"comment_status":"closed","ping_status":"closed","sticky":false,"template":"","format":"standard","meta":[],"categories":[17],"tags":[],"_links":{"self":[{"href":"https:\/\/latecordoba.com\/index.php\/wp-json\/wp\/v2\/posts\/1458"}],"collection":[{"href":"https:\/\/latecordoba.com\/index.php\/wp-json\/wp\/v2\/posts"}],"about":[{"href":"https:\/\/latecordoba.com\/index.php\/wp-json\/wp\/v2\/types\/post"}],"author":[{"embeddable":true,"href":"https:\/\/latecordoba.com\/index.php\/wp-json\/wp\/v2\/users\/1"}],"replies":[{"embeddable":true,"href":"https:\/\/latecordoba.com\/index.php\/wp-json\/wp\/v2\/comments?post=1458"}],"version-history":[{"count":0,"href":"https:\/\/latecordoba.com\/index.php\/wp-json\/wp\/v2\/posts\/1458\/revisions"}],"wp:featuredmedia":[{"embeddable":true,"href":"https:\/\/latecordoba.com\/index.php\/wp-json\/wp\/v2\/media\/1459"}],"wp:attachment":[{"href":"https:\/\/latecordoba.com\/index.php\/wp-json\/wp\/v2\/media?parent=1458"}],"wp:term":[{"taxonomy":"category","embeddable":true,"href":"https:\/\/latecordoba.com\/index.php\/wp-json\/wp\/v2\/categories?post=1458"},{"taxonomy":"post_tag","embeddable":true,"href":"https:\/\/latecordoba.com\/index.php\/wp-json\/wp\/v2\/tags?post=1458"}],"curies":[{"name":"wp","href":"https:\/\/api.w.org\/{rel}","templated":true}]}}