{"id":1456,"date":"2023-02-16T17:55:47","date_gmt":"2023-02-16T17:55:47","guid":{"rendered":"https:\/\/ar.marca.com\/claro\/futbol\/boca-juniors\/2023\/02\/16\/63ee6d29268e3ef27a8b45e1.html"},"modified":"2023-02-16T17:55:47","modified_gmt":"2023-02-16T17:55:47","slug":"riquelme-y-la-importancia-de-la-bombonera-para-el-hincha","status":"publish","type":"post","link":"https:\/\/latecordoba.com\/index.php\/2023\/02\/16\/riquelme-y-la-importancia-de-la-bombonera-para-el-hincha\/","title":{"rendered":"Riquelme y la importancia de la Bombonera para el hincha"},"content":{"rendered":"\n<div class=\"media_block\"><a href=\"http:\/\/latecordoba.com\/wp-content\/uploads\/2023\/02\/riquelme-y-la-importancia-de-la-bombonera-para-el-hincha-1.jpg\"><img decoding=\"async\" src=\"http:\/\/latecordoba.com\/wp-content\/uploads\/2023\/02\/riquelme-y-la-importancia-de-la-bombonera-para-el-hincha.jpg\" class=\"media_thumbnail\"><\/a><\/div>\n<p><h2 class=\"section-title-group izquierda\"><span class=\"section-type\">Boca Juniors<\/span>&nbsp;<span class=\"subsection-type\">El vicepresidente se mostr\u00f3 molesto con la fiscal Celsa Ram\u00edrez<\/span><\/h2>\n<\/p>\n<div readability=\"61.37610619469\">\n<figure class=\"multimedia-item image\"><img decoding=\"async\" src=\"http:\/\/latecordoba.com\/wp-content\/uploads\/2023\/02\/riquelme-y-la-importancia-de-la-bombonera-para-el-hincha-1.jpg\" class=\"full-image\"><\/figure>\n<aside class=\"aside-tools byline-tools\"><\/aside>\n<p><strong>La clasura parcial de una de las tribunas de la Bombonera<\/strong> ha sido tema de discusi\u00f3n en estas \u00faltimas semanas. La decisi\u00f3n tomada por Celsa Ram\u00edrez, fiscal de la causa, gener\u00f3 malestar en los hinchas, como tambi\u00e9n en<strong> Juan Rom\u00e1n Riquelme, que opin\u00f3 al respecto. <\/strong><\/p>\n<p><strong>&#8220;Habr\u00eda que preguntarle a la se\u00f1ora (la fiscal Celsa Ram\u00edrez) de qu\u00e9 cuadro es, qu\u00e9 se yo&#8230; Es la misma que le hizo declarar a mi hijo, me parece. Habr\u00eda que ver ahora. Sabemos que est\u00e1 todo en regla. Esta tarde se le presentar\u00e1n las cosas y ojal\u00e1 que trabaje hasta el s\u00e1bado y que nos habilite la cancha como tiene que ser<\/strong>&#8220;, remarc\u00f3 el vicepresidente del &#8220;Xeneize&#8221;.<\/p>\n<blockquote class=\"twitter-tweet\" readability=\"8.2813688212928\">\n<p lang=\"es\" dir=\"ltr\">&#8220;LA CANCHA EST\u00c1 LINDA. HABR\u00cdA QUE PREGUNTARLE A LA SE\u00d1ORA DE QUE CUADRO ES&#8230;&#8221;, Juan Rom\u00e1n Riquelme se refiri\u00f3 a la clausura de una de las tribunas de La Bombonera.<a href=\"https:\/\/twitter.com\/ESPNFutbolArg?ref_src=twsrc%5Etfw\">@ESPNFutbolArg<\/a> | <a href=\"https:\/\/twitter.com\/hashtag\/ESPNF12?src=hash&amp;ref_src=twsrc%5Etfw\">#ESPNF12<\/a><a href=\"https:\/\/t.co\/8cPUllM8Yy\">pic.twitter.com\/8cPUllM8Yy<\/a><\/p>\n<p>? SportsCenter (@SC_ESPN) <a href=\"https:\/\/twitter.com\/SC_ESPN\/status\/1626250571526324224?ref_src=twsrc%5Etfw\">February 16, 2023<\/a><\/p>\n<\/blockquote>\n<p>Por otor lado, agreg\u00f3<strong>: &#8220;Para el hincha de Boca es muy importante ir el domingo a la cancha porque es una fiesta, se olvida de todos los problemas, va a alentar a su club y a vivir una fiesta.<\/strong> Le pido a la se\u00f1ora que deje que los hinchas vayan a disfrutar de un espect\u00e1culo, de estar en su casa, porque los hinchas del club son los due\u00f1os de nuestra casa&#8221;.<\/p>\n<p>En la misma l\u00ednea, habl\u00f3 sobre Palermo y la vuelta a la Bombonera, su casa. <strong>&#8220;A Palermo se lo recibir\u00e1 como se merece. Es uno de los \u00eddolos m\u00e1s grandes. Ojal\u00e1 le vaya bien donde est\u00e1, que el domingo podamos ganar. Fui un afortunado de jugar con \u00e9l <\/strong>y nos dio muchas alegr\u00edas, como jugador e hincha. El domingo disfrutar\u00e1 de volver a su casa&#8221;<\/p>\n<aside class=\"related-tags\"><\/aside>\n<\/div>\n","protected":false},"excerpt":{"rendered":"\n<div class=\"media_block\"><a href=\"http:\/\/latecordoba.com\/wp-content\/uploads\/2023\/02\/riquelme-y-la-importancia-de-la-bombonera-para-el-hincha-1.jpg\"><img decoding=\"async\" src=\"http:\/\/latecordoba.com\/wp-content\/uploads\/2023\/02\/riquelme-y-la-importancia-de-la-bombonera-para-el-hincha.jpg\" class=\"media_thumbnail\"><\/a><\/div>\n<p>&nbsp;<a href=\"https:\/\/ar.marca.com\/claro\/futbol\/boca-juniors\/2023\/02\/16\/63ee6d29268e3ef27a8b45e1.html\"> Leer <\/a><img decoding=\"async\" src=\"http:\/\/latecordoba.com\/wp-content\/uploads\/2023\/02\/riquelme-y-la-importancia-de-la-bombonera-para-el-hincha.gif\" alt=\"\"\/> <\/p>\n","protected":false},"author":1,"featured_media":1457,"comment_status":"closed","ping_status":"closed","sticky":false,"template":"","format":"standard","meta":[],"categories":[17],"tags":[],"_links":{"self":[{"href":"https:\/\/latecordoba.com\/index.php\/wp-json\/wp\/v2\/posts\/1456"}],"collection":[{"href":"https:\/\/latecordoba.com\/index.php\/wp-json\/wp\/v2\/posts"}],"about":[{"href":"https:\/\/latecordoba.com\/index.php\/wp-json\/wp\/v2\/types\/post"}],"author":[{"embeddable":true,"href":"https:\/\/latecordoba.com\/index.php\/wp-json\/wp\/v2\/users\/1"}],"replies":[{"embeddable":true,"href":"https:\/\/latecordoba.com\/index.php\/wp-json\/wp\/v2\/comments?post=1456"}],"version-history":[{"count":0,"href":"https:\/\/latecordoba.com\/index.php\/wp-json\/wp\/v2\/posts\/1456\/revisions"}],"wp:featuredmedia":[{"embeddable":true,"href":"https:\/\/latecordoba.com\/index.php\/wp-json\/wp\/v2\/media\/1457"}],"wp:attachment":[{"href":"https:\/\/latecordoba.com\/index.php\/wp-json\/wp\/v2\/media?parent=1456"}],"wp:term":[{"taxonomy":"category","embeddable":true,"href":"https:\/\/latecordoba.com\/index.php\/wp-json\/wp\/v2\/categories?post=1456"},{"taxonomy":"post_tag","embeddable":true,"href":"https:\/\/latecordoba.com\/index.php\/wp-json\/wp\/v2\/tags?post=1456"}],"curies":[{"name":"wp","href":"https:\/\/api.w.org\/{rel}","templated":true}]}}