{"id":1454,"date":"2023-02-16T18:49:51","date_gmt":"2023-02-16T18:49:51","guid":{"rendered":"https:\/\/ar.marca.com\/claro\/futbol\/independiente\/2023\/02\/16\/63ee79e6268e3e7d4f8b45af.html"},"modified":"2023-02-16T18:49:51","modified_gmt":"2023-02-16T18:49:51","slug":"independiente-busca-renovar-otros-tres-contratos-tras-llegar-a-un-acuerdo-con-barreto","status":"publish","type":"post","link":"https:\/\/latecordoba.com\/index.php\/2023\/02\/16\/independiente-busca-renovar-otros-tres-contratos-tras-llegar-a-un-acuerdo-con-barreto\/","title":{"rendered":"Independiente busca renovar otros tres contratos tras llegar a un acuerdo con Barreto"},"content":{"rendered":"\n<div class=\"media_block\"><a href=\"http:\/\/latecordoba.com\/wp-content\/uploads\/2023\/02\/independiente-busca-renovar-otros-tres-contratos-tras-llegar-a-un-acuerdo-con-barreto-1.jpg\"><img decoding=\"async\" src=\"http:\/\/latecordoba.com\/wp-content\/uploads\/2023\/02\/independiente-busca-renovar-otros-tres-contratos-tras-llegar-a-un-acuerdo-con-barreto.jpg\" class=\"media_thumbnail\"><\/a><\/div>\n<p><h2 class=\"section-title-group izquierda\"><span class=\"section-type\">Independiente<\/span>&nbsp;<span class=\"subsection-type\">Tom\u00e1s Pozzo, Rodrigo &#8220;Chila&#8221; M\u00e1rquez y Braian Mart\u00ednez deber\u00e1n arreglar la extensi\u00f3n<\/span><\/h2>\n<\/p>\n<div readability=\"63.515087347803\">\n<figure class=\"multimedia-item image\"><img decoding=\"async\" src=\"http:\/\/latecordoba.com\/wp-content\/uploads\/2023\/02\/independiente-busca-renovar-otros-tres-contratos-tras-llegar-a-un-acuerdo-con-barreto-1.jpg\" class=\"full-image\"><\/figure>\n<aside class=\"aside-tools byline-tools\"><\/aside>\n<p><span class=\"capital-letter\">I<\/span>ndependiente busca renovar los contratos de los futbolistas <strong>Tom\u00e1s Pozzo, Rodrigo &#8220;Chila&#8221; M\u00e1rquez y Braian Mart\u00ednez<\/strong>, que vencen a finales de 2023, luego de llegar a un acuerdo con el defensor <strong>Sergio Barreto.<\/strong><\/p>\n<p>El &#8220;Rojo&#8221; logr\u00f3 la extensi\u00f3n del v\u00ednculo que era prioritario, pero a\u00fan le restan varias negociaciones para evitar que Pozzo, M\u00e1rquez y Mart\u00ednez se vayan libres: <strong>en caso de no arreglar con el club, ser\u00e1n separados del plantel como sucedi\u00f3 d\u00edas atr\u00e1s con el marcador central.<\/strong><\/p>\n<p>&#8220;<strong>La Comisi\u00f3n Directiva del Club Atl\u00e9tico Independiente ha tomado la decisi\u00f3n de fijar un plazo l\u00edmite de negociaciones con aquellos futbolistas que tengan que renovar su v\u00ednculo con la instituci\u00f3n durante el corriente a\u00f1o<\/strong>&#8220;, hab\u00eda indicado el conjunto de Avellaneda en un comunicado.<\/p>\n<p>Y agreg\u00f3: <strong>&#8220;Aquellos jugadores con los que no se pueda arribar a un acuerdo beneficioso para ambas partes que deriven en la extensi\u00f3n del v\u00ednculo contractual que lo une a la instituci\u00f3n, no ser\u00e1n tenidos en cuenta para integrar la formaci\u00f3n del primer equipo&#8221;.<\/strong><\/p>\n<p><strong>&#8220;Consideramos que esta medida es necesaria para resguardad el patrimonio del club y seguiremos trabajando para que Independiente vuelva a ser una entidad seria y confiable<\/strong>&#8220;, cerr\u00f3.<\/p>\n<p>Por ese motivo,<strong> Barreto hab\u00eda sido marginado del primer equipo hasta que finalmente se lleg\u00f3 a un acuerdo de palabra para renovar hasta diciembre de 2024 <\/strong>con una cl\u00e1usula de rescisi\u00f3n de 5 millones de d\u00f3lares.<\/p>\n<p>Con esta noticia, el &#8220;Checho&#8221; podr\u00e1 volver a ser tenido en cuenta por el director t\u00e9cnico<strong> Leandro Stillitano<\/strong> para el partido del pr\u00f3ximo domingo a las 21.30 ante Defensa y Justicia en el Estadio Libertadores de Am\u00e9rica por la cuarta fecha de la Liga Profesional 2023.<\/p>\n<aside class=\"related-tags\"><\/aside>\n<\/div>\n","protected":false},"excerpt":{"rendered":"\n<div class=\"media_block\"><a href=\"http:\/\/latecordoba.com\/wp-content\/uploads\/2023\/02\/independiente-busca-renovar-otros-tres-contratos-tras-llegar-a-un-acuerdo-con-barreto-1.jpg\"><img decoding=\"async\" src=\"http:\/\/latecordoba.com\/wp-content\/uploads\/2023\/02\/independiente-busca-renovar-otros-tres-contratos-tras-llegar-a-un-acuerdo-con-barreto.jpg\" class=\"media_thumbnail\"><\/a><\/div>\n<p>&nbsp;<a href=\"https:\/\/ar.marca.com\/claro\/futbol\/independiente\/2023\/02\/16\/63ee79e6268e3e7d4f8b45af.html\"> Leer <\/a><img decoding=\"async\" src=\"http:\/\/latecordoba.com\/wp-content\/uploads\/2023\/02\/independiente-busca-renovar-otros-tres-contratos-tras-llegar-a-un-acuerdo-con-barreto.gif\" alt=\"\"\/> <\/p>\n","protected":false},"author":1,"featured_media":1455,"comment_status":"closed","ping_status":"closed","sticky":false,"template":"","format":"standard","meta":[],"categories":[17],"tags":[],"_links":{"self":[{"href":"https:\/\/latecordoba.com\/index.php\/wp-json\/wp\/v2\/posts\/1454"}],"collection":[{"href":"https:\/\/latecordoba.com\/index.php\/wp-json\/wp\/v2\/posts"}],"about":[{"href":"https:\/\/latecordoba.com\/index.php\/wp-json\/wp\/v2\/types\/post"}],"author":[{"embeddable":true,"href":"https:\/\/latecordoba.com\/index.php\/wp-json\/wp\/v2\/users\/1"}],"replies":[{"embeddable":true,"href":"https:\/\/latecordoba.com\/index.php\/wp-json\/wp\/v2\/comments?post=1454"}],"version-history":[{"count":0,"href":"https:\/\/latecordoba.com\/index.php\/wp-json\/wp\/v2\/posts\/1454\/revisions"}],"wp:featuredmedia":[{"embeddable":true,"href":"https:\/\/latecordoba.com\/index.php\/wp-json\/wp\/v2\/media\/1455"}],"wp:attachment":[{"href":"https:\/\/latecordoba.com\/index.php\/wp-json\/wp\/v2\/media?parent=1454"}],"wp:term":[{"taxonomy":"category","embeddable":true,"href":"https:\/\/latecordoba.com\/index.php\/wp-json\/wp\/v2\/categories?post=1454"},{"taxonomy":"post_tag","embeddable":true,"href":"https:\/\/latecordoba.com\/index.php\/wp-json\/wp\/v2\/tags?post=1454"}],"curies":[{"name":"wp","href":"https:\/\/api.w.org\/{rel}","templated":true}]}}