{"id":1452,"date":"2023-02-22T18:31:44","date_gmt":"2023-02-22T18:31:44","guid":{"rendered":"https:\/\/www.lapoliticaonline.com\/politica\/alberto-viajo-a-la-antartida-para-abrir-una-corresponsalia-de-telam\/"},"modified":"2023-02-22T18:31:44","modified_gmt":"2023-02-22T18:31:44","slug":"alberto-viajo-a-la-antartida-para-abrir-una-corresponsalia-de-telam","status":"publish","type":"post","link":"https:\/\/latecordoba.com\/index.php\/2023\/02\/22\/alberto-viajo-a-la-antartida-para-abrir-una-corresponsalia-de-telam\/","title":{"rendered":"Alberto viaj\u00f3 a la Ant\u00e1rtida para abrir una corresponsal\u00eda de T\u00e9lam"},"content":{"rendered":"\n<div><img decoding=\"async\" src=\"http:\/\/latecordoba.com\/wp-content\/uploads\/2023\/02\/alberto-viajo-a-la-antartida-para-abrir-una-corresponsalia-de-telam.jpg\" class=\"ff-og-image-inserted\"><\/div>\n<div id=\"vsmcontent\" readability=\"65\">\n<p>Alberto Fern\u00e1ndez brind\u00f3 una cadena nacional desde la Ant\u00e1rtida para anunciar que abrir\u00e1 una corresponsal\u00eda de T\u00e9lam y una sede de la Biblioteca Nacional en el continente blanco.<\/p>\n<p>&#8220;No tiene el verde de la pampa h\u00fameda&#8221;, explic\u00f3 el presidente en su discurso y asegur\u00f3 desde la Base Marambio que &#8220;la Argentina se est\u00e1 moviendo&#8221;.<\/p>\n<p>Alberto dijo que &#8220;la Ant\u00e1rtida debe ser parte de nuestra cotidianeidad&#8221; y que &#8220;Argentina es mirada por el mundo como el s\u00edmbolo de todo lo que podemos lograr juntos&#8221;.<\/p>\n<p><i>Noticia en desarrollo<\/i><\/p>\n<\/div>\n<p><strong>Copyright La Politica Online SA 2023.<\/strong><br \/>Por favor no corte ni pegue en la web nuestras notas, tiene la posibilidad de redistribuirlas usando nuestras herramientas.<\/p>\n","protected":false},"excerpt":{"rendered":"<p> Anunci\u00f3 en cadena nacional que tambi\u00e9n abrir\u00e1 una sede de la Biblioteca Nacional. &#8220;La Argentina se est\u00e1 moviendo&#8221;, dijo.  <\/p>\n","protected":false},"author":1,"featured_media":1453,"comment_status":"closed","ping_status":"closed","sticky":false,"template":"","format":"standard","meta":[],"categories":[18],"tags":[],"_links":{"self":[{"href":"https:\/\/latecordoba.com\/index.php\/wp-json\/wp\/v2\/posts\/1452"}],"collection":[{"href":"https:\/\/latecordoba.com\/index.php\/wp-json\/wp\/v2\/posts"}],"about":[{"href":"https:\/\/latecordoba.com\/index.php\/wp-json\/wp\/v2\/types\/post"}],"author":[{"embeddable":true,"href":"https:\/\/latecordoba.com\/index.php\/wp-json\/wp\/v2\/users\/1"}],"replies":[{"embeddable":true,"href":"https:\/\/latecordoba.com\/index.php\/wp-json\/wp\/v2\/comments?post=1452"}],"version-history":[{"count":0,"href":"https:\/\/latecordoba.com\/index.php\/wp-json\/wp\/v2\/posts\/1452\/revisions"}],"wp:featuredmedia":[{"embeddable":true,"href":"https:\/\/latecordoba.com\/index.php\/wp-json\/wp\/v2\/media\/1453"}],"wp:attachment":[{"href":"https:\/\/latecordoba.com\/index.php\/wp-json\/wp\/v2\/media?parent=1452"}],"wp:term":[{"taxonomy":"category","embeddable":true,"href":"https:\/\/latecordoba.com\/index.php\/wp-json\/wp\/v2\/categories?post=1452"},{"taxonomy":"post_tag","embeddable":true,"href":"https:\/\/latecordoba.com\/index.php\/wp-json\/wp\/v2\/tags?post=1452"}],"curies":[{"name":"wp","href":"https:\/\/api.w.org\/{rel}","templated":true}]}}